{"id":73102,"date":"2025-10-07T08:50:12","date_gmt":"2025-10-07T11:50:12","guid":{"rendered":"https:\/\/www.paranapraia.com.br\/?p=73102"},"modified":"2025-10-07T08:50:14","modified_gmt":"2025-10-07T11:50:14","slug":"reducao-de-riscos-de-desastres-defesa-civil-do-parana-promove-cursos-para-a-populacao","status":"publish","type":"post","link":"https:\/\/www.paranapraia.com.br\/index.php\/2025\/10\/07\/reducao-de-riscos-de-desastres-defesa-civil-do-parana-promove-cursos-para-a-populacao\/","title":{"rendered":"Redu\u00e7\u00e3o de riscos de desastres: Defesa Civil do Paran\u00e1 promove cursos para a popula\u00e7\u00e3o"},"content":{"rendered":"\n<p>Neste m\u00eas, a Defesa Civil do Paran\u00e1 celebra o Dia Internacional para a Redu\u00e7\u00e3o do Risco de Desastres (13 de outubro) com a\u00e7\u00f5es descentralizadas em todo o Estado e um calend\u00e1rio com iniciativas alinhadas \u00e0 data, institu\u00edda pela Organiza\u00e7\u00e3o das Na\u00e7\u00f5es Unidas (ONU) \u2013 o objetivo \u00e9 fortalecer a cultura de preven\u00e7\u00e3o e ampliar o conhecimento sobre riscos e desastres. Para envolver a popula\u00e7\u00e3o paranaense, o \u00f3rg\u00e3o preparou dois cursos abertos a todos os p\u00fablicos.<\/p>\n\n\n\n<p>Os cursos ofertados s\u00e3o \u201cDefesa Civil do Paran\u00e1: estrutura e conceitos b\u00e1sicos\u201d (inscri\u00e7\u00f5es&nbsp;<a href=\"https:\/\/www.ead.pr.gov.br\/login\/index.php\" target=\"_blank\" rel=\"noreferrer noopener\">AQUI<\/a>) e o Curso de Sistema de Comando de Incidentes (inscri\u00e7\u00f5es neste&nbsp;<a href=\"https:\/\/www.escoladedefesacivil.pr.gov.br\/login\/index.php\" target=\"_blank\" rel=\"noreferrer noopener\">LINK<\/a>), ambos iniciados a partir do dia 13.<\/p>\n\n\n\n<p>Paralelamente, a institui\u00e7\u00e3o oferecer\u00e1 cursos internos destinados a servidores, entre eles, Conhecimentos Fundamentais para Gestores Municipais de Prote\u00e7\u00e3o e Defesa Civil (Turma 2 \u2014 2025), Riscos e Desastres: Conhecimentos Fundamentais (Turma 2025) e o Curso Introdut\u00f3rio de Aeronaves Remotamente Pilotadas (Turma III \u2014 2025). Todos os cursos s\u00e3o online.<\/p>\n\n\n\n<p>&#8220;Para construir um Estado mais resiliente, \u00e9 necess\u00e1rio que diversos setores atuem de forma integrada, com o mesmo objetivo, e que a sociedade participe ativamente desse processo. A iniciativa refor\u00e7a o compromisso do Governo do Estado do Paran\u00e1 e da Defesa Civil Estadual em fortalecer a cultura de preven\u00e7\u00e3o e ampliar o conhecimento sobre riscos e desastres em todo o territ\u00f3rio paranaense&#8221;, destaca o porta-voz da Defesa Civil, capit\u00e3o Marcos Vidal. Confira a&nbsp;<a href=\"https:\/\/www.defesacivil.pr.gov.br\/Pagina\/Mes-da-Reducao-de-Risco-de-Desastre\" target=\"_blank\" rel=\"noreferrer noopener\">programa\u00e7\u00e3o completa<\/a>.<\/p>\n\n\n\n<p><strong>LIVES PARA CONSTRUIR RESILI\u00caNCIA<\/strong>&nbsp;\u2013 Al\u00e9m dos cursos, a popula\u00e7\u00e3o tamb\u00e9m poder\u00e1 conhecer mais sobre o trabalho da Defesa Civil por meio de lives que tratam sobre temas variados como: a organiza\u00e7\u00e3o da defesa civil; como \u00e9 feito o monitoramento e o alerta que chega no celular; novidades no programa de voluntariado; a resili\u00eancia, os ODS e a emerg\u00eancia clim\u00e1tica; entre outros assuntos.<\/p>\n\n\n\n<p>A primeira live acontecer\u00e1 nesta quarta-feira (08) e abordar\u00e1 como funciona a Defesa Civil no Paran\u00e1, quem trabalha nela e como s\u00e3o os processos para auxiliar as pessoas atingidas por desastres. Os participantes poder\u00e3o receber certificado. Basta se inscrever neste&nbsp;<a href=\"https:\/\/www.ead.pr.gov.br\/login\/index.php\" target=\"_blank\" rel=\"noreferrer noopener\">LINK<\/a>.<\/p>\n\n\n\n<p>AEN\/PR<\/p>\n","protected":false},"excerpt":{"rendered":"<p>Neste m\u00eas, a Defesa Civil do Paran\u00e1 celebra o Dia Internacional para a Redu\u00e7\u00e3o do Risco de Desastres (13 de outubro) com a\u00e7\u00f5es descentralizadas em todo o Estado e um calend\u00e1rio com iniciativas alinhadas \u00e0 data, institu\u00edda pela Organiza\u00e7\u00e3o das Na\u00e7\u00f5es Unidas (ONU) \u2013 o objetivo \u00e9 fortalecer a cultura de preven\u00e7\u00e3o e ampliar o [&hellip;]<\/p>\n","protected":false},"author":2,"featured_media":73103,"comment_status":"open","ping_status":"open","sticky":false,"template":"","format":"standard","meta":{"advanced_seo_description":"","jetpack_seo_html_title":"","jetpack_seo_noindex":false,"_jetpack_memberships_contains_paid_content":false,"footnotes":""},"categories":[40],"tags":[],"class_list":{"0":"post-73102","1":"post","2":"type-post","3":"status-publish","4":"format-standard","5":"has-post-thumbnail","7":"category-destaques"},"jetpack_featured_media_url":"https:\/\/www.paranapraia.com.br\/wp-content\/uploads\/2025\/10\/captura_de_tela_2025-10-01_145648_0.jpg","jetpack_sharing_enabled":true,"_links":{"self":[{"href":"https:\/\/www.paranapraia.com.br\/index.php\/wp-json\/wp\/v2\/posts\/73102"}],"collection":[{"href":"https:\/\/www.paranapraia.com.br\/index.php\/wp-json\/wp\/v2\/posts"}],"about":[{"href":"https:\/\/www.paranapraia.com.br\/index.php\/wp-json\/wp\/v2\/types\/post"}],"author":[{"embeddable":true,"href":"https:\/\/www.paranapraia.com.br\/index.php\/wp-json\/wp\/v2\/users\/2"}],"replies":[{"embeddable":true,"href":"https:\/\/www.paranapraia.com.br\/index.php\/wp-json\/wp\/v2\/comments?post=73102"}],"version-history":[{"count":1,"href":"https:\/\/www.paranapraia.com.br\/index.php\/wp-json\/wp\/v2\/posts\/73102\/revisions"}],"predecessor-version":[{"id":73104,"href":"https:\/\/www.paranapraia.com.br\/index.php\/wp-json\/wp\/v2\/posts\/73102\/revisions\/73104"}],"wp:featuredmedia":[{"embeddable":true,"href":"https:\/\/www.paranapraia.com.br\/index.php\/wp-json\/wp\/v2\/media\/73103"}],"wp:attachment":[{"href":"https:\/\/www.paranapraia.com.br\/index.php\/wp-json\/wp\/v2\/media?parent=73102"}],"wp:term":[{"taxonomy":"category","embeddable":true,"href":"https:\/\/www.paranapraia.com.br\/index.php\/wp-json\/wp\/v2\/categories?post=73102"},{"taxonomy":"post_tag","embeddable":true,"href":"https:\/\/www.paranapraia.com.br\/index.php\/wp-json\/wp\/v2\/tags?post=73102"}],"curies":[{"name":"wp","href":"https:\/\/api.w.org\/{rel}","templated":true}]}}