{"id":73090,"date":"2025-10-06T16:15:34","date_gmt":"2025-10-06T19:15:34","guid":{"rendered":"https:\/\/www.paranapraia.com.br\/?p=73090"},"modified":"2025-10-06T16:15:37","modified_gmt":"2025-10-06T19:15:37","slug":"prefeito-adriano-ramos-entrega-chave-da-cidade-no-21o-congresso-religioso-da-assembleia-de-deus-e-destaca-fortalecimento-da-fe","status":"publish","type":"post","link":"https:\/\/www.paranapraia.com.br\/index.php\/2025\/10\/06\/prefeito-adriano-ramos-entrega-chave-da-cidade-no-21o-congresso-religioso-da-assembleia-de-deus-e-destaca-fortalecimento-da-fe\/","title":{"rendered":"Prefeito Adriano Ramos entrega chave da cidade no 21\u00ba Congresso religioso da Assembleia de Deus e destaca fortalecimento da f\u00e9"},"content":{"rendered":"\n<p>O prefeito de Paranagu\u00e1, Adriano Ramos, marcou presen\u00e7a na noite de domingo dia 5, no 21\u00ba Congresso Internacional de Evangelismo e Miss\u00f5es, realizado em frente \u00e0 Arena Albertina Salmon. Em um gesto simb\u00f3lico, ele entregou a chave da cidade ao pastor Reginaldo Alves, presidente da Assembleia de Deu em Paranagu\u00e1, refor\u00e7ando o apoio da administra\u00e7\u00e3o municipal ao evento religioso, que atrai milhares de fi\u00e9is anualmente.<\/p>\n\n\n\n<p>\u201cEsse congresso, que j\u00e1 est\u00e1 na 21\u00aa edi\u00e7\u00e3o, tem um papel transformador. Ele converte vidas e fortalece espiritualmente as pessoas para enfrentarem os desafios do dia a dia\u201d, afirmou o prefeito. Ele destacou ainda, que a homenagem com a chave da cidade simboliza o reconhecimento do Poder P\u00fablico ao trabalho evangel\u00edstico e ao impacto social da iniciativa.<\/p>\n\n\n\n<p>O pastor Reginaldo Alves agradeceu a presen\u00e7a do prefeito e ressaltou a import\u00e2ncia do Congresso para a comunidade. \u201cEstamos felizes por receb\u00ea-lo aqui. H\u00e1 21 anos, este evento semeia f\u00e9 e esperan\u00e7a e cremos que Deus far\u00e1 grandes coisas nesta edi\u00e7\u00e3o\u201d, disse. O l\u00edder religioso tamb\u00e9m pediu b\u00ean\u00e7\u00e3os para os gestores municipais.<\/p>\n\n\n\n<p>O congresso, que segue at\u00e9 o pr\u00f3ximo domingo, dia 12, tem em sua programa\u00e7\u00e3o palestras, cultos e atividades mission\u00e1rias, atraindo participantes de v\u00e1rias regi\u00f5es. Para a Prefeitura de Paranagu\u00e1, o apoio a eventos como esse refor\u00e7a o compromisso com a liberdade religiosa e o bem-estar da popula\u00e7\u00e3o, valores que integram as diretrizes da gest\u00e3o municipal.<\/p>\n\n\n\n<p>Al\u00e9m do aspecto espiritual, o evento movimenta a economia local, com o aumento no fluxo de visitantes em hot\u00e9is, restaurantes e com\u00e9rcio. A prefeitura trabalha em parceria para garantir estrutura e seguran\u00e7a durante a programa\u00e7\u00e3o do evento.<\/p>\n\n\n\n<p>Para os organizadores, a presen\u00e7a do prefeito no ato de abertura refor\u00e7a o di\u00e1logo entre Poder P\u00fablico e lideran\u00e7as religiosas, criando pontes para a\u00e7\u00f5es sociais em benef\u00edcio da popula\u00e7\u00e3o. A expectativa \u00e9 que o Congresso continue sendo um marco de f\u00e9 e transforma\u00e7\u00e3o em Paranagu\u00e1.<\/p>\n\n\n\n<p>Prefeitura de Paranagu\u00e1<\/p>\n","protected":false},"excerpt":{"rendered":"<p>O prefeito de Paranagu\u00e1, Adriano Ramos, marcou presen\u00e7a na noite de domingo dia 5, no 21\u00ba Congresso Internacional de Evangelismo e Miss\u00f5es, realizado em frente \u00e0 Arena Albertina Salmon. Em um gesto simb\u00f3lico, ele entregou a chave da cidade ao pastor Reginaldo Alves, presidente da Assembleia de Deu em Paranagu\u00e1, refor\u00e7ando o apoio da administra\u00e7\u00e3o [&hellip;]<\/p>\n","protected":false},"author":2,"featured_media":73091,"comment_status":"open","ping_status":"open","sticky":false,"template":"","format":"standard","meta":{"advanced_seo_description":"","jetpack_seo_html_title":"","jetpack_seo_noindex":false,"_jetpack_memberships_contains_paid_content":false,"footnotes":""},"categories":[77],"tags":[],"class_list":{"0":"post-73090","1":"post","2":"type-post","3":"status-publish","4":"format-standard","5":"has-post-thumbnail","7":"category-paranagua"},"jetpack_featured_media_url":"https:\/\/www.paranapraia.com.br\/wp-content\/uploads\/2025\/10\/19416.jpg","jetpack_sharing_enabled":true,"_links":{"self":[{"href":"https:\/\/www.paranapraia.com.br\/index.php\/wp-json\/wp\/v2\/posts\/73090"}],"collection":[{"href":"https:\/\/www.paranapraia.com.br\/index.php\/wp-json\/wp\/v2\/posts"}],"about":[{"href":"https:\/\/www.paranapraia.com.br\/index.php\/wp-json\/wp\/v2\/types\/post"}],"author":[{"embeddable":true,"href":"https:\/\/www.paranapraia.com.br\/index.php\/wp-json\/wp\/v2\/users\/2"}],"replies":[{"embeddable":true,"href":"https:\/\/www.paranapraia.com.br\/index.php\/wp-json\/wp\/v2\/comments?post=73090"}],"version-history":[{"count":1,"href":"https:\/\/www.paranapraia.com.br\/index.php\/wp-json\/wp\/v2\/posts\/73090\/revisions"}],"predecessor-version":[{"id":73092,"href":"https:\/\/www.paranapraia.com.br\/index.php\/wp-json\/wp\/v2\/posts\/73090\/revisions\/73092"}],"wp:featuredmedia":[{"embeddable":true,"href":"https:\/\/www.paranapraia.com.br\/index.php\/wp-json\/wp\/v2\/media\/73091"}],"wp:attachment":[{"href":"https:\/\/www.paranapraia.com.br\/index.php\/wp-json\/wp\/v2\/media?parent=73090"}],"wp:term":[{"taxonomy":"category","embeddable":true,"href":"https:\/\/www.paranapraia.com.br\/index.php\/wp-json\/wp\/v2\/categories?post=73090"},{"taxonomy":"post_tag","embeddable":true,"href":"https:\/\/www.paranapraia.com.br\/index.php\/wp-json\/wp\/v2\/tags?post=73090"}],"curies":[{"name":"wp","href":"https:\/\/api.w.org\/{rel}","templated":true}]}}