{"id":73074,"date":"2025-10-06T13:49:55","date_gmt":"2025-10-06T16:49:55","guid":{"rendered":"https:\/\/www.paranapraia.com.br\/?p=73074"},"modified":"2025-10-06T13:49:58","modified_gmt":"2025-10-06T16:49:58","slug":"livro-revela-cultura-historia-e-biodiversidade-do-litoral-do-parana","status":"publish","type":"post","link":"https:\/\/www.paranapraia.com.br\/index.php\/2025\/10\/06\/livro-revela-cultura-historia-e-biodiversidade-do-litoral-do-parana\/","title":{"rendered":"Livro revela cultura, hist\u00f3ria e biodiversidade do litoral do Paran\u00e1"},"content":{"rendered":"\n<p>A editora Brasilz\u00e3o lan\u00e7ou na \u00faltima segunda-feira (29), no Instituto Superior do Litoral do Paran\u00e1 (Isulpar), em Paranagu\u00e1, o livro \u201cLitoral do Paran\u00e1 \u2013 Impress\u00f5es, Cultura e Natureza\u201d. Com textos da jornalista Maria Celeste Corr\u00eaa e fotografias de Zig Koch, a obra de 144 p\u00e1ginas re\u00fane hist\u00f3ria, cultura, biodiversidade e mem\u00f3rias da regi\u00e3o litor\u00e2nea, trazendo registros atuais e hist\u00f3ricos.<\/p>\n\n\n\n<p>Elaborado ao longo de dois anos de pesquisas e documenta\u00e7\u00e3o, o livro apresenta a trajet\u00f3ria da ocupa\u00e7\u00e3o, o desenvolvimento econ\u00f4mico e a riqueza cultural dos sete munic\u00edpios do litoral paranaense: Paranagu\u00e1, Matinhos, Guaratuba, Morretes, Antonina, Guaraque\u00e7aba e Pontal do Paran\u00e1. Entre os destaques, est\u00e3o 180 fotografias in\u00e9ditas de Zig Koch e 31 imagens hist\u00f3ricas, al\u00e9m de relatos sobre personagens que marcaram a regi\u00e3o \u2014 artistas, pesquisadores, pol\u00edticos, empreendedores e artes\u00e3os.<br>&#8220;\u00c9 o primeiro livro publicado com esta abordagem e contemplando os sete munic\u00edpios do litoral paranaense. \u00c9 uma obra in\u00e9dita do ponto de vista do foco e da abordagem&#8221;, destaca o fot\u00f3grafo Zig Koch que, ao produzir as imagens, teve a oportunidade de revisitar esta parte t\u00e3o valiosa do Paran\u00e1.<\/p>\n\n\n\n<figure class=\"wp-block-gallery has-nested-images columns-default is-cropped wp-block-gallery-1 is-layout-flex wp-block-gallery-is-layout-flex\">\n<figure class=\"wp-block-image size-large\"><img loading=\"lazy\" decoding=\"async\" width=\"1024\" height=\"681\" data-id=\"73077\" src=\"https:\/\/www.paranapraia.com.br\/wp-content\/uploads\/2025\/10\/1000826239-1024x681.jpg\" alt=\"\" class=\"wp-image-73077\" srcset=\"https:\/\/www.paranapraia.com.br\/wp-content\/uploads\/2025\/10\/1000826239-1024x681.jpg 1024w, https:\/\/www.paranapraia.com.br\/wp-content\/uploads\/2025\/10\/1000826239-300x200.jpg 300w, https:\/\/www.paranapraia.com.br\/wp-content\/uploads\/2025\/10\/1000826239-768x511.jpg 768w, https:\/\/www.paranapraia.com.br\/wp-content\/uploads\/2025\/10\/1000826239-696x463.jpg 696w, https:\/\/www.paranapraia.com.br\/wp-content\/uploads\/2025\/10\/1000826239-1068x711.jpg 1068w, https:\/\/www.paranapraia.com.br\/wp-content\/uploads\/2025\/10\/1000826239.jpg 1500w\" sizes=\"(max-width: 1024px) 100vw, 1024px\" \/><\/figure>\n\n\n\n\n\n<figure class=\"wp-block-image size-large\"><img loading=\"lazy\" decoding=\"async\" width=\"1024\" height=\"683\" data-id=\"73078\" src=\"https:\/\/www.paranapraia.com.br\/wp-content\/uploads\/2025\/10\/1000826237-1-1024x683.jpg\" alt=\"\" class=\"wp-image-73078\" srcset=\"https:\/\/www.paranapraia.com.br\/wp-content\/uploads\/2025\/10\/1000826237-1-1024x683.jpg 1024w, https:\/\/www.paranapraia.com.br\/wp-content\/uploads\/2025\/10\/1000826237-1-300x200.jpg 300w, https:\/\/www.paranapraia.com.br\/wp-content\/uploads\/2025\/10\/1000826237-1-768x513.jpg 768w, https:\/\/www.paranapraia.com.br\/wp-content\/uploads\/2025\/10\/1000826237-1-696x464.jpg 696w, https:\/\/www.paranapraia.com.br\/wp-content\/uploads\/2025\/10\/1000826237-1-1068x713.jpg 1068w, https:\/\/www.paranapraia.com.br\/wp-content\/uploads\/2025\/10\/1000826237-1.jpg 1500w\" sizes=\"(max-width: 1024px) 100vw, 1024px\" \/><\/figure>\n\n\n\n<figure class=\"wp-block-image size-large\"><img loading=\"lazy\" decoding=\"async\" width=\"1024\" height=\"683\" data-id=\"73079\" src=\"https:\/\/www.paranapraia.com.br\/wp-content\/uploads\/2025\/10\/1000826242-1024x683.jpg\" alt=\"\" class=\"wp-image-73079\" srcset=\"https:\/\/www.paranapraia.com.br\/wp-content\/uploads\/2025\/10\/1000826242-1024x683.jpg 1024w, https:\/\/www.paranapraia.com.br\/wp-content\/uploads\/2025\/10\/1000826242-300x200.jpg 300w, https:\/\/www.paranapraia.com.br\/wp-content\/uploads\/2025\/10\/1000826242-768x512.jpg 768w, https:\/\/www.paranapraia.com.br\/wp-content\/uploads\/2025\/10\/1000826242-696x464.jpg 696w, https:\/\/www.paranapraia.com.br\/wp-content\/uploads\/2025\/10\/1000826242-1068x712.jpg 1068w, https:\/\/www.paranapraia.com.br\/wp-content\/uploads\/2025\/10\/1000826242.jpg 1500w\" sizes=\"(max-width: 1024px) 100vw, 1024px\" \/><\/figure>\n\n\n\n<figure class=\"wp-block-image size-large\"><img loading=\"lazy\" decoding=\"async\" width=\"1024\" height=\"768\" data-id=\"73081\" src=\"https:\/\/www.paranapraia.com.br\/wp-content\/uploads\/2025\/10\/1000826241-1024x768.jpg\" alt=\"\" class=\"wp-image-73081\" srcset=\"https:\/\/www.paranapraia.com.br\/wp-content\/uploads\/2025\/10\/1000826241-1024x768.jpg 1024w, https:\/\/www.paranapraia.com.br\/wp-content\/uploads\/2025\/10\/1000826241-300x225.jpg 300w, https:\/\/www.paranapraia.com.br\/wp-content\/uploads\/2025\/10\/1000826241-768x576.jpg 768w, https:\/\/www.paranapraia.com.br\/wp-content\/uploads\/2025\/10\/1000826241-696x522.jpg 696w, https:\/\/www.paranapraia.com.br\/wp-content\/uploads\/2025\/10\/1000826241-1068x801.jpg 1068w, https:\/\/www.paranapraia.com.br\/wp-content\/uploads\/2025\/10\/1000826241.jpg 1500w\" sizes=\"(max-width: 1024px) 100vw, 1024px\" \/><figcaption class=\"wp-element-caption\">default<\/figcaption><\/figure>\n\n\n\n<figure class=\"wp-block-image size-large\"><img loading=\"lazy\" decoding=\"async\" width=\"1024\" height=\"683\" data-id=\"73080\" src=\"https:\/\/www.paranapraia.com.br\/wp-content\/uploads\/2025\/10\/1000826240-1024x683.jpg\" alt=\"\" class=\"wp-image-73080\" srcset=\"https:\/\/www.paranapraia.com.br\/wp-content\/uploads\/2025\/10\/1000826240-1024x683.jpg 1024w, https:\/\/www.paranapraia.com.br\/wp-content\/uploads\/2025\/10\/1000826240-300x200.jpg 300w, https:\/\/www.paranapraia.com.br\/wp-content\/uploads\/2025\/10\/1000826240-768x512.jpg 768w, https:\/\/www.paranapraia.com.br\/wp-content\/uploads\/2025\/10\/1000826240-696x464.jpg 696w, https:\/\/www.paranapraia.com.br\/wp-content\/uploads\/2025\/10\/1000826240-1068x712.jpg 1068w, https:\/\/www.paranapraia.com.br\/wp-content\/uploads\/2025\/10\/1000826240.jpg 1500w\" sizes=\"(max-width: 1024px) 100vw, 1024px\" \/><\/figure>\n\n\n\n<figure class=\"wp-block-image size-large\"><img loading=\"lazy\" decoding=\"async\" width=\"1024\" height=\"768\" data-id=\"73082\" src=\"https:\/\/www.paranapraia.com.br\/wp-content\/uploads\/2025\/10\/1000826233-1024x768.jpg\" alt=\"\" class=\"wp-image-73082\" srcset=\"https:\/\/www.paranapraia.com.br\/wp-content\/uploads\/2025\/10\/1000826233-1024x768.jpg 1024w, https:\/\/www.paranapraia.com.br\/wp-content\/uploads\/2025\/10\/1000826233-300x225.jpg 300w, https:\/\/www.paranapraia.com.br\/wp-content\/uploads\/2025\/10\/1000826233-768x576.jpg 768w, https:\/\/www.paranapraia.com.br\/wp-content\/uploads\/2025\/10\/1000826233-696x522.jpg 696w, https:\/\/www.paranapraia.com.br\/wp-content\/uploads\/2025\/10\/1000826233-1068x801.jpg 1068w, https:\/\/www.paranapraia.com.br\/wp-content\/uploads\/2025\/10\/1000826233.jpg 1500w\" sizes=\"(max-width: 1024px) 100vw, 1024px\" \/><figcaption class=\"wp-element-caption\">default<\/figcaption><\/figure>\n\n\n\n<figure class=\"wp-block-image size-large\"><img loading=\"lazy\" decoding=\"async\" width=\"1024\" height=\"680\" data-id=\"73083\" src=\"https:\/\/www.paranapraia.com.br\/wp-content\/uploads\/2025\/10\/1000826235-1024x680.jpg\" alt=\"\" class=\"wp-image-73083\" srcset=\"https:\/\/www.paranapraia.com.br\/wp-content\/uploads\/2025\/10\/1000826235-1024x680.jpg 1024w, https:\/\/www.paranapraia.com.br\/wp-content\/uploads\/2025\/10\/1000826235-300x199.jpg 300w, https:\/\/www.paranapraia.com.br\/wp-content\/uploads\/2025\/10\/1000826235-768x510.jpg 768w, https:\/\/www.paranapraia.com.br\/wp-content\/uploads\/2025\/10\/1000826235-696x462.jpg 696w, https:\/\/www.paranapraia.com.br\/wp-content\/uploads\/2025\/10\/1000826235-1068x709.jpg 1068w, https:\/\/www.paranapraia.com.br\/wp-content\/uploads\/2025\/10\/1000826235.jpg 1500w\" sizes=\"(max-width: 1024px) 100vw, 1024px\" \/><\/figure>\n\n\n\n<figure class=\"wp-block-image size-large\"><img loading=\"lazy\" decoding=\"async\" width=\"1024\" height=\"683\" data-id=\"73084\" src=\"https:\/\/www.paranapraia.com.br\/wp-content\/uploads\/2025\/10\/1000826234-1024x683.jpg\" alt=\"\" class=\"wp-image-73084\" srcset=\"https:\/\/www.paranapraia.com.br\/wp-content\/uploads\/2025\/10\/1000826234-1024x683.jpg 1024w, https:\/\/www.paranapraia.com.br\/wp-content\/uploads\/2025\/10\/1000826234-300x200.jpg 300w, https:\/\/www.paranapraia.com.br\/wp-content\/uploads\/2025\/10\/1000826234-768x512.jpg 768w, https:\/\/www.paranapraia.com.br\/wp-content\/uploads\/2025\/10\/1000826234-696x464.jpg 696w, https:\/\/www.paranapraia.com.br\/wp-content\/uploads\/2025\/10\/1000826234-1068x712.jpg 1068w, https:\/\/www.paranapraia.com.br\/wp-content\/uploads\/2025\/10\/1000826234.jpg 1500w\" sizes=\"(max-width: 1024px) 100vw, 1024px\" \/><\/figure>\n<\/figure>\n\n\n\n<p>O evento de lan\u00e7amento contou com a presen\u00e7a do editor F\u00e1bio Brito, respons\u00e1vel pela concep\u00e7\u00e3o do projeto; do professor Frederico Pereira Brandini, presidente do Conselho da Associa\u00e7\u00e3o MarBrasil; e do bi\u00f3logo Ariel Scheffer da Silva, autor do texto de introdu\u00e7\u00e3o. A noite foi marcada ainda pela apresenta\u00e7\u00e3o do grupo Meninos Fandangueiros, liderado pelo mestre Aorelio Domingues, refer\u00eancia na cultura cai\u00e7ara, personalidade, inclusive, citada no livro.<\/p>\n\n\n\n<p>&#8220;Tenho dedicado minha vida ao estudo dos oceanos. A conserva\u00e7\u00e3o da Zona Costeira e Marinha come\u00e7a em terra e depende tamb\u00e9m das comunidades litor\u00e2neas. Assim, levando informa\u00e7\u00e3o e conhecimento, esperamos que este livro colabore no esfor\u00e7o da conserva\u00e7\u00e3o,&#8221; salienta o professor Frederico Brandini.<\/p>\n\n\n\n<p>Apesar de sua faixa litor\u00e2nea ter apenas 107 quil\u00f4metros de extens\u00e3o, a costa paranaense alcan\u00e7a 1.400 quil\u00f4metros quando somados recortes, estu\u00e1rios e ilhas. Parte dessa \u00e1rea \u00e9 formada por ambientes de Mata Atl\u00e2ntica e Serra do Mar, abrigando grande diversidade biol\u00f3gica e importantes unidades de conserva\u00e7\u00e3o. O livro tamb\u00e9m destaca os povos sambaquis, habitantes de mais de seis mil anos atr\u00e1s que deixaram registros arqueol\u00f3gicos fundamentais para a compreens\u00e3o da hist\u00f3ria da regi\u00e3o.<\/p>\n\n\n\n<p>&#8220;O Paran\u00e1 nasceu no litoral, regi\u00e3o de incr\u00edvel diversidade cultural, riqueza ambiental e import\u00e2ncia hist\u00f3rica. Desejamos que este livro revele a seus moradores que eles t\u00eam muitos motivos para se orgulhar de sua terra. Somente quem ama o seu lugar vai querer proteg\u00ea-lo&#8221;, defende a autora Maria Celeste Corr\u00eaa.<\/p>\n\n\n\n<p>Com edi\u00e7\u00e3o pensada para o p\u00fablico escolar, a primeira tiragem de 1.930 exemplares n\u00e3o ser\u00e1 comercializada, mas doada a escolas p\u00fablicas e institui\u00e7\u00f5es dos sete munic\u00edpios litor\u00e2neos, incentivando a valoriza\u00e7\u00e3o da cultura local desde a inf\u00e2ncia.<\/p>\n\n\n\n<p>&#8220;Todas as iniciativas voltadas \u00e0 educa\u00e7\u00e3o e \u00e0 forma\u00e7\u00e3o das crian\u00e7as e dos jovens representam a oportunidade de um futuro melhor para todos. Por isso, a distribui\u00e7\u00e3o dos livros tem foco especial nas escolas p\u00fablicas e demais institui\u00e7\u00f5es educacionais e culturais&#8221;, enfatiza F\u00e1bio Brito.<\/p>\n\n\n\n<p>Sobre os autores<br>Maria Celeste Corr\u00eaa \u00e9 jornalista e escritora, autora de uma dezena de livros voltados \u00e0s \u00e1reas de meio ambiente, hist\u00f3ria, educa\u00e7\u00e3o e cultura. Vencedora do Pr\u00eamio L\u00edbero Badar\u00f3 de Jornalismo (1989), foi finalista do Pr\u00eamio Jabuti (2012). \u00c9 tamb\u00e9m curadora e assina a produ\u00e7\u00e3o de conte\u00fado de diversos museus, com destaque para Museu Planeta \u00c1gua e Memorial da Seguran\u00e7a no Transporte, ambos em Curitiba, e Museu Nacional de Imigra\u00e7\u00e3o e Coloniza\u00e7\u00e3o, localizado na cidade catarinense de Joinville.<\/p>\n\n\n\n<p>Formado em Arquitetura e Urbanismo, o fot\u00f3grafo Zig Koch atua desde 1986, com foco em fotografia de natureza e turismo, documental e de comunidades tradicionais. \u00c9 autor das imagens de 21 livros, com 10 obras publicadas por seu selo editorial Olhar Brasileiro. Assina 22 exposi\u00e7\u00f5es fotogr\u00e1ficas, sendo cinco delas internacionais.&nbsp;&nbsp;<\/p>\n\n\n\n<p>Assessoria<\/p>\n\n\n\n<p><\/p>\n","protected":false},"excerpt":{"rendered":"<p>A editora Brasilz\u00e3o lan\u00e7ou na \u00faltima segunda-feira (29), no Instituto Superior do Litoral do Paran\u00e1 (Isulpar), em Paranagu\u00e1, o livro \u201cLitoral do Paran\u00e1 \u2013 Impress\u00f5es, Cultura e Natureza\u201d. Com textos da jornalista Maria Celeste Corr\u00eaa e fotografias de Zig Koch, a obra de 144 p\u00e1ginas re\u00fane hist\u00f3ria, cultura, biodiversidade e mem\u00f3rias da regi\u00e3o litor\u00e2nea, trazendo [&hellip;]<\/p>\n","protected":false},"author":2,"featured_media":73085,"comment_status":"open","ping_status":"open","sticky":false,"template":"","format":"standard","meta":{"advanced_seo_description":"","jetpack_seo_html_title":"","jetpack_seo_noindex":false,"_jetpack_memberships_contains_paid_content":false,"footnotes":""},"categories":[40,91],"tags":[316,319],"class_list":{"0":"post-73074","1":"post","2":"type-post","3":"status-publish","4":"format-standard","5":"has-post-thumbnail","7":"category-destaques","8":"category-litoral","9":"tag-litoral","10":"tag-parana"},"jetpack_featured_media_url":"https:\/\/www.paranapraia.com.br\/wp-content\/uploads\/2025\/10\/D-IM0035-Fortaleza-N-S-dos-Prazeres-Ilha-do-Mel-PR-Zig-Koch-copiar_2.jpg","jetpack_sharing_enabled":true,"_links":{"self":[{"href":"https:\/\/www.paranapraia.com.br\/index.php\/wp-json\/wp\/v2\/posts\/73074"}],"collection":[{"href":"https:\/\/www.paranapraia.com.br\/index.php\/wp-json\/wp\/v2\/posts"}],"about":[{"href":"https:\/\/www.paranapraia.com.br\/index.php\/wp-json\/wp\/v2\/types\/post"}],"author":[{"embeddable":true,"href":"https:\/\/www.paranapraia.com.br\/index.php\/wp-json\/wp\/v2\/users\/2"}],"replies":[{"embeddable":true,"href":"https:\/\/www.paranapraia.com.br\/index.php\/wp-json\/wp\/v2\/comments?post=73074"}],"version-history":[{"count":1,"href":"https:\/\/www.paranapraia.com.br\/index.php\/wp-json\/wp\/v2\/posts\/73074\/revisions"}],"predecessor-version":[{"id":73086,"href":"https:\/\/www.paranapraia.com.br\/index.php\/wp-json\/wp\/v2\/posts\/73074\/revisions\/73086"}],"wp:featuredmedia":[{"embeddable":true,"href":"https:\/\/www.paranapraia.com.br\/index.php\/wp-json\/wp\/v2\/media\/73085"}],"wp:attachment":[{"href":"https:\/\/www.paranapraia.com.br\/index.php\/wp-json\/wp\/v2\/media?parent=73074"}],"wp:term":[{"taxonomy":"category","embeddable":true,"href":"https:\/\/www.paranapraia.com.br\/index.php\/wp-json\/wp\/v2\/categories?post=73074"},{"taxonomy":"post_tag","embeddable":true,"href":"https:\/\/www.paranapraia.com.br\/index.php\/wp-json\/wp\/v2\/tags?post=73074"}],"curies":[{"name":"wp","href":"https:\/\/api.w.org\/{rel}","templated":true}]}}