{"id":73071,"date":"2025-10-06T12:36:58","date_gmt":"2025-10-06T15:36:58","guid":{"rendered":"https:\/\/www.paranapraia.com.br\/?p=73071"},"modified":"2025-10-06T12:37:00","modified_gmt":"2025-10-06T15:37:00","slug":"domingo-de-integracao-movimenta-o-centro-de-eventos-do-marissol-em-pontal-do-parana","status":"publish","type":"post","link":"https:\/\/www.paranapraia.com.br\/index.php\/2025\/10\/06\/domingo-de-integracao-movimenta-o-centro-de-eventos-do-marissol-em-pontal-do-parana\/","title":{"rendered":"Domingo de integra\u00e7\u00e3o movimenta o Centro de Eventos do Marissol em Pontal do Paran\u00e1"},"content":{"rendered":"\n<p>A\u00e7\u00e3o conjunta no Dia da Fam\u00edlia, Dia do Idoso e Outubro Rosa reuniu moradores em atividades de sa\u00fade, lazer e cultura.<\/p>\n\n\n\n<p>Neste domingo (5), o Centro de Eventos do Marissol foi palco de um encontro comunit\u00e1rio que uniu tr\u00eas datas significativas: o Dia da Fam\u00edlia, o Dia do Idoso e o Outubro Rosa.<br>A iniciativa reuniu moradores em uma programa\u00e7\u00e3o voltada \u00e0 conviv\u00eancia, \u00e0 sa\u00fade e ao bem-estar.<\/p>\n\n\n\n<p>Durante o dia, o espa\u00e7o recebeu feira de artesanato, barracas de comida, atividades esportivas e apresenta\u00e7\u00f5es musicais.<br>No palco principal, a Banda Bodes Selvagens animou o p\u00fablico, seguida pelo grupo de dan\u00e7a As Melindrosas, que trouxeram muita energia em suas apresenta\u00e7\u00f5es. <br>A popula\u00e7\u00e3o tamb\u00e9m teve acesso a oficinas, vacina\u00e7\u00e3o e orienta\u00e7\u00f5es com equipes da \u00e1rea da sa\u00fade. <\/p>\n\n\n\n<p>Foram realizados 434 atendimentos e agendamentos de sa\u00fade, incluindo aplica\u00e7\u00e3o de vacinas, testes de glicemia, aferi\u00e7\u00f5es de press\u00e3o arterial e exames preventivos, que ser\u00e3o realizados no dia D de atendimento \u00e1 mulher, no pr\u00f3ximo s\u00e1bado, 11 de outubro, no Centro de Sa\u00fade da Mulher, em Ipanema. <\/p>\n\n\n\n<p>Profissionais da Aten\u00e7\u00e3o Prim\u00e1ria tamb\u00e9m estiveram no local com orienta\u00e7\u00f5es sobre preven\u00e7\u00e3o ao c\u00e2ncer de mama e de colo do \u00fatero, al\u00e9m de informa\u00e7\u00f5es sobre h\u00e1bitos saud\u00e1veis e cuidados com a sa\u00fade do idoso.<\/p>\n\n\n\n<p>A proposta foi aproximar os servi\u00e7os p\u00fablicos da popula\u00e7\u00e3o, criando um ambiente de troca e informa\u00e7\u00e3o. As a\u00e7\u00f5es valorizaram o conv\u00edvio familiar e a integra\u00e7\u00e3o entre diferentes gera\u00e7\u00f5es, fortalecendo a participa\u00e7\u00e3o da comunidade nas atividades do munic\u00edpio.<\/p>\n\n\n\n<p>A Prefeitura de Pontal do Paran\u00e1 agradece a presen\u00e7a da popula\u00e7\u00e3o e convida os moradores a participarem das pr\u00f3ximas a\u00e7\u00f5es comunit\u00e1rias, ampliando assim o acesso aos servi\u00e7os e promovendo integra\u00e7\u00e3o entre os mun\u00edcipes.<\/p>\n\n\n\n<p>Fotos: PMPPR\/ Cl\u00f3vis Santos\/ Jackeline Costa\/ Nataly Vitoria<\/p>\n","protected":false},"excerpt":{"rendered":"<p>A\u00e7\u00e3o conjunta no Dia da Fam\u00edlia, Dia do Idoso e Outubro Rosa reuniu moradores em atividades de sa\u00fade, lazer e cultura. Neste domingo (5), o Centro de Eventos do Marissol foi palco de um encontro comunit\u00e1rio que uniu tr\u00eas datas significativas: o Dia da Fam\u00edlia, o Dia do Idoso e o Outubro Rosa.A iniciativa reuniu [&hellip;]<\/p>\n","protected":false},"author":2,"featured_media":73072,"comment_status":"open","ping_status":"open","sticky":false,"template":"","format":"standard","meta":{"advanced_seo_description":"","jetpack_seo_html_title":"","jetpack_seo_noindex":false,"_jetpack_memberships_contains_paid_content":false,"footnotes":""},"categories":[65],"tags":[],"class_list":{"0":"post-73071","1":"post","2":"type-post","3":"status-publish","4":"format-standard","5":"has-post-thumbnail","7":"category-pontal-do-parana"},"jetpack_featured_media_url":"https:\/\/www.paranapraia.com.br\/wp-content\/uploads\/2025\/10\/FB_IMG_1759764554503.jpg","jetpack_sharing_enabled":true,"_links":{"self":[{"href":"https:\/\/www.paranapraia.com.br\/index.php\/wp-json\/wp\/v2\/posts\/73071"}],"collection":[{"href":"https:\/\/www.paranapraia.com.br\/index.php\/wp-json\/wp\/v2\/posts"}],"about":[{"href":"https:\/\/www.paranapraia.com.br\/index.php\/wp-json\/wp\/v2\/types\/post"}],"author":[{"embeddable":true,"href":"https:\/\/www.paranapraia.com.br\/index.php\/wp-json\/wp\/v2\/users\/2"}],"replies":[{"embeddable":true,"href":"https:\/\/www.paranapraia.com.br\/index.php\/wp-json\/wp\/v2\/comments?post=73071"}],"version-history":[{"count":1,"href":"https:\/\/www.paranapraia.com.br\/index.php\/wp-json\/wp\/v2\/posts\/73071\/revisions"}],"predecessor-version":[{"id":73073,"href":"https:\/\/www.paranapraia.com.br\/index.php\/wp-json\/wp\/v2\/posts\/73071\/revisions\/73073"}],"wp:featuredmedia":[{"embeddable":true,"href":"https:\/\/www.paranapraia.com.br\/index.php\/wp-json\/wp\/v2\/media\/73072"}],"wp:attachment":[{"href":"https:\/\/www.paranapraia.com.br\/index.php\/wp-json\/wp\/v2\/media?parent=73071"}],"wp:term":[{"taxonomy":"category","embeddable":true,"href":"https:\/\/www.paranapraia.com.br\/index.php\/wp-json\/wp\/v2\/categories?post=73071"},{"taxonomy":"post_tag","embeddable":true,"href":"https:\/\/www.paranapraia.com.br\/index.php\/wp-json\/wp\/v2\/tags?post=73071"}],"curies":[{"name":"wp","href":"https:\/\/api.w.org\/{rel}","templated":true}]}}