{"id":73065,"date":"2025-10-06T11:00:48","date_gmt":"2025-10-06T14:00:48","guid":{"rendered":"https:\/\/www.paranapraia.com.br\/?p=73065"},"modified":"2025-10-06T11:00:51","modified_gmt":"2025-10-06T14:00:51","slug":"dia-mundial-da-paralisia-cerebral-8-mil-bebes-sao-diagnosticados-por-ano-no-brasil","status":"publish","type":"post","link":"https:\/\/www.paranapraia.com.br\/index.php\/2025\/10\/06\/dia-mundial-da-paralisia-cerebral-8-mil-bebes-sao-diagnosticados-por-ano-no-brasil\/","title":{"rendered":"Dia Mundial da Paralisia Cerebral: 8 mil beb\u00eas s\u00e3o diagnosticados por ano no Brasil"},"content":{"rendered":"\n<p>No dia 6 de outubro, data em que \u00e9 celebrado o Dia Mundial da Paralisia Cerebral, um levantamento do Registro Brasileiro de Paralisia Cerebral (RB-PC) com dados coletados entre 2024 e 2025 destaca a realidade da condi\u00e7\u00e3o no Brasil e refor\u00e7a a urg\u00eancia do diagn\u00f3stico precoce. A paralisia cerebral (PC) \u00e9 a defici\u00eancia motora mais comum diagnosticada na inf\u00e2ncia, afetando cerca de 18 milh\u00f5es de pessoas no mundo, segundo a World Cerebral Palsy Guide.<\/p>\n\n\n\n<p>No Brasil, segundo o RB-PC, aproximadamente 500 mil pessoas (entre crian\u00e7as e adultos) convivem com a condi\u00e7\u00e3o. Anualmente, cerca de 8 mil beb\u00eas e entre 1.200 e 1.500 crian\u00e7as em idade pr\u00e9-escolar recebem o diagn\u00f3stico. Os dados confirmam tend\u00eancias globais e apontam que o tipo mais frequente \u00e9 o esp\u00e1stico, presente em 74,9% dos casos, \u00edndice alinhado \u00e0 m\u00e9dia internacional que gira em torno de 80%.&nbsp;<\/p>\n\n\n\n<p>O neurologista da Afya Educa\u00e7\u00e3o M\u00e9dica de Belo Horizonte, Dr Philipe Marques Cunha, informa que a Paralisia Cerebral \u00e9 um grupo de dist\u00farbios que afetam o movimento e a postura, causados por les\u00f5es ou anormalidades no c\u00e9rebro em desenvolvimento, geralmente antes, durante ou logo ap\u00f3s o nascimento. \u201cEssa condi\u00e7\u00e3o \u00e9 permanente, mas na maioria dos casos n\u00e3o progressiva, e compromete o controle motor, podendo impactar o desenvolvimento global da crian\u00e7a. Os sinais e sintomas aparecem na inf\u00e2ncia e podem variar bastante por pessoa\u201d.<\/p>\n\n\n\n<p>O estudo tamb\u00e9m revela que at\u00e9 90% dos casos t\u00eam origem durante a gesta\u00e7\u00e3o ou no per\u00edodo neonatal. Entre os participantes da pesquisa, 50,3% nasceram prematuramente, e 71,6% das les\u00f5es cerebrais ocorreram antes do nascimento ou nos primeiros 28 dias de vida. \u201cA prematuridade e o baixo peso ao nascer s\u00e3o fatores que aumentam o risco, porque os c\u00e9rebros dessas crian\u00e7as s\u00e3o mais vulner\u00e1veis a les\u00f5es devido \u00e0 imaturidade dos sistemas vascular e nervoso. As complica\u00e7\u00f5es no parto podem levar a quadros de hip\u00f3xia e&nbsp; isquemia cerebral\u201d, complementa o especialista da Afya.<\/p>\n\n\n\n<p><strong>Import\u00e2ncia do diagn\u00f3stico precoce<\/strong><\/p>\n\n\n\n<p>Outro dado que acende um alerta \u00e9 o atraso no diagn\u00f3stico: 33,6% das pessoas com paralisia cerebral no Brasil s\u00f3 receberam confirma\u00e7\u00e3o da condi\u00e7\u00e3o ap\u00f3s completarem 1 ano de idade. Dr Philipe comenta que o diagn\u00f3stico precoce \u00e9 fundamental porque permite a interven\u00e7\u00e3o imediata com terapias que estimulam o desenvolvimento motor, melhoram a funcionalidade e minimizam sequelas, favorecendo uma melhor qualidade de vida.<\/p>\n\n\n\n<p>\u201cO diagn\u00f3stico \u00e9 cl\u00ednico e envolve a avalia\u00e7\u00e3o do desenvolvimento motor e do t\u00f4nus muscular da crian\u00e7a, complementado por exames de imagem cerebral, como resson\u00e2ncia magn\u00e9tica ou tomografia.\u201d<\/p>\n\n\n\n<p>Em escala global, os dados divulgados pelo movimento internacional revelam a gravidade da condi\u00e7\u00e3o: 1 a cada 4 crian\u00e7as com paralisia cerebral n\u00e3o consegue falar, 1 a cada 3 n\u00e3o anda e aproximadamente 50% tamb\u00e9m apresentam defici\u00eancia intelectual. \u201cNos primeiros meses, sinais incluem dificuldade para sustentar a cabe\u00e7a, atraso no desenvolvimento do controle postural, t\u00f4nus muscular anormal (muito r\u00edgido ou muito fl\u00e1cido), movimentos assim\u00e9tricos e irritabilidade ou fraqueza incomum\u201d, conclui o neurologista da Afya Educa\u00e7\u00e3o M\u00e9dica de Belo Horizonte.<\/p>\n\n\n\n<p><strong>Sobre a Afya&nbsp;&nbsp;<\/strong><\/p>\n\n\n\n<p>A Afya, maior hub de educa\u00e7\u00e3o e tecnologia para a pr\u00e1tica m\u00e9dica no Brasil, re\u00fane 38 Institui\u00e7\u00f5es de Ensino Superior em todas as regi\u00f5es do pa\u00eds, 33 delas com cursos de medicina e 25 unidades promovendo p\u00f3s-gradua\u00e7\u00e3o e educa\u00e7\u00e3o continuada em \u00e1reas m\u00e9dicas e de sa\u00fade. S\u00e3o 3.653 vagas de medicina autorizadas pelo Minist\u00e9rio da Educa\u00e7\u00e3o (MEC), com mais de 23 mil alunos formados nos \u00faltimos 25 anos. Pioneira em pr\u00e1ticas digitais para aprendizagem cont\u00ednua e suporte ao exerc\u00edcio da medicina, 1 a cada 3 m\u00e9dicos e estudantes de medicina no pa\u00eds utiliza ao menos uma solu\u00e7\u00e3o digital do portf\u00f3lio, como Afya Whitebook, Afya iClinic e Afya Papers. Primeira empresa de educa\u00e7\u00e3o m\u00e9dica a abrir capital na Nasdaq em 2019, a Afya recebeu pr\u00eamios do jornal Valor Econ\u00f4mico, incluindo &#8220;Valor Inova\u00e7\u00e3o&#8221; (2023) como a mais inovadora do Brasil, e &#8220;Valor 1000&#8221; (2021, 2023 e 2024) como a melhor empresa de educa\u00e7\u00e3o. Virg\u00edlio Gibbon, CEO da Afya, foi reconhecido como o melhor CEO na \u00e1rea de Educa\u00e7\u00e3o pelo pr\u00eamio &#8220;Executivo de Valor&#8221; (2023). Em 2024, a empresa passou a integrar o programa \u201cLideran\u00e7a com ImPacto\u201d, do pacto Global da ONU no Brasil, como porta-voz da ODS 3 &#8211; Sa\u00fade e Bem-Estar. Mais informa\u00e7\u00f5es em&nbsp;<a href=\"http:\/\/www.afya.com.br\/\" target=\"_blank\" rel=\"noreferrer noopener\">http:\/\/www.afya.com.br<\/a>&nbsp; e&nbsp;<a href=\"http:\/\/ir.afya.com.br\/\" target=\"_blank\" rel=\"noreferrer noopener\">ir.afya.com.br<\/a>.&nbsp;&nbsp;&nbsp;<\/p>\n\n\n\n<p>Assessoria<\/p>\n","protected":false},"excerpt":{"rendered":"<p>No dia 6 de outubro, data em que \u00e9 celebrado o Dia Mundial da Paralisia Cerebral, um levantamento do Registro Brasileiro de Paralisia Cerebral (RB-PC) com dados coletados entre 2024 e 2025 destaca a realidade da condi\u00e7\u00e3o no Brasil e refor\u00e7a a urg\u00eancia do diagn\u00f3stico precoce. A paralisia cerebral (PC) \u00e9 a defici\u00eancia motora mais [&hellip;]<\/p>\n","protected":false},"author":2,"featured_media":73066,"comment_status":"open","ping_status":"open","sticky":false,"template":"","format":"standard","meta":{"advanced_seo_description":"","jetpack_seo_html_title":"","jetpack_seo_noindex":false,"_jetpack_memberships_contains_paid_content":false,"footnotes":""},"categories":[40],"tags":[],"class_list":{"0":"post-73065","1":"post","2":"type-post","3":"status-publish","4":"format-standard","5":"has-post-thumbnail","7":"category-destaques"},"jetpack_featured_media_url":"https:\/\/www.paranapraia.com.br\/wp-content\/uploads\/2025\/10\/Paralisia-Cerebral-freepik.jpg","jetpack_sharing_enabled":true,"_links":{"self":[{"href":"https:\/\/www.paranapraia.com.br\/index.php\/wp-json\/wp\/v2\/posts\/73065"}],"collection":[{"href":"https:\/\/www.paranapraia.com.br\/index.php\/wp-json\/wp\/v2\/posts"}],"about":[{"href":"https:\/\/www.paranapraia.com.br\/index.php\/wp-json\/wp\/v2\/types\/post"}],"author":[{"embeddable":true,"href":"https:\/\/www.paranapraia.com.br\/index.php\/wp-json\/wp\/v2\/users\/2"}],"replies":[{"embeddable":true,"href":"https:\/\/www.paranapraia.com.br\/index.php\/wp-json\/wp\/v2\/comments?post=73065"}],"version-history":[{"count":1,"href":"https:\/\/www.paranapraia.com.br\/index.php\/wp-json\/wp\/v2\/posts\/73065\/revisions"}],"predecessor-version":[{"id":73067,"href":"https:\/\/www.paranapraia.com.br\/index.php\/wp-json\/wp\/v2\/posts\/73065\/revisions\/73067"}],"wp:featuredmedia":[{"embeddable":true,"href":"https:\/\/www.paranapraia.com.br\/index.php\/wp-json\/wp\/v2\/media\/73066"}],"wp:attachment":[{"href":"https:\/\/www.paranapraia.com.br\/index.php\/wp-json\/wp\/v2\/media?parent=73065"}],"wp:term":[{"taxonomy":"category","embeddable":true,"href":"https:\/\/www.paranapraia.com.br\/index.php\/wp-json\/wp\/v2\/categories?post=73065"},{"taxonomy":"post_tag","embeddable":true,"href":"https:\/\/www.paranapraia.com.br\/index.php\/wp-json\/wp\/v2\/tags?post=73065"}],"curies":[{"name":"wp","href":"https:\/\/api.w.org\/{rel}","templated":true}]}}