{"id":73059,"date":"2025-10-06T10:38:56","date_gmt":"2025-10-06T13:38:56","guid":{"rendered":"https:\/\/www.paranapraia.com.br\/?p=73059"},"modified":"2025-10-06T10:38:59","modified_gmt":"2025-10-06T13:38:59","slug":"apos-2a-temperatura-mais-alta-do-ano-e-recordes-de-calor-parana-tera-nova-frente-fria","status":"publish","type":"post","link":"https:\/\/www.paranapraia.com.br\/index.php\/2025\/10\/06\/apos-2a-temperatura-mais-alta-do-ano-e-recordes-de-calor-parana-tera-nova-frente-fria\/","title":{"rendered":"Ap\u00f3s 2\u00aa temperatura mais alta do ano e recordes de calor, Paran\u00e1 ter\u00e1 nova frente fria"},"content":{"rendered":"\n<p>Depois de um domingo com recordes de calor em v\u00e1rias regi\u00f5es paranaenses, uma frente fria chega ao Estado nesta segunda-feira (06) para mudar o cen\u00e1rio. H\u00e1 previs\u00e3o de temporais e decl\u00ednio das temperaturas, de acordo com o Sistema de Tecnologia e Monitoramento Ambiental do Paran\u00e1 (Simepar).&nbsp;<\/p>\n\n\n\n<p>Neste domingo (05) foi registrada a temperatura mais alta de 2025 at\u00e9 o momento nas esta\u00e7\u00f5es meteorol\u00f3gicas do Simepar em Apucarana (34,1\u00b0C), Campo Mour\u00e3o (35,7\u00b0C), Cianorte (35,6\u00b0C), Corn\u00e9lio Proc\u00f3pio (35,6\u00b0C), Loanda (39,5\u00b0C), Londrina (36\u00b0C), Maring\u00e1 (36,4\u00b0C), Paranava\u00ed (37,8\u00b0C), Santo Ant\u00f4nio da Platina (36\u00b0C), S\u00e3o Miguel do Igua\u00e7u (37,5\u00b0C), Toledo (36,6\u00b0C), Ubirat\u00e3 (35,9\u00b0C) e Uni\u00e3o da Vit\u00f3ria (33,4\u00b0C).<\/p>\n\n\n\n<p>A temperatura de Loanda no domingo foi a segunda mais alta em todo o Paran\u00e1 em 2025 at\u00e9 o momento. S\u00f3 perde para os 42,5\u00b0C registrados em Capanema em 27 de abril. Entre as esta\u00e7\u00f5es do Instituto Nacional de Meteorologia (INMET), tamb\u00e9m foi registrada a temperatura mais alta do ano em Cidade Ga\u00facha (37,8\u00b0C), Japira (34,3\u00b0C) e Joaquim T\u00e1vora (36,6\u00b0C).&nbsp;<\/p>\n\n\n\n<p>Curitiba bateu os 30\u00b0C por volta das 14h de domingo. Em todo o Estado as temperaturas tamb\u00e9m ficaram pr\u00f3ximas a 30\u00b0C, com exce\u00e7\u00e3o do Litoral, que registrou as m\u00e1ximas mais baixas do dia: 25,9\u00b0C em Guaratuba e 26,6\u00b0C em Paranagu\u00e1. O motivo de tanto calor foi o escoamento de vento vindo do Norte do Pa\u00eds.&nbsp;<\/p>\n\n\n\n<p><strong>SEMANA<\/strong>&nbsp;\u2013 Uma frente fria, entretanto, j\u00e1 chegou ao Paran\u00e1 na manh\u00e3 desta segunda-feira (06) trazendo pancadas de chuva com fortes rajadas de vento e raios no Oeste e Sudoeste do Paran\u00e1. Santa Helena, por exemplo, registrou uma rajada de vento de 61,6 km\/h \u00e0s 8h15.&nbsp;<\/p>\n\n\n\n<p>\u201cEssa instabilidade, ao longo do dia, avan\u00e7a para as demais regi\u00f5es, causando chuvas com descargas el\u00e9tricas e tamb\u00e9m condi\u00e7\u00f5es para temporais localizados, principalmente nas regi\u00f5es do Interior do Estado\u201d, explica Paulo Barbieri, meteorologista do Simepar.<\/p>\n\n\n\n<p>A instabilidade permanece at\u00e9 sexta-feira (10). Na ter\u00e7a-feira (07) a chuva vir\u00e1 com mais intensidade na metade sul do Paran\u00e1. No Norte e no Noroeste, chuvas isoladas, de intensidade mais fraca, tamb\u00e9m podem ocorrer. Como n\u00e3o h\u00e1 mais o predom\u00ednio de sol, as temperaturas m\u00e1ximas ter\u00e3o decl\u00ednio, n\u00e3o passando de 15\u00b0C nas regi\u00f5es da metade sul.&nbsp;<\/p>\n\n\n\n<p>\u201cA partir de quarta-feira, o eixo da frente fria se afasta para o oceano, mas a instabilidade permanece nas regi\u00f5es paranaenses com chuvas isoladas, sendo mais registradas nas regi\u00f5es da metade sul, onde deveremos ter entre quarta e sexta-feira valores acumulados bastante significativos\u201d, detalha Barbieri.<\/p>\n\n\n\n<p>Apesar de o volume maior ocorrer na metade sul, chover\u00e1 em todas as regi\u00f5es at\u00e9 sexta-feira. No Oeste e no Noroeste est\u00e3o previstas pancadas isoladas, ou seja, chuva em uma cidade, e n\u00e3o em outra.<\/p>\n\n\n\n<p>Curitiba, que amanheceu com 19,1\u00b0C nesta segunda-feira, ficar\u00e1 at\u00e9 quinta-feira com m\u00ednimas de 10\u00b0C. Ap\u00f3s os 30,5\u00b0C de domingo (05), a m\u00e1xima dessa segunda-feira n\u00e3o deve passar de 16\u00b0C na capital, e quarta e na quinta-feira n\u00e3o passa de 13\u00b0C. Loanda, no Noroeste, que registrou uma das temperaturas mais altas de domingo, ter\u00e1 temperaturas entre 20\u00b0C e 26\u00b0C na ter\u00e7a; entre 19\u00b0C e 27\u00b0C na quarta e 16\u00b0C a 27\u00b0C na quinta.&nbsp;<\/p>\n\n\n\n<p>Em Cascavel, no Oeste, as temperaturas m\u00ednimas ficam na faixa de 14\u00b0C at\u00e9 sexta-feira. As m\u00e1ximas n\u00e3o passam de 22\u00b0C na ter\u00e7a e 18\u00b0C entre quarta e quinta. Em Palmas, na regi\u00e3o Sul, as temperaturas ficam ainda mais baixas: m\u00e1ximas n\u00e3o passam de 17\u00b0C de ter\u00e7a (07) a quinta (09) e m\u00ednimas entre 8\u00b0C e 11\u00b0C. No Litoral, o destaque fica por conta da baixa amplitude t\u00e9rmica. As m\u00ednimas e m\u00e1ximas ficam entre 15\u00b0C e 19\u00b0C em Paranagu\u00e1 de ter\u00e7a a sexta.&nbsp;<\/p>\n\n\n\n<p>A partir de sexta-feira, em todas as regi\u00f5es, as temperaturas sobem gradativamente.&nbsp;<\/p>\n\n\n\n<p><strong>SIMEPAR&nbsp;<\/strong>\u2013 Com uma estrutura de 120 esta\u00e7\u00f5es meteorol\u00f3gicas telem\u00e9tricas autom\u00e1ticas, tr\u00eas radares meteorol\u00f3gicos e cinco sensores de descargas atmosf\u00e9ricas, o Simepar \u00e9 respons\u00e1vel por fornecer dados meteorol\u00f3gicos para \u00f3rg\u00e3os como a Coordenadoria da Defesa Civil e a Secretaria do Desenvolvimento Sustent\u00e1vel, de modo a facilitar a\u00e7\u00f5es de resposta a situa\u00e7\u00f5es extremas. S\u00e3o monitoradas desde situa\u00e7\u00f5es causadas por chuvas extremas, como enxurradas, deslizamentos e alagamentos, at\u00e9 situa\u00e7\u00f5es como inc\u00eandios e secas.<\/p>\n\n\n\n<p>Dados mais detalhados da previs\u00e3o do tempo para os 399 munic\u00edpios paranaenses est\u00e3o dispon\u00edveis no site&nbsp;<a href=\"https:\/\/www.simepar.br\/\" target=\"_blank\" rel=\"noreferrer noopener\">www.simepar.br<\/a>. A previs\u00e3o tem duas atualiza\u00e7\u00f5es di\u00e1rias. Para cada cidade \u00e9 poss\u00edvel saber o quanto deve chover, temperaturas m\u00ednimas e m\u00e1ximas previstas, umidade relativa do ar e vento, com detalhamento por hora para a data e o dia seguinte.<\/p>\n\n\n\n<p>AEN\/PR<\/p>\n","protected":false},"excerpt":{"rendered":"<p>Depois de um domingo com recordes de calor em v\u00e1rias regi\u00f5es paranaenses, uma frente fria chega ao Estado nesta segunda-feira (06) para mudar o cen\u00e1rio. H\u00e1 previs\u00e3o de temporais e decl\u00ednio das temperaturas, de acordo com o Sistema de Tecnologia e Monitoramento Ambiental do Paran\u00e1 (Simepar).&nbsp; Neste domingo (05) foi registrada a temperatura mais alta [&hellip;]<\/p>\n","protected":false},"author":2,"featured_media":73060,"comment_status":"open","ping_status":"open","sticky":false,"template":"","format":"standard","meta":{"advanced_seo_description":"","jetpack_seo_html_title":"","jetpack_seo_noindex":false,"_jetpack_memberships_contains_paid_content":false,"footnotes":""},"categories":[84],"tags":[],"class_list":{"0":"post-73059","1":"post","2":"type-post","3":"status-publish","4":"format-standard","5":"has-post-thumbnail","7":"category-clima"},"jetpack_featured_media_url":"https:\/\/www.paranapraia.com.br\/wp-content\/uploads\/2025\/10\/portosaojose_foto_rdzura-1451-1-scaled.jpg","jetpack_sharing_enabled":true,"_links":{"self":[{"href":"https:\/\/www.paranapraia.com.br\/index.php\/wp-json\/wp\/v2\/posts\/73059"}],"collection":[{"href":"https:\/\/www.paranapraia.com.br\/index.php\/wp-json\/wp\/v2\/posts"}],"about":[{"href":"https:\/\/www.paranapraia.com.br\/index.php\/wp-json\/wp\/v2\/types\/post"}],"author":[{"embeddable":true,"href":"https:\/\/www.paranapraia.com.br\/index.php\/wp-json\/wp\/v2\/users\/2"}],"replies":[{"embeddable":true,"href":"https:\/\/www.paranapraia.com.br\/index.php\/wp-json\/wp\/v2\/comments?post=73059"}],"version-history":[{"count":1,"href":"https:\/\/www.paranapraia.com.br\/index.php\/wp-json\/wp\/v2\/posts\/73059\/revisions"}],"predecessor-version":[{"id":73061,"href":"https:\/\/www.paranapraia.com.br\/index.php\/wp-json\/wp\/v2\/posts\/73059\/revisions\/73061"}],"wp:featuredmedia":[{"embeddable":true,"href":"https:\/\/www.paranapraia.com.br\/index.php\/wp-json\/wp\/v2\/media\/73060"}],"wp:attachment":[{"href":"https:\/\/www.paranapraia.com.br\/index.php\/wp-json\/wp\/v2\/media?parent=73059"}],"wp:term":[{"taxonomy":"category","embeddable":true,"href":"https:\/\/www.paranapraia.com.br\/index.php\/wp-json\/wp\/v2\/categories?post=73059"},{"taxonomy":"post_tag","embeddable":true,"href":"https:\/\/www.paranapraia.com.br\/index.php\/wp-json\/wp\/v2\/tags?post=73059"}],"curies":[{"name":"wp","href":"https:\/\/api.w.org\/{rel}","templated":true}]}}