{"id":73056,"date":"2025-10-06T10:34:14","date_gmt":"2025-10-06T13:34:14","guid":{"rendered":"https:\/\/www.paranapraia.com.br\/?p=73056"},"modified":"2025-10-06T10:34:16","modified_gmt":"2025-10-06T13:34:16","slug":"parana-supera-em-20-a-distribuicao-de-mudas-nativas-durante-a-semana-da-arvore","status":"publish","type":"post","link":"https:\/\/www.paranapraia.com.br\/index.php\/2025\/10\/06\/parana-supera-em-20-a-distribuicao-de-mudas-nativas-durante-a-semana-da-arvore\/","title":{"rendered":"Paran\u00e1 supera em 20% a distribui\u00e7\u00e3o de mudas nativas durante a Semana da \u00c1rvore"},"content":{"rendered":"\n<p>O Instituto \u00c1gua e Terra (IAT) superou em 20% a meta de distribui\u00e7\u00e3o de mudas de esp\u00e9cies nativas durante a Semana da \u00c1rvore, celebrada entre 15 e 21 de setembro (Dia da \u00c1rvore). O \u00f3rg\u00e3o ambiental entregou 25.340 \u00e1rvores em todas as regi\u00f5es do Estado,\u00a04,2 mil a mais\u00a0do que o planejamento inicial. O montante equivale a uma \u00e1rea regenerada estimada em 38,4 hectares, aproximadamente 40 campos de futebol.<\/p>\n\n\n\n<p>O balan\u00e7o final da a\u00e7\u00e3o foi divulgado nesta segunda-feira (06) pelo IAT, autarquia vinculada \u00e0 Secretaria de Estado do Desenvolvimento Sustent\u00e1vel (Sedest).<\/p>\n\n\n\n<p>As atividades reuniram mais de 8 mil pessoas, de 90 institui\u00e7\u00f5es de todas as regi\u00f5es do Paran\u00e1, incluindo prefeituras, secretarias do Meio Ambiente, institui\u00e7\u00f5es de ensino, empresas privadas e volunt\u00e1rios. Al\u00e9m da distribui\u00e7\u00e3o e plantio das mudas, a semana foi marcada por a\u00e7\u00f5es de educa\u00e7\u00e3o ambiental como palestras e oficinas tem\u00e1ticas.<\/p>\n\n\n\n<p>A Semana da \u00c1rvore integra o programa Paran\u00e1 Mais Verde, que busca, por meio da recupera\u00e7\u00e3o dos biomas, aliar o desenvolvimento ambiental, econ\u00f4mico e social, al\u00e9m de incentivar a popula\u00e7\u00e3o a plantar \u00e1rvores.<\/p>\n\n\n\n<p>\u201cA \u00e1rvore que vem a se desenvolver a partir dessas mudas doadas faz com que esse ciclo de estoque de carbono no solo, de ciclagem de nutrientes, o ciclo da \u00e1gua, seja intensificado, seja mantido, para devolver o equil\u00edbrio para o ambiente a partir da \u00e1rvore\u201d, explica o engenheiro florestal do IAT, Alexandre Mastella.<\/p>\n\n\n\n<p>As mudas foram plantadas em \u00e1reas em processo de recupera\u00e7\u00e3o, \u00c1reas de Preserva\u00e7\u00e3o Permanente (APP) no entorno de nascentes, bem como \u00e1reas pr\u00f3ximas ou pertencentes a escolas e entidades.<\/p>\n\n\n\n<p><strong>PARAN\u00c1 MAIS VERDE<\/strong>&nbsp;\u2013 O programa incentiva o plantio de mudas de esp\u00e9cies nativas do Paran\u00e1 como forma aliar o desenvolvimento ambiental, econ\u00f4mico e social, assim como incentivar a popula\u00e7\u00e3o a plantar \u00e1rvores, seja em \u00e1rea urbana ou rural, para colaborar no equil\u00edbrio do clima. As mudas s\u00e3o plantadas em \u00e1reas que precisam ser recuperadas ou melhor arborizadas.<\/p>\n\n\n\n<p>S\u00e3o seis linhas de a\u00e7\u00e3o: Revitaliza Viveiros, Viveiros Socioambientais, Incentivo a Esp\u00e9cies Amea\u00e7adas de Extin\u00e7\u00e3o, Datas comemorativas, Parques Urbanos e Poliniza Paran\u00e1.<\/p>\n\n\n\n<p>AEN\/PR<\/p>\n","protected":false},"excerpt":{"rendered":"<p>O Instituto \u00c1gua e Terra (IAT) superou em 20% a meta de distribui\u00e7\u00e3o de mudas de esp\u00e9cies nativas durante a Semana da \u00c1rvore, celebrada entre 15 e 21 de setembro (Dia da \u00c1rvore). O \u00f3rg\u00e3o ambiental entregou 25.340 \u00e1rvores em todas as regi\u00f5es do Estado,\u00a04,2 mil a mais\u00a0do que o planejamento inicial. O montante equivale [&hellip;]<\/p>\n","protected":false},"author":2,"featured_media":73057,"comment_status":"open","ping_status":"open","sticky":false,"template":"","format":"standard","meta":{"advanced_seo_description":"","jetpack_seo_html_title":"","jetpack_seo_noindex":false,"_jetpack_memberships_contains_paid_content":false,"footnotes":""},"categories":[40],"tags":[],"class_list":{"0":"post-73056","1":"post","2":"type-post","3":"status-publish","4":"format-standard","5":"has-post-thumbnail","7":"category-destaques"},"jetpack_featured_media_url":"https:\/\/www.paranapraia.com.br\/wp-content\/uploads\/2025\/10\/semana_da_arvore_7_iat.jpg","jetpack_sharing_enabled":true,"_links":{"self":[{"href":"https:\/\/www.paranapraia.com.br\/index.php\/wp-json\/wp\/v2\/posts\/73056"}],"collection":[{"href":"https:\/\/www.paranapraia.com.br\/index.php\/wp-json\/wp\/v2\/posts"}],"about":[{"href":"https:\/\/www.paranapraia.com.br\/index.php\/wp-json\/wp\/v2\/types\/post"}],"author":[{"embeddable":true,"href":"https:\/\/www.paranapraia.com.br\/index.php\/wp-json\/wp\/v2\/users\/2"}],"replies":[{"embeddable":true,"href":"https:\/\/www.paranapraia.com.br\/index.php\/wp-json\/wp\/v2\/comments?post=73056"}],"version-history":[{"count":1,"href":"https:\/\/www.paranapraia.com.br\/index.php\/wp-json\/wp\/v2\/posts\/73056\/revisions"}],"predecessor-version":[{"id":73058,"href":"https:\/\/www.paranapraia.com.br\/index.php\/wp-json\/wp\/v2\/posts\/73056\/revisions\/73058"}],"wp:featuredmedia":[{"embeddable":true,"href":"https:\/\/www.paranapraia.com.br\/index.php\/wp-json\/wp\/v2\/media\/73057"}],"wp:attachment":[{"href":"https:\/\/www.paranapraia.com.br\/index.php\/wp-json\/wp\/v2\/media?parent=73056"}],"wp:term":[{"taxonomy":"category","embeddable":true,"href":"https:\/\/www.paranapraia.com.br\/index.php\/wp-json\/wp\/v2\/categories?post=73056"},{"taxonomy":"post_tag","embeddable":true,"href":"https:\/\/www.paranapraia.com.br\/index.php\/wp-json\/wp\/v2\/tags?post=73056"}],"curies":[{"name":"wp","href":"https:\/\/api.w.org\/{rel}","templated":true}]}}