{"id":73053,"date":"2025-10-06T10:30:45","date_gmt":"2025-10-06T13:30:45","guid":{"rendered":"https:\/\/www.paranapraia.com.br\/?p=73053"},"modified":"2025-10-06T10:30:48","modified_gmt":"2025-10-06T13:30:48","slug":"com-geradores-e-reservatorios-sanepar-vai-investir-r-22-milhoes-no-verao-maior-parana","status":"publish","type":"post","link":"https:\/\/www.paranapraia.com.br\/index.php\/2025\/10\/06\/com-geradores-e-reservatorios-sanepar-vai-investir-r-22-milhoes-no-verao-maior-parana\/","title":{"rendered":"Com geradores e reservat\u00f3rios, Sanepar vai investir R$ 22 milh\u00f5es no Ver\u00e3o Maior Paran\u00e1"},"content":{"rendered":"\n<p>A Companhia de Saneamento do Paran\u00e1 (Sanepar) vai refor\u00e7ar suas opera\u00e7\u00f5es no Litoral do Paran\u00e1 durante o Ver\u00e3o Maior com um or\u00e7amento de R$ 22 milh\u00f5es. O plano operacional para a temporada 2025\/2026 inclui a contrata\u00e7\u00e3o de 31 geradores de energia, frota ampliada de caminh\u00f5es-pipa, 21 cont\u00eaineres reservat\u00f3rios e 130 novos pontos de telemetria nas redes de \u00e1gua e esgoto. Al\u00e9m disso, j\u00e1 est\u00e3o sendo realizadas melhorias operacionais nas redes de distribui\u00e7\u00e3o, capta\u00e7\u00f5es e esta\u00e7\u00f5es de tratamento.&nbsp;<\/p>\n\n\n\n<p>O plano foi apresentado recentemente a empres\u00e1rios, autoridades e moradores na Associa\u00e7\u00e3o Comercial, Industrial e Agr\u00edcola de Pontal do Paran\u00e1 (Aciapar). \u201cAs medidas visam garantir a qualidade dos servi\u00e7os essenciais diante do pico de demanda de veranistas e incluem investimentos significativos em log\u00edstica, tecnologia e autonomia energ\u00e9tica nas cidades do Litoral do Paran\u00e1 atendidas pela empresa\u201d, explica o diretor-presidente da Sanepar Wilson Bley.&nbsp;<\/p>\n\n\n\n<p>O Litoral do Paran\u00e1 sofreu com fortes chuvas em um curto per\u00edodo de tempo na \u00faltima temporada e o planejamento do pr\u00f3ximo ver\u00e3o j\u00e1 levou esse fator em considera\u00e7\u00e3o. \u201cEsses eventos clim\u00e1ticos severos afetam nossos sistemas de capta\u00e7\u00e3o e tratamento de \u00e1gua e coleta de esgoto. Por isso, definimos um plano de seguran\u00e7a visando a continuidade dos servi\u00e7os mesmo com essas anomalias clim\u00e1ticas\u201d, disse Sergio Wippel, diretor de Opera\u00e7\u00f5es da Sanepar.<\/p>\n\n\n\n<p><strong>ABASTECIMENTO E ENERGIA&nbsp;<\/strong>\u2013 Uma das medidas para minimizar as paralisa\u00e7\u00f5es no tratamento de \u00e1gua em condi\u00e7\u00f5es clim\u00e1ticas adversas \u00e9 a implanta\u00e7\u00e3o do floco-decantador na Esta\u00e7\u00e3o de Tratamento de \u00c1gua (ETA) de Matinhos. Ser\u00e3o investidos R$ 6,1 milh\u00f5es neste sistema, que permitir\u00e1 o tratamento da \u00e1gua mesmo com n\u00edveis altos de turbidez. Tamb\u00e9m ser\u00e1 implantada uma terceira bomba na capta\u00e7\u00e3o Sa\u00ed-Gua\u00e7u, em Guaratuba, e realizada a dragagem do Rio das Pombas, em Pontal do Paran\u00e1, ampliando a confiabilidade em per\u00edodos de chuvas intensas.&nbsp;<\/p>\n\n\n\n<p>Para estabilizar a press\u00e3o e aumentar a reserva estrat\u00e9gica, ser\u00e3o adquiridos 15 novos reservat\u00f3rios cont\u00eaineres, totalizando 21 unidades de 70 mil litros cada, e loca\u00e7\u00e3o de 24 caminh\u00f5es-pipa \u2014 50% a mais do que na temporada anterior. Tamb\u00e9m foram executadas melhorias em mais de 7 km de redes nos pontos com maior incid\u00eancia de ocorr\u00eancias no \u00faltimo ver\u00e3o.<\/p>\n\n\n\n<p>Para evitar interrup\u00e7\u00f5es em raz\u00e3o de falta de energia, a Sanepar vai instalar 31 geradores nas capta\u00e7\u00f5es, esta\u00e7\u00f5es de tratamento, reservat\u00f3rios e principais elevat\u00f3rias, al\u00e9m da amplia\u00e7\u00e3o da entrada de energia na ETA Morro Grande, em Guaratuba. O controle em tempo real ser\u00e1 refor\u00e7ado com 130 pontos de telemetria \u2013 100 na rede de \u00e1gua e 30 na rede de esgoto \u2013 e com o videowall do Centro de Controle Operacional (CCO), que integra dados e permite a tomada de decis\u00f5es operacionais com maior assertividade.<\/p>\n\n\n\n<p>E na \u00e1rea de esgoto, a&nbsp;Esta\u00e7\u00e3o de Tratamento de Esgoto (ETE) Pontal teve amplia\u00e7\u00e3o da sa\u00edda do efluente, dobrando a vaz\u00e3o de chegada das elevat\u00f3rias.<\/p>\n\n\n\n<p><strong>OUTRAS A\u00c7\u00d5ES<\/strong>&nbsp;\u2013 Para atender moradores e o grande n\u00famero de veranistas, a Sanepar duplicar\u00e1 a capilaridade de assist\u00eancia com postos avan\u00e7ados em Guaratuba, Matinhos e Pontal do Paran\u00e1. A comunica\u00e7\u00e3o com veranistas e lideran\u00e7as ser\u00e1 proativa, com envio de SMS para paradas programadas.<\/p>\n\n\n\n<p>Durante a temporada, seguem as iniciativas de limpeza di\u00e1ria das praias \u2013 que na \u00faltima edi\u00e7\u00e3o recolheu mais de 230 toneladas de lixo das praias de Guaratuba, Matinhos, Pontal do Paran\u00e1 e Guaraque\u00e7aba. O Praia Acess\u00edvel \u2013 com passarelas e cadeiras anf\u00edbias \u2013 bateu recorde na \u00faltima temporada, atendendo 1.068 pessoas, crescimento de 40%. O projeto, fruto de parceria com a Secretaria de Estado do Desenvolvimento Social e Fam\u00edlia (Sedef), ser\u00e1 mantido para garantir que pessoas com defici\u00eancia ou mobilidade reduzida possam tomar banho de mar.&nbsp;<\/p>\n\n\n\n<p>J\u00e1 os estandes do projeto Esta\u00e7\u00e3o Sanepar de educa\u00e7\u00e3o ambiental receberam 9 mil veranistas nas praias de Matinhos, Guaratuba, Pontal do Paran\u00e1 e em Morretes no \u00faltimo ver\u00e3o. E para garantir a hidrata\u00e7\u00e3o dos veranistas, foram distribu\u00eddos 85 mil copos de \u00e1gua durante os eventos art\u00edsticos e esportivos. O plano prev\u00ea manter os programas de educa\u00e7\u00e3o e hidrata\u00e7\u00e3o neste ver\u00e3o.&nbsp; &nbsp; &nbsp;&nbsp;<\/p>\n\n\n\n<p><strong>INVESTIMENTOS DE LONGO PRAZO&nbsp;<\/strong>\u2013&nbsp;Al\u00e9m das a\u00e7\u00f5es de ver\u00e3o, o plano plurianual da Sanepar prev\u00ea R$ 278 milh\u00f5es em investimentos no Litoral at\u00e9 2029 para produ\u00e7\u00e3o, reserva\u00e7\u00e3o e distribui\u00e7\u00e3o de \u00e1gua. Est\u00e1 prevista a implanta\u00e7\u00e3o de nova Esta\u00e7\u00e3o de Tratamento de \u00c1gua em Matinhos, que vai dobrar a produ\u00e7\u00e3o de \u00e1gua e aumentar em 30% a reserva\u00e7\u00e3o.&nbsp;<\/p>\n\n\n\n<p>O plano tamb\u00e9m contempla a amplia\u00e7\u00e3o na ETA Praia de Leste, em Pontal do Paran\u00e1, e da ETA Morro Grande, em Guaratuba. Para Pontal do Paran\u00e1, est\u00e3o previstas, ainda, a execu\u00e7\u00e3o de aproximadamente 2.100 liga\u00e7\u00f5es de esgoto nos balne\u00e1rios de Iracema, Mon\u00e7\u00f5es, Jacarand\u00e1, Canoas e Marisol.<\/p>\n\n\n\n<p>AEN\/PR<\/p>\n","protected":false},"excerpt":{"rendered":"<p>A Companhia de Saneamento do Paran\u00e1 (Sanepar) vai refor\u00e7ar suas opera\u00e7\u00f5es no Litoral do Paran\u00e1 durante o Ver\u00e3o Maior com um or\u00e7amento de R$ 22 milh\u00f5es. O plano operacional para a temporada 2025\/2026 inclui a contrata\u00e7\u00e3o de 31 geradores de energia, frota ampliada de caminh\u00f5es-pipa, 21 cont\u00eaineres reservat\u00f3rios e 130 novos pontos de telemetria nas [&hellip;]<\/p>\n","protected":false},"author":2,"featured_media":73054,"comment_status":"open","ping_status":"open","sticky":false,"template":"","format":"standard","meta":{"advanced_seo_description":"","jetpack_seo_html_title":"","jetpack_seo_noindex":false,"_jetpack_memberships_contains_paid_content":false,"footnotes":""},"categories":[40],"tags":[],"class_list":{"0":"post-73053","1":"post","2":"type-post","3":"status-publish","4":"format-standard","5":"has-post-thumbnail","7":"category-destaques"},"jetpack_featured_media_url":"https:\/\/www.paranapraia.com.br\/wp-content\/uploads\/2025\/10\/sanepar_vistorias_esgoto.jpg","jetpack_sharing_enabled":true,"_links":{"self":[{"href":"https:\/\/www.paranapraia.com.br\/index.php\/wp-json\/wp\/v2\/posts\/73053"}],"collection":[{"href":"https:\/\/www.paranapraia.com.br\/index.php\/wp-json\/wp\/v2\/posts"}],"about":[{"href":"https:\/\/www.paranapraia.com.br\/index.php\/wp-json\/wp\/v2\/types\/post"}],"author":[{"embeddable":true,"href":"https:\/\/www.paranapraia.com.br\/index.php\/wp-json\/wp\/v2\/users\/2"}],"replies":[{"embeddable":true,"href":"https:\/\/www.paranapraia.com.br\/index.php\/wp-json\/wp\/v2\/comments?post=73053"}],"version-history":[{"count":1,"href":"https:\/\/www.paranapraia.com.br\/index.php\/wp-json\/wp\/v2\/posts\/73053\/revisions"}],"predecessor-version":[{"id":73055,"href":"https:\/\/www.paranapraia.com.br\/index.php\/wp-json\/wp\/v2\/posts\/73053\/revisions\/73055"}],"wp:featuredmedia":[{"embeddable":true,"href":"https:\/\/www.paranapraia.com.br\/index.php\/wp-json\/wp\/v2\/media\/73054"}],"wp:attachment":[{"href":"https:\/\/www.paranapraia.com.br\/index.php\/wp-json\/wp\/v2\/media?parent=73053"}],"wp:term":[{"taxonomy":"category","embeddable":true,"href":"https:\/\/www.paranapraia.com.br\/index.php\/wp-json\/wp\/v2\/categories?post=73053"},{"taxonomy":"post_tag","embeddable":true,"href":"https:\/\/www.paranapraia.com.br\/index.php\/wp-json\/wp\/v2\/tags?post=73053"}],"curies":[{"name":"wp","href":"https:\/\/api.w.org\/{rel}","templated":true}]}}