{"id":73044,"date":"2025-10-06T10:23:13","date_gmt":"2025-10-06T13:23:13","guid":{"rendered":"https:\/\/www.paranapraia.com.br\/?p=73044"},"modified":"2025-10-06T10:23:16","modified_gmt":"2025-10-06T13:23:16","slug":"mutirao-de-limpeza-das-praias-da-ilha-do-mel-recolhe-quase-11-toneladas-de-residuos","status":"publish","type":"post","link":"https:\/\/www.paranapraia.com.br\/index.php\/2025\/10\/06\/mutirao-de-limpeza-das-praias-da-ilha-do-mel-recolhe-quase-11-toneladas-de-residuos\/","title":{"rendered":"Mutir\u00e3o de Limpeza das Praias da Ilha do Mel recolhe quase 11 toneladas de res\u00edduos"},"content":{"rendered":"\n<p>Nativos, moradores e visitantes da Ilha do Mel retiraram quase 11 toneladas de res\u00edduos durante o 3\u00ba Mutir\u00e3o de Limpeza das Praias, realizado neste s\u00e1bado. Garrafas, isopor, redes de pesca e at\u00e9 eletrodom\u00e9sticos foram os principais materiais coletados nas regi\u00f5es das praias da Ponta Oeste, da Fortaleza e de Bras\u00edlia. A Portos do Paran\u00e1 apoiou a iniciativa, criada pela pr\u00f3pria comunidade, fornecendo embarca\u00e7\u00e3o, luvas, sacolas e sacochilas para os volunt\u00e1rios.<\/p>\n\n\n\n<p>Uma equipe da Diretoria de Meio Ambiente e da Cia Ambiental, empresa prestadora de servi\u00e7os para a Portos do Paran\u00e1, tamb\u00e9m participou da a\u00e7\u00e3o, que come\u00e7ou na manh\u00e3 deste s\u00e1bado (04) e se estendeu at\u00e9 a tarde.<\/p>\n\n\n\n<p>\u201cQuando a comunidade se mobiliza, vemos que a educa\u00e7\u00e3o ambiental est\u00e1 surtindo efeito. Um dos principais objetivos do nosso trabalho \u00e9 justamente ser parceiro das comunidades, para que elas sejam protagonistas de a\u00e7\u00f5es que transformam suas pr\u00f3prias vidas\u201d, destacou o coordenador de Comunica\u00e7\u00e3o Social, Educa\u00e7\u00e3o Ambiental e Sustentabilidade da Portos do Paran\u00e1, Pedro Pisacco.<\/p>\n\n\n\n<p>Segundo ponto tur\u00edstico mais visitado do Paran\u00e1, a Ilha do Mel recebe res\u00edduos gerados por moradores e turistas, al\u00e9m de grande volume trazido pelas mar\u00e9s. \u201cAs sacolas pl\u00e1sticas s\u00e3o um dos principais problemas para a natureza, porque podem ser facilmente confundidas pela fauna marinha com alimentos, como as algas. A tartaruga, por exemplo, que ingere uma sacola pl\u00e1stica, sente saciedade, deixa de se alimentar e acaba morrendo\u201d, explicou Pisacco.<\/p>\n\n\n\n<p>Roberto Santana Gon\u00e7alves, de 65 anos, morador da Ilha, acompanhou a evolu\u00e7\u00e3o da consci\u00eancia ambiental na ilha. \u201cTrinta anos atr\u00e1s, a gente enterrava o lixo, n\u00e3o tinha essa vis\u00e3o ambiental. Hoje mudou, a maioria est\u00e1 bem consciente. Quase 70 pessoas est\u00e3o participando\u201d, contou.<\/p>\n\n\n\n<p>A nativa Francielle Santos do Ros\u00e1rio levou a fam\u00edlia para participar da a\u00e7\u00e3o. \u201cA polui\u00e7\u00e3o \u00e9 muito ruim, principalmente porque a Ilha do Mel \u00e9 um ponto tur\u00edstico e fica feia. E aqui \u00e9 o ambiente onde a gente convive. \u00c9 muito importante limpar\u201d, afirmou.<\/p>\n\n\n\n<p>J\u00e1 a moradora Maria Auxiliadora participou pela segunda vez do mutir\u00e3o. \u201cQuem mais sofre com o lixo \u00e9 o animal marinho. A gente tem mecanismos para se cuidar, j\u00e1 os animais n\u00e3o. A mar\u00e9 sempre traz algum bicho enrolado em rede\u201d, relatou.<\/p>\n\n\n\n<p>Uma das etapas do mutir\u00e3o foi a coleta de aparelhos eletr\u00f4nicos, m\u00f3veis e grandes objetos guardados pelos moradores para o descarte correto. O marinheiro Emanuel Vieira da Silva ajudou na retirada de garrafas, cadeiras e at\u00e9 uma churrasqueira de uma pousada. \u201cO trabalho coletivo em prol da natureza \u00e9 o que mais me motiva a participar.\u201d Todo o material recolhido foi destinado \u00e0 Associa\u00e7\u00e3o Municipal dos Coletores de Res\u00edduos S\u00f3lidos de Pontal do Paran\u00e1.<\/p>\n\n\n\n<p>Durante o evento, Roberto Gon\u00e7alves fez um apelo aos turistas. \u201cQuem vem para a ilha, n\u00e3o jogue lixo nas trilhas, nas praias. Leve o seu lixo de volta e deixe apenas as pegadas\u201d.<\/p>\n\n\n\n<p><strong>OUTROS MUTIR\u00d5ES DE LIMPEZA<\/strong>\u00a0\u2013\u00a0Em setembro, a Portos do Paran\u00e1 apoiou mais dois mutir\u00f5es de limpeza, que retiraram\u00a01.830 quilos de res\u00edduos dos de Paranagu\u00e1 e Antonina.\u00a0Nas duas a\u00e7\u00f5es, a empresa participou por meio da Cia Ambiental e forneceu luvas e sacos de lixo para os volunt\u00e1rios. Os manguezais s\u00e3o ecossistemas costeiros ricos em biodiversidade e de extrema import\u00e2ncia para o equil\u00edbrio ambiental.<\/p>\n\n\n\n<p>AEN\/PR<\/p>\n","protected":false},"excerpt":{"rendered":"<p>Nativos, moradores e visitantes da Ilha do Mel retiraram quase 11 toneladas de res\u00edduos durante o 3\u00ba Mutir\u00e3o de Limpeza das Praias, realizado neste s\u00e1bado. Garrafas, isopor, redes de pesca e at\u00e9 eletrodom\u00e9sticos foram os principais materiais coletados nas regi\u00f5es das praias da Ponta Oeste, da Fortaleza e de Bras\u00edlia. A Portos do Paran\u00e1 apoiou [&hellip;]<\/p>\n","protected":false},"author":2,"featured_media":73045,"comment_status":"open","ping_status":"open","sticky":false,"template":"","format":"standard","meta":{"advanced_seo_description":"","jetpack_seo_html_title":"","jetpack_seo_noindex":false,"_jetpack_memberships_contains_paid_content":false,"footnotes":""},"categories":[76],"tags":[],"class_list":{"0":"post-73044","1":"post","2":"type-post","3":"status-publish","4":"format-standard","5":"has-post-thumbnail","7":"category-ilha-do-mel"},"jetpack_featured_media_url":"https:\/\/www.paranapraia.com.br\/wp-content\/uploads\/2025\/10\/dji_20251004121841_0205_d_copiar.jpg","jetpack_sharing_enabled":true,"_links":{"self":[{"href":"https:\/\/www.paranapraia.com.br\/index.php\/wp-json\/wp\/v2\/posts\/73044"}],"collection":[{"href":"https:\/\/www.paranapraia.com.br\/index.php\/wp-json\/wp\/v2\/posts"}],"about":[{"href":"https:\/\/www.paranapraia.com.br\/index.php\/wp-json\/wp\/v2\/types\/post"}],"author":[{"embeddable":true,"href":"https:\/\/www.paranapraia.com.br\/index.php\/wp-json\/wp\/v2\/users\/2"}],"replies":[{"embeddable":true,"href":"https:\/\/www.paranapraia.com.br\/index.php\/wp-json\/wp\/v2\/comments?post=73044"}],"version-history":[{"count":1,"href":"https:\/\/www.paranapraia.com.br\/index.php\/wp-json\/wp\/v2\/posts\/73044\/revisions"}],"predecessor-version":[{"id":73046,"href":"https:\/\/www.paranapraia.com.br\/index.php\/wp-json\/wp\/v2\/posts\/73044\/revisions\/73046"}],"wp:featuredmedia":[{"embeddable":true,"href":"https:\/\/www.paranapraia.com.br\/index.php\/wp-json\/wp\/v2\/media\/73045"}],"wp:attachment":[{"href":"https:\/\/www.paranapraia.com.br\/index.php\/wp-json\/wp\/v2\/media?parent=73044"}],"wp:term":[{"taxonomy":"category","embeddable":true,"href":"https:\/\/www.paranapraia.com.br\/index.php\/wp-json\/wp\/v2\/categories?post=73044"},{"taxonomy":"post_tag","embeddable":true,"href":"https:\/\/www.paranapraia.com.br\/index.php\/wp-json\/wp\/v2\/tags?post=73044"}],"curies":[{"name":"wp","href":"https:\/\/api.w.org\/{rel}","templated":true}]}}