{"id":72993,"date":"2025-10-03T14:53:15","date_gmt":"2025-10-03T17:53:15","guid":{"rendered":"https:\/\/www.paranapraia.com.br\/?p=72993"},"modified":"2025-10-03T14:53:55","modified_gmt":"2025-10-03T17:53:55","slug":"decreto-do-governo-do-parana-aumenta-diaria-e-valoriza-atuacao-dos-guarda-vidas-civis","status":"publish","type":"post","link":"https:\/\/www.paranapraia.com.br\/index.php\/2025\/10\/03\/decreto-do-governo-do-parana-aumenta-diaria-e-valoriza-atuacao-dos-guarda-vidas-civis\/","title":{"rendered":"Decreto do Governo do Paran\u00e1 aumenta di\u00e1ria e valoriza atua\u00e7\u00e3o dos guarda-vidas civis"},"content":{"rendered":"\n<p>O governador Carlos Massa Ratinho Junior assinou, nesta quinta-feira (2), o Decreto n\u00ba 11.366\/2025 que atualiza a regulamenta\u00e7\u00e3o do servi\u00e7o volunt\u00e1rio de guarda-vidas civis em apoio ao Corpo de Bombeiros Militar do Paran\u00e1 (CBMPR). A medida define novos valores de indeniza\u00e7\u00e3o para diferentes cargas hor\u00e1rias de trabalho e garante mais flexibilidade na utiliza\u00e7\u00e3o desses profissionais, especialmente durante o Ver\u00e3o Maior Paran\u00e1, quando o fluxo de banhistas cresce no Litoral.<\/p>\n\n\n\n<p>Com o novo decreto, os valores passam a ser de R$ 165,00 por dia de servi\u00e7o volunt\u00e1rio com carga hor\u00e1ria de 6 horas; R$ 220,00 para jornadas de 8 horas; e R$ 330,00 para turnos de 12 horas.<\/p>\n\n\n\n<p>Segundo o tenente-coronel Fabr\u00edcio Frazatto dos Santos, comandante do 8\u00ba Grupamento de Bombeiros, unidade respons\u00e1vel pelo Litoral do Paran\u00e1, a atualiza\u00e7\u00e3o traz benef\u00edcios pr\u00e1ticos para a rotina operacional. \u201cEssa mudan\u00e7a vai possibilitar uma utiliza\u00e7\u00e3o mais eficiente dos volunt\u00e1rios, com escalas que atendem melhor \u00e0s realidades distintas entre o Litoral e o Interior do Estado. Al\u00e9m disso, permite maior flexibilidade para que os guarda-vidas participem de campanhas educativas e outras a\u00e7\u00f5es de preven\u00e7\u00e3o de afogamentos, ampliando o alcance do nosso trabalho\u201d, destaca.<\/p>\n\n\n\n<p>O programa Guarda-Vidas Civil Volunt\u00e1rio \u00e9 considerado um dos mais relevantes projetos sociais do CBMPR. Criado ainda na d\u00e9cada de 1960 e fortalecido nos anos 2000, j\u00e1 formou mais de 800 volunt\u00e1rios em todo o Estado. Na \u00faltima temporada, cerca de 300 guarda-vidas atuaram no Litoral e em rios e lagos, n\u00famero que deve ser ampliado para aproximadamente 400 neste ver\u00e3o.<\/p>\n\n\n\n<p>Al\u00e9m de refor\u00e7ar a seguran\u00e7a de banhistas, o programa contribui para a forma\u00e7\u00e3o cidad\u00e3 dos participantes, oferecendo capacita\u00e7\u00e3o t\u00e9cnica, disciplina e a oportunidade de atuar sob a coordena\u00e7\u00e3o direta do Corpo de Bombeiros. \u201cO projeto dos guarda-vidas civis \u00e9 uma oportunidade de difundir a cultura preventiva para a sociedade. S\u00e3o pessoas que ingressam nessa atividade de forma volunt\u00e1ria e acabam se tornando multiplicadores de boas pr\u00e1ticas de seguran\u00e7a e preven\u00e7\u00e3o de afogamentos\u201d, afirma Frazatto.<\/p>\n\n\n\n<p>As inscri\u00e7\u00f5es para o curso de forma\u00e7\u00e3o de Guarda-Vidas Civil j\u00e1 est\u00e3o abertas e podem ser feitas&nbsp;<a href=\"https:\/\/www.bombeiros.pr.gov.br\/Pagina\/Curso-de-Guarda-Vidas-Civil-2025\" target=\"_blank\" rel=\"noreferrer noopener\">neste link<\/a>. O curso \u00e9 pr\u00e9-requisito para que os interessados possam atuar na pr\u00f3xima temporada.<\/p>\n\n\n\n<p>AEN\/PR<\/p>\n","protected":false},"excerpt":{"rendered":"<p>O governador Carlos Massa Ratinho Junior assinou, nesta quinta-feira (2), o Decreto n\u00ba 11.366\/2025 que atualiza a regulamenta\u00e7\u00e3o do servi\u00e7o volunt\u00e1rio de guarda-vidas civis em apoio ao Corpo de Bombeiros Militar do Paran\u00e1 (CBMPR). A medida define novos valores de indeniza\u00e7\u00e3o para diferentes cargas hor\u00e1rias de trabalho e garante mais flexibilidade na utiliza\u00e7\u00e3o desses profissionais, [&hellip;]<\/p>\n","protected":false},"author":2,"featured_media":72994,"comment_status":"open","ping_status":"open","sticky":false,"template":"","format":"standard","meta":{"advanced_seo_description":"","jetpack_seo_html_title":"","jetpack_seo_noindex":false,"_jetpack_memberships_contains_paid_content":false,"footnotes":""},"categories":[40],"tags":[],"class_list":{"0":"post-72993","1":"post","2":"type-post","3":"status-publish","4":"format-standard","5":"has-post-thumbnail","7":"category-destaques"},"jetpack_featured_media_url":"https:\/\/www.paranapraia.com.br\/wp-content\/uploads\/2025\/10\/dsc_1505-scaled.jpg","jetpack_sharing_enabled":true,"_links":{"self":[{"href":"https:\/\/www.paranapraia.com.br\/index.php\/wp-json\/wp\/v2\/posts\/72993"}],"collection":[{"href":"https:\/\/www.paranapraia.com.br\/index.php\/wp-json\/wp\/v2\/posts"}],"about":[{"href":"https:\/\/www.paranapraia.com.br\/index.php\/wp-json\/wp\/v2\/types\/post"}],"author":[{"embeddable":true,"href":"https:\/\/www.paranapraia.com.br\/index.php\/wp-json\/wp\/v2\/users\/2"}],"replies":[{"embeddable":true,"href":"https:\/\/www.paranapraia.com.br\/index.php\/wp-json\/wp\/v2\/comments?post=72993"}],"version-history":[{"count":1,"href":"https:\/\/www.paranapraia.com.br\/index.php\/wp-json\/wp\/v2\/posts\/72993\/revisions"}],"predecessor-version":[{"id":72995,"href":"https:\/\/www.paranapraia.com.br\/index.php\/wp-json\/wp\/v2\/posts\/72993\/revisions\/72995"}],"wp:featuredmedia":[{"embeddable":true,"href":"https:\/\/www.paranapraia.com.br\/index.php\/wp-json\/wp\/v2\/media\/72994"}],"wp:attachment":[{"href":"https:\/\/www.paranapraia.com.br\/index.php\/wp-json\/wp\/v2\/media?parent=72993"}],"wp:term":[{"taxonomy":"category","embeddable":true,"href":"https:\/\/www.paranapraia.com.br\/index.php\/wp-json\/wp\/v2\/categories?post=72993"},{"taxonomy":"post_tag","embeddable":true,"href":"https:\/\/www.paranapraia.com.br\/index.php\/wp-json\/wp\/v2\/tags?post=72993"}],"curies":[{"name":"wp","href":"https:\/\/api.w.org\/{rel}","templated":true}]}}