{"id":72990,"date":"2025-10-03T14:51:50","date_gmt":"2025-10-03T17:51:50","guid":{"rendered":"https:\/\/www.paranapraia.com.br\/?p=72990"},"modified":"2025-10-03T14:51:52","modified_gmt":"2025-10-03T17:51:52","slug":"dia-mundial-de-combate-a-meningite-estado-reforca-importancia-da-vacinacao","status":"publish","type":"post","link":"https:\/\/www.paranapraia.com.br\/index.php\/2025\/10\/03\/dia-mundial-de-combate-a-meningite-estado-reforca-importancia-da-vacinacao\/","title":{"rendered":"Dia Mundial de Combate \u00e0 Meningite: Estado refor\u00e7a import\u00e2ncia da vacina\u00e7\u00e3o"},"content":{"rendered":"\n<p>O pr\u00f3ximo domingo, 5 de outubro, \u00e9 o Dia Mundial de Combate \u00e0 Meningite. A Secretaria de Estado da Sa\u00fade do Paran\u00e1 (Sesa) aproveita a data para refor\u00e7ar a import\u00e2ncia da vacina\u00e7\u00e3o como principal forma de preven\u00e7\u00e3o.<\/p>\n\n\n\n<p>Em 2025, at\u00e9 a semana epidemiol\u00f3gica 39, o Estado registrou 934 casos da doen\u00e7a e 92 mortes. Embora os n\u00fameros representem uma queda de 6,4% em rela\u00e7\u00e3o ao mesmo per\u00edodo de 2024, houve aumento expressivo nos casos de doen\u00e7a meningoc\u00f3cica, que somaram 49 infec\u00e7\u00f5es e 13 \u00f3bitos \u2013 altas de 96% e 225%, respectivamente, em compara\u00e7\u00e3o ao ano anterior.<\/p>\n\n\n\n<p>De acordo com o secret\u00e1rio de Estado da Sa\u00fade, Beto Preto, os n\u00fameros demonstram a necessidade de aten\u00e7\u00e3o, mas n\u00e3o de alarde. \u201cA meningite \u00e9 uma doen\u00e7a grave, por\u00e9m pode ser prevenida e tratada quando diagnosticada rapidamente. Nosso papel \u00e9 manter a popula\u00e7\u00e3o informada para que os sinais n\u00e3o passem despercebidos. Tamb\u00e9m refor\u00e7amos a import\u00e2ncia da vacina\u00e7\u00e3o e das medidas de preven\u00e7\u00e3o no dia a dia\u201d, ressaltou.<\/p>\n\n\n\n<p>A meningite \u00e9 uma inflama\u00e7\u00e3o das meninges, membranas que envolvem o c\u00e9rebro e a medula espinhal \u2013 pode ser causada por v\u00edrus, bact\u00e9rias, fungos ou parasitas. A transmiss\u00e3o ocorre pelo contato pr\u00f3ximo entre pessoas, por meio da fala, tosse ou espirros<\/p>\n\n\n\n<p>Entre os sintomas mais comuns est\u00e3o febre, dor de cabe\u00e7a intensa, v\u00f4mitos e rigidez na nuca. Em situa\u00e7\u00f5es mais graves, podem ocorrer convuls\u00f5es e o aparecimento de manchas vermelhas na pele, chamadas pet\u00e9quias. Nos beb\u00eas, os sinais podem incluir irritabilidade, recusa alimentar, choro frequente e at\u00e9 mesmo hipotermia.<\/p>\n\n\n\n<p><strong>ESQUEMA VACINAL<\/strong>&nbsp;&#8211;&nbsp;O Programa Nacional de Imuniza\u00e7\u00e3o (PNI) disponibiliza gratuitamente, pelo Sistema \u00danico de Sa\u00fade (SUS), vacinas que protegem contra diferentes agentes causadores da meningite. A BCG \u00e9 aplicada logo ap\u00f3s o nascimento. As vacinas meningoc\u00f3cicas, como a meningo C e a ACWY, s\u00e3o aplicadas nos primeiros meses de vida e t\u00eam refor\u00e7os na inf\u00e2ncia e adolesc\u00eancia.<\/p>\n\n\n\n<p>Outras vacinas importantes s\u00e3o a pentavalente, aplicada aos 2, 4 e 6 meses, e a pneumoc\u00f3cica 10, aplicada aos 2 e 4 meses, com refor\u00e7o no primeiro ano de vida.<\/p>\n\n\n\n<p>No Paran\u00e1, a cobertura vacinal em crian\u00e7as menores de 2 anos para a maioria desses imunizantes &nbsp;est\u00e1 em torno de 83%, com destaque para a BCG, que ultrapassa 100% da meta de cobertura.<\/p>\n\n\n\n<p>Para a diretora de Aten\u00e7\u00e3o e Vigil\u00e2ncia em Sa\u00fade da Sesa, Maria Goretti David Lopes, mesmo com \u00edndices superiores a 80%, \u00e9 preciso ampliar a cobertura vacinal. \u201cO Minist\u00e9rio da Sa\u00fade recomenda que o alcance m\u00ednimo seja de 95% para garantir uma prote\u00e7\u00e3o efetiva da popula\u00e7\u00e3o. Ainda estamos abaixo dessa meta e, por isso, \u00e9 fundamental que os pais e respons\u00e1veis mantenham em dia a caderneta de vacina\u00e7\u00e3o das crian\u00e7as e adolescentes\u201d, alertou.<\/p>\n\n\n\n<p><strong>CUIDADOS&nbsp;<\/strong>&#8211;&nbsp;Al\u00e9m da imuniza\u00e7\u00e3o, cuidados simples ajudam a reduzir os riscos de transmiss\u00e3o da doen\u00e7a, como manter os ambientes bem ventilados, evitar aglomera\u00e7\u00f5es, lavar as m\u00e3os com frequ\u00eancia, cobrir a boca e o nariz ao tossir ou espirrar e n\u00e3o compartilhar objetos de uso pessoal, como copos e talheres. Essas atitudes, associadas \u00e0 vacina\u00e7\u00e3o, fortalecem a prote\u00e7\u00e3o coletiva e reduzem o impacto da meningite na sa\u00fade da popula\u00e7\u00e3o.<\/p>\n\n\n\n<p>AEN\/PR<\/p>\n","protected":false},"excerpt":{"rendered":"<p>O pr\u00f3ximo domingo, 5 de outubro, \u00e9 o Dia Mundial de Combate \u00e0 Meningite. A Secretaria de Estado da Sa\u00fade do Paran\u00e1 (Sesa) aproveita a data para refor\u00e7ar a import\u00e2ncia da vacina\u00e7\u00e3o como principal forma de preven\u00e7\u00e3o. Em 2025, at\u00e9 a semana epidemiol\u00f3gica 39, o Estado registrou 934 casos da doen\u00e7a e 92 mortes. Embora [&hellip;]<\/p>\n","protected":false},"author":2,"featured_media":72991,"comment_status":"open","ping_status":"open","sticky":false,"template":"","format":"standard","meta":{"advanced_seo_description":"","jetpack_seo_html_title":"","jetpack_seo_noindex":false,"_jetpack_memberships_contains_paid_content":false,"footnotes":""},"categories":[50],"tags":[],"class_list":{"0":"post-72990","1":"post","2":"type-post","3":"status-publish","4":"format-standard","5":"has-post-thumbnail","7":"category-saude"},"jetpack_featured_media_url":"https:\/\/www.paranapraia.com.br\/wp-content\/uploads\/2025\/10\/1_0-1.jpg","jetpack_sharing_enabled":true,"_links":{"self":[{"href":"https:\/\/www.paranapraia.com.br\/index.php\/wp-json\/wp\/v2\/posts\/72990"}],"collection":[{"href":"https:\/\/www.paranapraia.com.br\/index.php\/wp-json\/wp\/v2\/posts"}],"about":[{"href":"https:\/\/www.paranapraia.com.br\/index.php\/wp-json\/wp\/v2\/types\/post"}],"author":[{"embeddable":true,"href":"https:\/\/www.paranapraia.com.br\/index.php\/wp-json\/wp\/v2\/users\/2"}],"replies":[{"embeddable":true,"href":"https:\/\/www.paranapraia.com.br\/index.php\/wp-json\/wp\/v2\/comments?post=72990"}],"version-history":[{"count":1,"href":"https:\/\/www.paranapraia.com.br\/index.php\/wp-json\/wp\/v2\/posts\/72990\/revisions"}],"predecessor-version":[{"id":72992,"href":"https:\/\/www.paranapraia.com.br\/index.php\/wp-json\/wp\/v2\/posts\/72990\/revisions\/72992"}],"wp:featuredmedia":[{"embeddable":true,"href":"https:\/\/www.paranapraia.com.br\/index.php\/wp-json\/wp\/v2\/media\/72991"}],"wp:attachment":[{"href":"https:\/\/www.paranapraia.com.br\/index.php\/wp-json\/wp\/v2\/media?parent=72990"}],"wp:term":[{"taxonomy":"category","embeddable":true,"href":"https:\/\/www.paranapraia.com.br\/index.php\/wp-json\/wp\/v2\/categories?post=72990"},{"taxonomy":"post_tag","embeddable":true,"href":"https:\/\/www.paranapraia.com.br\/index.php\/wp-json\/wp\/v2\/tags?post=72990"}],"curies":[{"name":"wp","href":"https:\/\/api.w.org\/{rel}","templated":true}]}}