{"id":72900,"date":"2025-10-02T10:33:35","date_gmt":"2025-10-02T13:33:35","guid":{"rendered":"https:\/\/www.paranapraia.com.br\/?p=72900"},"modified":"2025-10-02T10:33:37","modified_gmt":"2025-10-02T13:33:37","slug":"mare-de-oportunidade-incentiva-o-turismo-sustentavel-em-pequenos-negocios-no-litoral-do-parana","status":"publish","type":"post","link":"https:\/\/www.paranapraia.com.br\/index.php\/2025\/10\/02\/mare-de-oportunidade-incentiva-o-turismo-sustentavel-em-pequenos-negocios-no-litoral-do-parana\/","title":{"rendered":"Mar\u00e9 de Oportunidade incentiva o turismo sustent\u00e1vel em pequenos neg\u00f3cios no litoral do Paran\u00e1"},"content":{"rendered":"\n<p><em>Em Matinhos, evento contou com oficinas, pain\u00e9is de conte\u00fado e rodadas de neg\u00f3cio<\/em><\/p>\n\n\n\n<p>O litoral do Paran\u00e1 vive um novo momento de desenvolvimento. No dia 30 de setembro, o Sesc Caiob\u00e1 foi palco de mais uma das atividades do Mar\u00e9 de Oportunidades, evento que reuniu micro e pequenos empreendedores do turismo, ambulantes e fornecedores em um dia de capacita\u00e7\u00e3o, troca de experi\u00eancias&nbsp;e rodadas de&nbsp;neg\u00f3cios.<\/p>\n\n\n\n<p>As a\u00e7\u00f5es&nbsp;s\u00e3o&nbsp;gratuitas acontecem em diferentes munic\u00edpios da regi\u00e3o litor\u00e2nea at\u00e9 novembro e s\u00e3o resultado de parceria entre Sebrae\/PR com o Sistema Fecom\u00e9rcio PR,&nbsp;Sesc, Senac, as prefeituras municipais de Matinhos, Guaratuba e Pontal do Paran\u00e1, associa\u00e7\u00f5es comerciais locais e a Adetur Litoral.&nbsp;<\/p>\n\n\n\n<p>Uma das empreendedoras locais participantes foi a Mera Von Muller, da Gentileza Tour, ag\u00eancia de turismo localizada em Matinhos. Ela conta que viu no evento a oportunidade de criar novas parcerias com produtores locais.&nbsp;<\/p>\n\n\n\n<p>\u201cA&nbsp;proposta de incluir todo o trade tur\u00edstico \u00e9 maravilhosa. Nos abre um universo de oportunidades e nos ajuda a qualificar ainda mais nossos servi\u00e7os e atendimento\u201d, disse.&nbsp;<\/p>\n\n\n\n<p>Essa&nbsp;\u00e9 uma das a\u00e7\u00f5es que incentivaram a amplia\u00e7\u00e3o do programa. Antes era voltado a ambulantes, agora inclui pequenos neg\u00f3cios do turismo como: restaurantes, bares, meios de hospedagem, receptivos e com\u00e9rcio local. A consultora do Sebrae\/PR, Fernanda Pesarini, refor\u00e7ou a proposta de fortalecer toda a cadeia tur\u00edstica.&nbsp;<\/p>\n\n\n\n<p>\u201cNosso objetivo \u00e9 conectar, capacitar e dar acesso a novos mercados para que o turismo do litoral se torne cada vez mais competitivo, beneficiando empreendedores, comunidades e visitantes\u201d, apontou.<\/p>\n\n\n\n<p>A for\u00e7a da integra\u00e7\u00e3o foi um dos destaques apontados pelo diretor de Gest\u00e3o de Neg\u00f3cios do Senac,&nbsp;Marco Ant\u00f4nio Biss.&nbsp;<\/p>\n\n\n\n<p>\u201cTodas as institui\u00e7\u00f5es aqui envolvidas atuam com o mesmo objetivo, mas em diferentes frentes. Quando unimos esfor\u00e7os em torno de uma mesma pauta, como o turismo no litoral, potencializamos o poder de transforma\u00e7\u00e3o para a economia local\u201d, celebrou.<\/p>\n\n\n\n<p>O gerente do Sesc Caiob\u00e1, Adalberto Carneiro, tamb\u00e9m enfatizou a parceria.&nbsp;<\/p>\n\n\n\n<p>\u201cA integra\u00e7\u00e3o dos parceiros do Sistema S com as prefeituras \u00e9 fundamental para transformar capacita\u00e7\u00e3o em resultados concretos para a comunidade\u201d, destacou.&nbsp;<\/p>\n\n\n\n<p><strong>Sustentabilidade em pr\u00e1tica<\/strong><\/p>\n\n\n\n<p>O painel \u201cTurismo com Sustentabilidade \u2013 Aplica\u00e7\u00e3o na Pr\u00e1tica\u201d trouxe exemplos de empres\u00e1rios que j\u00e1 colocam o tema em a\u00e7\u00e3o em seus neg\u00f3cios. A diretora do Ek\u00f4a Park, em Morretes, Tatiana Perim, explicou que o parque ambiental se inspira na biomim\u00e9tica \u2013 ci\u00eancia que busca solu\u00e7\u00f5es na natureza para ajudar a resolver os desafios humanos \u2013 em seu modelo de neg\u00f3cio.&nbsp;<\/p>\n\n\n\n<p>\u201cA\u00e7\u00f5es como o Mar\u00e9 de Oportunidades s\u00e3o importantes para integrar o trade tur\u00edstico. Sustentabilidade n\u00e3o \u00e9 s\u00f3 ambiental, \u00e9 tamb\u00e9m econ\u00f4mica e social, fortalecendo comunidades e ampliando oportunidades de gera\u00e7\u00e3o de renda\u201d, enfatizou.<\/p>\n\n\n\n<p>Tamb\u00e9m de&nbsp;Morretes, o gerente do Restaurante Ponte Velha, Juarez Souza, destacou pr\u00e1ticas adotadas como energia solar, capta\u00e7\u00e3o de \u00e1gua da chuva e destina\u00e7\u00e3o de 95% dos res\u00edduos para a Associa\u00e7\u00e3o dos Coletores de Materiais Recicl\u00e1veis de Morretes (Acomaren), que gera renda para dezenas de fam\u00edlias com a reciclagem.&nbsp;<\/p>\n\n\n\n<p>\u201c\u00c9 preciso conhecer, entender e praticar a sustentabilidade em todas as esferas para garantir resultados efetivos para a comunidade local\u201d, comentou.<\/p>\n\n\n\n<p>O empres\u00e1rio Jo\u00e3o Marcos da Silva, do Man\u00e1 Sushi, nativo do litoral, explicou que seu restaurante n\u00e3o tem card\u00e1pio fixo, o que permite o uso de pescados da regi\u00e3o para o preparo dos pratos de acordo com a sazonalidade.&nbsp;<\/p>\n\n\n\n<p>\u201cIsso gera renda para os pescadores locais e ajuda a unir gastronomia, identidade cultural e responsabilidade ambiental, tornando a experi\u00eancia do turista mais aut\u00eantica. \u00c9 sustentabilidade social e econ\u00f4mica sendo colocada em pr\u00e1tica\u201d, ressaltou.<\/p>\n\n\n\n<p>J\u00e1 Leandro Cristian, da Pousada Aerolito Surf House, contou que o prop\u00f3sito do seu estabelecimento \u00e9 deixar o h\u00f3spede conectado \u00e0 praia e \u00e0 natureza.&nbsp;<\/p>\n\n\n\n<p>\u201cToda a nossa constru\u00e7\u00e3o \u00e9 integrada \u00e0 natureza. N\u00e3o destru\u00edmos nada, cada \u00e1rvore e cada pedra do lugar s\u00e3o elementos que fazem parte do que somos. A sustentabilidade \u00e9 o fundamento do nosso dia a dia\u201d, afirmou.&nbsp;<\/p>\n\n\n\n<p><strong>Hist\u00f3rias que inspiram<\/strong><\/p>\n\n\n\n<p>Um&nbsp;exemplo de supera\u00e7\u00e3o e transforma\u00e7\u00e3o vem da barraca Churros do Lazinho, em Caiob\u00e1. Os propriet\u00e1rios, Ketlyn de Oliveira e Cl\u00e1udio Gon\u00e7alves Cede\u00e7ari, s\u00e3o naturais de Curitiba, mas foi no litoral que se conheceram, h\u00e1 12 anos, e decidiram empreender juntos. Desde ent\u00e3o, dividem a rotina de atender turistas e moradores com o sabor marcante dos churros.<\/p>\n\n\n\n<p>O nome atual da barraca surgiu h\u00e1 sete anos, com o nascimento do filho do casal, L\u00e1zaro, diagnosticado com autismo. Em homenagem a ele, a marca ganhou n\u00e3o apenas um novo nome, mas tamb\u00e9m um prop\u00f3sito: unir gastronomia e conscientiza\u00e7\u00e3o sobre o transtorno do espectro autista. A cada temporada, o neg\u00f3cio se tornou tamb\u00e9m uma ferramenta de inclus\u00e3o e informa\u00e7\u00e3o para a comunidade e visitantes.<\/p>\n\n\n\n<p>Ao longo dessa trajet\u00f3ria, Ketlyn e Cl\u00e1udio participaram de diversas capacita\u00e7\u00f5es oferecidas pelo Sebrae\/PR e pelo Sesc, aprimorando a gest\u00e3o, o atendimento e a vis\u00e3o de futuro. O pr\u00f3ximo passo j\u00e1 est\u00e1 definido: em 2026, o casal planeja abrir uma lanchonete em Caiob\u00e1 para oferecer churros, bebidas e petiscos em um espa\u00e7o fixo.<\/p>\n\n\n\n<p>\u201cAs capacita\u00e7\u00f5es&nbsp;t\u00eam sido muito importantes para nos ajudar a organizar nosso neg\u00f3cio e garantir uma vida mais digna para o nosso filho e para a fam\u00edlia. Cada capacita\u00e7\u00e3o nos d\u00e1 mais confian\u00e7a para crescer\u201d, afirma Ketlyn.<\/p>\n\n\n\n<p>Empreendedora nata, a massoterapeuta Sara Junger oferece servi\u00e7os personalizados de spa e est\u00e1 expandindo seu neg\u00f3cio criando um site de bem-estar. O projeto \u201cGuaratuba Bem-estar\u201d se prop\u00f5e a oferecer pr\u00e1ticas de conex\u00e3o e autocuidado com foco nos cinco sentidos, atrav\u00e9s de experi\u00eancias conectadas \u00e0 Mata Atl\u00e2ntica e ao oceano.&nbsp;<\/p>\n\n\n\n<p>\u201cMeu objetivo \u00e9 unir equil\u00edbrio mental com conscientiza\u00e7\u00e3o ambiental, por meio de viv\u00eancias personalizadas. Ouvi aqui exemplos de outras empresas e pude aprender diferentes formas de aplicar a sustentabilidade no meu neg\u00f3cio\u201d, afirmou.<\/p>\n\n\n\n<p><strong>Conex\u00e3o com novos fornecedores<\/strong><\/p>\n\n\n\n<p>A Rodada de Neg\u00f3cios Turismo Sustent\u00e1vel foi um dos pontos altos do evento, ao aproximar empreendedores do litoral de fornecedores de solu\u00e7\u00f5es diferenciadas. O representante comercial da Eco Food Pack, do Rio de Janeiro, Welington Silveira, avaliou a ades\u00e3o do p\u00fablico local.&nbsp;<\/p>\n\n\n\n<p>\u201cAqui no litoral os empres\u00e1rios e empreendedores est\u00e3o mais conscientes do impacto do lixo e j\u00e1 entenderam que investir em embalagens sustent\u00e1veis n\u00e3o \u00e9 custo, \u00e9 valor. Essa consci\u00eancia ambiental fortalece ainda mais a imagem do destino\u201d, destacou.<\/p>\n\n\n\n<p><strong>Pr\u00f3ximas a\u00e7\u00f5es<\/strong><\/p>\n\n\n\n<p>O Mar\u00e9 de Oportunidades segue durante&nbsp;outubro e novembro, com uma s\u00e9rie de oficinas gratuitas voltadas a&nbsp;ambulantes e empreendedores de todo o trade tur\u00edstico.&nbsp;As pr\u00f3ximas datas incluem capacita\u00e7\u00f5es em Matinhos (7 a 9\/10), Guaratuba (14 a 17\/10) e Pontal do Paran\u00e1 (21 a 23\/10), com atividades que abordam temas como boas pr\u00e1ticas na manipula\u00e7\u00e3o de alimentos, atendimento ao turista e marketing para pequenos neg\u00f3cios.&nbsp;Para mais&nbsp;informa\u00e7\u00f5es, confira a programa\u00e7\u00e3o completa de eventos em:&nbsp;<a href=\"https:\/\/sebraepr.com.br\/lp\/mare-de-oportunidades\/\" target=\"_blank\" rel=\"noreferrer noopener\">https:\/\/sebraepr.com.br\/lp\/mare-de-oportunidades\/<\/a><\/p>\n\n\n\n<p>Assessoria<\/p>\n","protected":false},"excerpt":{"rendered":"<p>Em Matinhos, evento contou com oficinas, pain\u00e9is de conte\u00fado e rodadas de neg\u00f3cio O litoral do Paran\u00e1 vive um novo momento de desenvolvimento. No dia 30 de setembro, o Sesc Caiob\u00e1 foi palco de mais uma das atividades do Mar\u00e9 de Oportunidades, evento que reuniu micro e pequenos empreendedores do turismo, ambulantes e fornecedores em [&hellip;]<\/p>\n","protected":false},"author":2,"featured_media":72901,"comment_status":"open","ping_status":"open","sticky":false,"template":"","format":"standard","meta":{"advanced_seo_description":"","jetpack_seo_html_title":"","jetpack_seo_noindex":false,"_jetpack_memberships_contains_paid_content":false,"footnotes":""},"categories":[91],"tags":[],"class_list":{"0":"post-72900","1":"post","2":"type-post","3":"status-publish","4":"format-standard","5":"has-post-thumbnail","7":"category-litoral"},"jetpack_featured_media_url":"https:\/\/www.paranapraia.com.br\/wp-content\/uploads\/2025\/10\/MK1-1642.jpg","jetpack_sharing_enabled":true,"_links":{"self":[{"href":"https:\/\/www.paranapraia.com.br\/index.php\/wp-json\/wp\/v2\/posts\/72900"}],"collection":[{"href":"https:\/\/www.paranapraia.com.br\/index.php\/wp-json\/wp\/v2\/posts"}],"about":[{"href":"https:\/\/www.paranapraia.com.br\/index.php\/wp-json\/wp\/v2\/types\/post"}],"author":[{"embeddable":true,"href":"https:\/\/www.paranapraia.com.br\/index.php\/wp-json\/wp\/v2\/users\/2"}],"replies":[{"embeddable":true,"href":"https:\/\/www.paranapraia.com.br\/index.php\/wp-json\/wp\/v2\/comments?post=72900"}],"version-history":[{"count":1,"href":"https:\/\/www.paranapraia.com.br\/index.php\/wp-json\/wp\/v2\/posts\/72900\/revisions"}],"predecessor-version":[{"id":72902,"href":"https:\/\/www.paranapraia.com.br\/index.php\/wp-json\/wp\/v2\/posts\/72900\/revisions\/72902"}],"wp:featuredmedia":[{"embeddable":true,"href":"https:\/\/www.paranapraia.com.br\/index.php\/wp-json\/wp\/v2\/media\/72901"}],"wp:attachment":[{"href":"https:\/\/www.paranapraia.com.br\/index.php\/wp-json\/wp\/v2\/media?parent=72900"}],"wp:term":[{"taxonomy":"category","embeddable":true,"href":"https:\/\/www.paranapraia.com.br\/index.php\/wp-json\/wp\/v2\/categories?post=72900"},{"taxonomy":"post_tag","embeddable":true,"href":"https:\/\/www.paranapraia.com.br\/index.php\/wp-json\/wp\/v2\/tags?post=72900"}],"curies":[{"name":"wp","href":"https:\/\/api.w.org\/{rel}","templated":true}]}}