{"id":72897,"date":"2025-10-02T10:31:32","date_gmt":"2025-10-02T13:31:32","guid":{"rendered":"https:\/\/www.paranapraia.com.br\/?p=72897"},"modified":"2025-10-02T10:31:35","modified_gmt":"2025-10-02T13:31:35","slug":"meningite-viral-x-bacteriana-como-diferenciar-e-o-papel-dos-testes-moleculares-no-diagnostico-rapido","status":"publish","type":"post","link":"https:\/\/www.paranapraia.com.br\/index.php\/2025\/10\/02\/meningite-viral-x-bacteriana-como-diferenciar-e-o-papel-dos-testes-moleculares-no-diagnostico-rapido\/","title":{"rendered":"Meningite viral x bacteriana: como diferenciar e o papel dos testes moleculares no diagn\u00f3stico r\u00e1pido"},"content":{"rendered":"\n<p><em>Dia Mundial de Combate \u00e0 Meningite refor\u00e7a a import\u00e2ncia do diagn\u00f3stico preciso para salvar vidas. Testes como teste o PCR multiplex direto r\u00e1pido, passaram a ter cobertura obrigat\u00f3ria pelos planos de sa\u00fade privados e seguem para incorpora\u00e7\u00e3o ao SUS<\/em><\/p>\n\n\n\n<p>O Dia Mundial de Combate \u00e0 Meningite, oficialmente institu\u00eddo em 5 de outubro, busca conscientizar a popula\u00e7\u00e3o e os profissionais de sa\u00fade sobre a gravidade da doen\u00e7a, suas formas de preven\u00e7\u00e3o e a import\u00e2ncia de diagn\u00f3sticos \u00e1geis e precisos. Entre 2010 e 2024, o Brasil registrou mais de 233 mil casos confirmados e 22.504 \u00f3bitos, segundo o Minist\u00e9rio da Sa\u00fade. Apenas em 2024, foram mais de 900 mortes, em sua maioria decorrentes das formas bacterianas da doen\u00e7a, que apresentam maior taxa de letalidade.<\/p>\n\n\n\n<p>De acordo com Allan Munford, gerente regional LATAM de diagn\u00f3sticos sindr\u00f4micos da QIAGEN, saber diferenciar os casos de meningite viral e bacteriana \u00e9 um fator-chave para o tratamento. \u201cAmbas apresentam sintomas semelhantes, como febre alta, dor de cabe\u00e7a intensa, rigidez na nuca, n\u00e1useas, v\u00f4mitos e sensibilidade \u00e0 luz. No entanto, as meningites bacterianas t\u00eam um potencial de gravidade muito maior, podendo causar sequelas neurol\u00f3gicas e at\u00e9 levar ao \u00f3bito em poucas horas. Por isso, o diagn\u00f3stico r\u00e1pido e preciso \u00e9 fundamental\u201d, explica.<\/p>\n\n\n\n<p><strong>O papel dos testes moleculares no diagn\u00f3stico r\u00e1pido<\/strong><\/p>\n\n\n\n<p>At\u00e9 pouco tempo atr\u00e1s, a diferencia\u00e7\u00e3o entre meningite viral e bacteriana dependia de an\u00e1lises laboratoriais que podiam levar de dois a tr\u00eas dias para serem conclu\u00eddas. Nesse intervalo, muitos pacientes recebiam tratamentos emp\u00edricos, com antibi\u00f3ticos ou antivirais, sem a certeza sobre o agente causador.<\/p>\n\n\n\n<p>Allan destaca que com a chegada dos testes moleculares, como o QIAstat-Dx da QIAGEN, este cen\u00e1rio vem se transformando positivamente. Com benef\u00edcios vis\u00edveis aos pacientes e ao sistema de sa\u00fade como um todo, a tecnologia permite, em cerca de uma hora, identificar at\u00e9 15 diferentes agentes causadores da meningite e encefalite, incluindo bact\u00e9rias, v\u00edrus e fungos.<\/p>\n\n\n\n<p>A ferramenta laboratorial funciona por meio de uma metodologia de PCR em tempo real, que identifica diretamente o DNA ou RNA do agente infeccioso. A testagem \u00e9 feita com a coleta do l\u00edquido cefalorraquidiano em um procedimento de pun\u00e7\u00e3o na lombar. Ap\u00f3s somente uma etapa de manipula\u00e7\u00e3o, a amostra j\u00e1 pode seguir para avalia\u00e7\u00e3o.<\/p>\n\n\n\n<p>\u201cCada minuto conta no manejo da meningite. Ao indicar o pat\u00f3geno com rapidez e precis\u00e3o, o teste molecular garante que o m\u00e9dico adote imediatamente o tratamento mais adequado, reduzindo complica\u00e7\u00f5es, sequelas e mortes. No caso da meningite bacteriana, o uso precoce do antibi\u00f3tico correto pode ser decisivo para salvar vidas\u201d, complementa Munford.<\/p>\n\n\n\n<p><strong>A nova normativa da ANS e a incorpora\u00e7\u00e3o ao SUS<\/strong><\/p>\n\n\n\n<p>O teste PCR multiplex direto r\u00e1pido, capaz de identificar em cerca de uma hora os microrganismos respons\u00e1veis pela meningite e encefalite, passou a ter cobertura obrigat\u00f3ria pelos planos de sa\u00fade privados em 17 de fevereiro de 2025, conforme determina\u00e7\u00e3o da Resolu\u00e7\u00e3o Normativa n\u00ba 627 da ANS, publicada em 14 de fevereiro no Di\u00e1rio Oficial da Uni\u00e3o.<\/p>\n\n\n\n<p>A medida \u00e9 consequ\u00eancia da Lei 14.307\/2022, que estabelece que tecnologias recomendadas positivamente pela Conitec para incorpora\u00e7\u00e3o ao Sistema \u00danico de Sa\u00fade (SUS) devem, em at\u00e9 60 dias, ser inclu\u00eddas tamb\u00e9m no rol da sa\u00fade suplementar. No caso do exame para meningite e encefalite, a aprova\u00e7\u00e3o foi analisada durante a 618\u00aa Reuni\u00e3o Ordin\u00e1ria da Diretoria Colegiada da ANS (DICOL), em 10 de fevereiro de 2025, quando se deliberou sobre as novas tecnologias avaliadas pela comiss\u00e3o entre setembro e dezembro de 2024.<\/p>\n\n\n\n<p>Com essa atualiza\u00e7\u00e3o, a RN n\u00ba 627 altera a RN n\u00ba 465 e regulamenta a cobertura obrigat\u00f3ria do PCR multiplex para detec\u00e7\u00e3o de m\u00faltiplos pat\u00f3genos no l\u00edquor, refor\u00e7ando a integra\u00e7\u00e3o entre as pol\u00edticas p\u00fablicas e a sa\u00fade suplementar.<\/p>\n\n\n\n<p>Essa iniciativa tamb\u00e9m se conecta ao Plano Nacional de Erradica\u00e7\u00e3o das Meningites at\u00e9 2030, institu\u00eddo pelo Minist\u00e9rio da Sa\u00fade em 2024. O programa estabelece diretrizes em cinco pilares essenciais: preven\u00e7\u00e3o e controle de epidemias; diagn\u00f3stico e tratamento; vigil\u00e2ncia epidemiol\u00f3gica; apoio e assist\u00eancia \u00e0s pessoas afetadas; e comunica\u00e7\u00e3o e engajamento da sociedade.<\/p>\n\n\n\n<p>A estrat\u00e9gia est\u00e1 alinhada \u00e0s metas regionais e globais da Organiza\u00e7\u00e3o Pan-Americana da Sa\u00fade (OPAS) e da Organiza\u00e7\u00e3o Mundial da Sa\u00fade (OMS), orientando a\u00e7\u00f5es coordenadas nas tr\u00eas esferas de gest\u00e3o do SUS para fortalecer as Redes de Aten\u00e7\u00e3o \u00e0 Sa\u00fade (RAS), as vigil\u00e2ncias epidemiol\u00f3gica e laboratorial, a imuniza\u00e7\u00e3o e a comunica\u00e7\u00e3o. O objetivo final \u00e9 reduzir drasticamente a ocorr\u00eancia e os \u00f3bitos por meningites bacterianas imunopreven\u00edveis em todo o pa\u00eds.<\/p>\n\n\n\n<p>\u201cQuando falamos de meningite, n\u00e3o estamos lidando apenas com n\u00fameros, mas com hist\u00f3rias de fam\u00edlias inteiras afetadas. E ver novas tecnologias sendo incorporadas tanto na sa\u00fade suplementar quanto no SUS mostra que estamos caminhando para um futuro em que o acesso ao diagn\u00f3stico r\u00e1pido ser\u00e1 uma realidade para todos os brasileiros. Isso significa mais equidade, mais qualidade no cuidado e, acima de tudo, mais vidas preservadas\u201d, conclui o especialista da QIAGEN.<\/p>\n\n\n\n<p>Assessoria<\/p>\n","protected":false},"excerpt":{"rendered":"<p>Dia Mundial de Combate \u00e0 Meningite refor\u00e7a a import\u00e2ncia do diagn\u00f3stico preciso para salvar vidas. Testes como teste o PCR multiplex direto r\u00e1pido, passaram a ter cobertura obrigat\u00f3ria pelos planos de sa\u00fade privados e seguem para incorpora\u00e7\u00e3o ao SUS O Dia Mundial de Combate \u00e0 Meningite, oficialmente institu\u00eddo em 5 de outubro, busca conscientizar a [&hellip;]<\/p>\n","protected":false},"author":2,"featured_media":72898,"comment_status":"open","ping_status":"open","sticky":false,"template":"","format":"standard","meta":{"advanced_seo_description":"","jetpack_seo_html_title":"","jetpack_seo_noindex":false,"_jetpack_memberships_contains_paid_content":false,"footnotes":""},"categories":[50],"tags":[],"class_list":{"0":"post-72897","1":"post","2":"type-post","3":"status-publish","4":"format-standard","5":"has-post-thumbnail","7":"category-saude"},"jetpack_featured_media_url":"https:\/\/www.paranapraia.com.br\/wp-content\/uploads\/2025\/10\/Meningite-i-10-campanelli-dallarme-quando-andare-dal-medico.jpg","jetpack_sharing_enabled":true,"_links":{"self":[{"href":"https:\/\/www.paranapraia.com.br\/index.php\/wp-json\/wp\/v2\/posts\/72897"}],"collection":[{"href":"https:\/\/www.paranapraia.com.br\/index.php\/wp-json\/wp\/v2\/posts"}],"about":[{"href":"https:\/\/www.paranapraia.com.br\/index.php\/wp-json\/wp\/v2\/types\/post"}],"author":[{"embeddable":true,"href":"https:\/\/www.paranapraia.com.br\/index.php\/wp-json\/wp\/v2\/users\/2"}],"replies":[{"embeddable":true,"href":"https:\/\/www.paranapraia.com.br\/index.php\/wp-json\/wp\/v2\/comments?post=72897"}],"version-history":[{"count":1,"href":"https:\/\/www.paranapraia.com.br\/index.php\/wp-json\/wp\/v2\/posts\/72897\/revisions"}],"predecessor-version":[{"id":72899,"href":"https:\/\/www.paranapraia.com.br\/index.php\/wp-json\/wp\/v2\/posts\/72897\/revisions\/72899"}],"wp:featuredmedia":[{"embeddable":true,"href":"https:\/\/www.paranapraia.com.br\/index.php\/wp-json\/wp\/v2\/media\/72898"}],"wp:attachment":[{"href":"https:\/\/www.paranapraia.com.br\/index.php\/wp-json\/wp\/v2\/media?parent=72897"}],"wp:term":[{"taxonomy":"category","embeddable":true,"href":"https:\/\/www.paranapraia.com.br\/index.php\/wp-json\/wp\/v2\/categories?post=72897"},{"taxonomy":"post_tag","embeddable":true,"href":"https:\/\/www.paranapraia.com.br\/index.php\/wp-json\/wp\/v2\/tags?post=72897"}],"curies":[{"name":"wp","href":"https:\/\/api.w.org\/{rel}","templated":true}]}}