{"id":72894,"date":"2025-10-02T10:27:16","date_gmt":"2025-10-02T13:27:16","guid":{"rendered":"https:\/\/www.paranapraia.com.br\/?p=72894"},"modified":"2025-10-02T10:27:18","modified_gmt":"2025-10-02T13:27:18","slug":"em-10-anos-parana-triplica-insercao-de-presos-no-mercado-de-trabalho","status":"publish","type":"post","link":"https:\/\/www.paranapraia.com.br\/index.php\/2025\/10\/02\/em-10-anos-parana-triplica-insercao-de-presos-no-mercado-de-trabalho\/","title":{"rendered":"Em 10 anos, Paran\u00e1 triplica inser\u00e7\u00e3o de presos no mercado de trabalho"},"content":{"rendered":"\n<p>O Governo do Estado do Paran\u00e1 conta atualmente com tr\u00eas vezes mais pessoas privadas de liberdade inseridas no mercado de trabalho do que em compara\u00e7\u00e3o a 2015. Hoje, s\u00e3o 14.324 que exercem trabalhos em canteiros pr\u00f3prios do sistema prisional, cooperativas ou projetos de artesanato frente a 4.623 h\u00e1 dez anos. A Secretaria da Seguran\u00e7a P\u00fablica (SESP) tem ampliado as pol\u00edticas e oportunidades de ressocializa\u00e7\u00e3o. Do total de 14.324 pessoas, 5 mil est\u00e3o trabalhando em empresas privadas e \u00f3rg\u00e3os p\u00fablicos.<\/p>\n\n\n\n<p>Para aumentar a capacidade de custodiados trabalhando, a Pol\u00edcia Penal do Paran\u00e1 (PPPR) tem criado barrac\u00f5es para que essas pessoas exer\u00e7am as atividades, al\u00e9m de ampliar a parceria com empres\u00e1rios locais e implementa\u00e7\u00e3o de Unidades de Progress\u00e3o.&nbsp;<\/p>\n\n\n\n<p>Um exemplo disso \u00e9 um barrac\u00e3o&nbsp;que conta com atividades para mais de 450 pessoas privadas de liberdade da Penitenci\u00e1ria Estadual de Francisco Beltr\u00e3o. Outro barrac\u00e3o de 6 mil metros quadrados dever\u00e1 ser entregue at\u00e9 o final deste ano, para absorver 450 custodiados da Penitenci\u00e1ria de Integra\u00e7\u00e3o Social de Piraquara \u2013 (PISP).<\/p>\n\n\n\n<p>\u201cA responsabilidade que temos com as pessoas que fazem parte do sistema prisional \u00e9 garantir a reinser\u00e7\u00e3o social, e a melhor op\u00e7\u00e3o para isso \u00e9 dando dignidade com ofertas de postos de trabalho\u201d, afirmou o secret\u00e1rio da Seguran\u00e7a P\u00fablica do Paran\u00e1, Hudson Le\u00f4ncio Teixeira.<\/p>\n\n\n\n<p>Criada oficialmente em 1908, com a inaugura\u00e7\u00e3o da primeira penitenci\u00e1ria estadual, a estrutura prisional paranaense passou de cadeias improvisadas a um modelo moderno de administra\u00e7\u00e3o. Hoje, consolida-se como refer\u00eancia nacional em organiza\u00e7\u00e3o e profissionaliza\u00e7\u00e3o.&nbsp;<\/p>\n\n\n\n<p><strong>REMUNERA\u00c7\u00c3O&nbsp;<\/strong>\u2013 Todas as empresas que contratam a m\u00e3o de obra prisional pagam ao preso 3\/4 do sal\u00e1rio m\u00ednimo. Desse valor, eles podem autorizar que um familiar saque at\u00e9 80% do dinheiro. O restante fica em uma conta-poupan\u00e7a prisional do detento, que s\u00f3 poder\u00e1 ser utilizada quando ele cumprir sua pena.<\/p>\n\n\n\n<p>A Secretaria da Seguran\u00e7a P\u00fablica do Paran\u00e1 tamb\u00e9m j\u00e1 foi contemplada com o Selo Nacional de Responsabilidade Social pelo Trabalho no Sistema Prisional (Resgata), um reconhecimento \u00e0 oferta de atividades profissionais aos detentos. Tamb\u00e9m foram certificadas 21 empresas do Paran\u00e1 por empregarem m\u00e3o de obra de presos e egressos.<\/p>\n\n\n\n<p>O selo concedido pelo Departamento Penitenci\u00e1rio Nacional tem o objetivo de divulgar empreendimentos e organiza\u00e7\u00f5es que apoiam a causa, de forma a promover e incentivar novas ades\u00f5es.<\/p>\n\n\n\n<p>AEN\/PR<\/p>\n","protected":false},"excerpt":{"rendered":"<p>O Governo do Estado do Paran\u00e1 conta atualmente com tr\u00eas vezes mais pessoas privadas de liberdade inseridas no mercado de trabalho do que em compara\u00e7\u00e3o a 2015. Hoje, s\u00e3o 14.324 que exercem trabalhos em canteiros pr\u00f3prios do sistema prisional, cooperativas ou projetos de artesanato frente a 4.623 h\u00e1 dez anos. A Secretaria da Seguran\u00e7a P\u00fablica [&hellip;]<\/p>\n","protected":false},"author":2,"featured_media":72895,"comment_status":"open","ping_status":"open","sticky":false,"template":"","format":"standard","meta":{"advanced_seo_description":"","jetpack_seo_html_title":"","jetpack_seo_noindex":false,"_jetpack_memberships_contains_paid_content":false,"footnotes":""},"categories":[40],"tags":[],"class_list":{"0":"post-72894","1":"post","2":"type-post","3":"status-publish","4":"format-standard","5":"has-post-thumbnail","7":"category-destaques"},"jetpack_featured_media_url":"https:\/\/www.paranapraia.com.br\/wp-content\/uploads\/2025\/10\/whatsapp_image_2025-10-02_at_09.55.541.jpg","jetpack_sharing_enabled":true,"_links":{"self":[{"href":"https:\/\/www.paranapraia.com.br\/index.php\/wp-json\/wp\/v2\/posts\/72894"}],"collection":[{"href":"https:\/\/www.paranapraia.com.br\/index.php\/wp-json\/wp\/v2\/posts"}],"about":[{"href":"https:\/\/www.paranapraia.com.br\/index.php\/wp-json\/wp\/v2\/types\/post"}],"author":[{"embeddable":true,"href":"https:\/\/www.paranapraia.com.br\/index.php\/wp-json\/wp\/v2\/users\/2"}],"replies":[{"embeddable":true,"href":"https:\/\/www.paranapraia.com.br\/index.php\/wp-json\/wp\/v2\/comments?post=72894"}],"version-history":[{"count":1,"href":"https:\/\/www.paranapraia.com.br\/index.php\/wp-json\/wp\/v2\/posts\/72894\/revisions"}],"predecessor-version":[{"id":72896,"href":"https:\/\/www.paranapraia.com.br\/index.php\/wp-json\/wp\/v2\/posts\/72894\/revisions\/72896"}],"wp:featuredmedia":[{"embeddable":true,"href":"https:\/\/www.paranapraia.com.br\/index.php\/wp-json\/wp\/v2\/media\/72895"}],"wp:attachment":[{"href":"https:\/\/www.paranapraia.com.br\/index.php\/wp-json\/wp\/v2\/media?parent=72894"}],"wp:term":[{"taxonomy":"category","embeddable":true,"href":"https:\/\/www.paranapraia.com.br\/index.php\/wp-json\/wp\/v2\/categories?post=72894"},{"taxonomy":"post_tag","embeddable":true,"href":"https:\/\/www.paranapraia.com.br\/index.php\/wp-json\/wp\/v2\/tags?post=72894"}],"curies":[{"name":"wp","href":"https:\/\/api.w.org\/{rel}","templated":true}]}}