{"id":72833,"date":"2025-10-01T11:36:13","date_gmt":"2025-10-01T14:36:13","guid":{"rendered":"https:\/\/www.paranapraia.com.br\/?p=72833"},"modified":"2025-10-01T11:36:15","modified_gmt":"2025-10-01T14:36:15","slug":"central-do-samu-de-curitiba-fara-regulacao-dos-atendimentos-do-litoral-do-parana","status":"publish","type":"post","link":"https:\/\/www.paranapraia.com.br\/index.php\/2025\/10\/01\/central-do-samu-de-curitiba-fara-regulacao-dos-atendimentos-do-litoral-do-parana\/","title":{"rendered":"Central do Samu de Curitiba far\u00e1 regula\u00e7\u00e3o dos atendimentos do Litoral do Paran\u00e1"},"content":{"rendered":"\n<p>A organiza\u00e7\u00e3o e o controle dos atendimentos do Servi\u00e7o M\u00f3vel de Urg\u00eancia (Samu) do Litoral do Paran\u00e1 passar\u00e3o a ser feitos pela Central de Regula\u00e7\u00e3o de Urg\u00eancia de Curitiba e Regi\u00e3o Metropolitana. A mudan\u00e7a come\u00e7a a valer a partir da 0h desta quarta-feira (1\u00ba) e foi acordada pela Secretaria de Estado da Sa\u00fade (Sesa), a Prefeitura de Curitiba, prefeitos e autoridades de sa\u00fade das cidades do Litoral do Paran\u00e1 durante a reuni\u00e3o da Comiss\u00e3o Intergestores Bipartite (CIB), que aconteceu nesta ter\u00e7a-feira (30).<\/p>\n\n\n\n<p>Segundo o secret\u00e1rio estadual da Sa\u00fade, Beto Preto, essa mudan\u00e7a na regula\u00e7\u00e3o proporcionar\u00e1 mais agilidade para a escolha do tipo de atendimento e na decis\u00e3o de encaminhamento de pacientes graves para hospitais de Curitiba. \u201c\u00c9 uma forma de dar um atendimento mais eficaz e seguro para as cidades do litoral do Paran\u00e1 e com o apoio da rede de hospitais de Curitiba\u201d, disse.<\/p>\n\n\n\n<p>A agilidade nos atendimentos \u00e9 uma das maiores caracter\u00edsticas da unifica\u00e7\u00e3o. O atendimento, agora, passa apenas pela Central de Regula\u00e7\u00e3o sem a necessidade de acionar a Central de Leitos do Paran\u00e1. Dessa forma, o Hospital Regional do Litoral, em Paranagu\u00e1, tamb\u00e9m ganha suporte dos grandes hospitais como Evang\u00e9lico, Cajuru, entre outros.<\/p>\n\n\n\n<p>A altera\u00e7\u00e3o \u00e9 parte do plano estadual que tem como objetivo principal que as estruturas reguladoras sejam cada vez mais precisas no ordenamento dos pacientes. \u201c\u00c9 um desafio, mas a equipe est\u00e1 muito integrada. Tivemos a oportunidade de mostrar aos secret\u00e1rios e prefeitos como s\u00e3o os processos de regula\u00e7\u00e3o\u201d, afirmou a secret\u00e1ria municipal da Sa\u00fade de Curitiba, Tatiane Filipak.<\/p>\n\n\n\n<p>A solicita\u00e7\u00e3o de atendimento ao Samu segue pelo 192 e a altera\u00e7\u00e3o abrange as sete cidades do Litoral do Paran\u00e1 que est\u00e3o na 1\u00aa Regional de Sa\u00fade: Guaraque\u00e7aba, Antonina, Morretes, Guaratuba, Pontal do Paran\u00e1, Matinhos e Paranagu\u00e1.<\/p>\n\n\n\n<p>A Central de Regula\u00e7\u00e3o do Samu em Curitiba atende 38 munic\u00edpios: a Capital e Regi\u00e3o Metropolitana, al\u00e9m das cidades que est\u00e3o na 6\u00aa Regional da Sa\u00fade de Uni\u00e3o da Vit\u00f3ria. Com a entrada do Litoral, ela passa a ser respons\u00e1vel por 45 munic\u00edpios.<\/p>\n\n\n\n<p>AEN\/PR<\/p>\n","protected":false},"excerpt":{"rendered":"<p>A organiza\u00e7\u00e3o e o controle dos atendimentos do Servi\u00e7o M\u00f3vel de Urg\u00eancia (Samu) do Litoral do Paran\u00e1 passar\u00e3o a ser feitos pela Central de Regula\u00e7\u00e3o de Urg\u00eancia de Curitiba e Regi\u00e3o Metropolitana. A mudan\u00e7a come\u00e7a a valer a partir da 0h desta quarta-feira (1\u00ba) e foi acordada pela Secretaria de Estado da Sa\u00fade (Sesa), a [&hellip;]<\/p>\n","protected":false},"author":2,"featured_media":72834,"comment_status":"open","ping_status":"open","sticky":false,"template":"","format":"standard","meta":{"advanced_seo_description":"","jetpack_seo_html_title":"","jetpack_seo_noindex":false,"_jetpack_memberships_contains_paid_content":false,"footnotes":""},"categories":[40],"tags":[],"class_list":{"0":"post-72833","1":"post","2":"type-post","3":"status-publish","4":"format-standard","5":"has-post-thumbnail","7":"category-destaques"},"jetpack_featured_media_url":"https:\/\/www.paranapraia.com.br\/wp-content\/uploads\/2025\/10\/whatsapp_image_2025-09-30_at_17.21.36.jpg","jetpack_sharing_enabled":true,"_links":{"self":[{"href":"https:\/\/www.paranapraia.com.br\/index.php\/wp-json\/wp\/v2\/posts\/72833"}],"collection":[{"href":"https:\/\/www.paranapraia.com.br\/index.php\/wp-json\/wp\/v2\/posts"}],"about":[{"href":"https:\/\/www.paranapraia.com.br\/index.php\/wp-json\/wp\/v2\/types\/post"}],"author":[{"embeddable":true,"href":"https:\/\/www.paranapraia.com.br\/index.php\/wp-json\/wp\/v2\/users\/2"}],"replies":[{"embeddable":true,"href":"https:\/\/www.paranapraia.com.br\/index.php\/wp-json\/wp\/v2\/comments?post=72833"}],"version-history":[{"count":1,"href":"https:\/\/www.paranapraia.com.br\/index.php\/wp-json\/wp\/v2\/posts\/72833\/revisions"}],"predecessor-version":[{"id":72835,"href":"https:\/\/www.paranapraia.com.br\/index.php\/wp-json\/wp\/v2\/posts\/72833\/revisions\/72835"}],"wp:featuredmedia":[{"embeddable":true,"href":"https:\/\/www.paranapraia.com.br\/index.php\/wp-json\/wp\/v2\/media\/72834"}],"wp:attachment":[{"href":"https:\/\/www.paranapraia.com.br\/index.php\/wp-json\/wp\/v2\/media?parent=72833"}],"wp:term":[{"taxonomy":"category","embeddable":true,"href":"https:\/\/www.paranapraia.com.br\/index.php\/wp-json\/wp\/v2\/categories?post=72833"},{"taxonomy":"post_tag","embeddable":true,"href":"https:\/\/www.paranapraia.com.br\/index.php\/wp-json\/wp\/v2\/tags?post=72833"}],"curies":[{"name":"wp","href":"https:\/\/api.w.org\/{rel}","templated":true}]}}