{"id":72830,"date":"2025-10-01T11:32:06","date_gmt":"2025-10-01T14:32:06","guid":{"rendered":"https:\/\/www.paranapraia.com.br\/?p=72830"},"modified":"2025-10-01T11:32:08","modified_gmt":"2025-10-01T14:32:08","slug":"paranagua-rosa-2025-amplia-rede-de-cuidado-com-acoes-comunitarias-e-atendimentos-noturnos-nas-ubs","status":"publish","type":"post","link":"https:\/\/www.paranapraia.com.br\/index.php\/2025\/10\/01\/paranagua-rosa-2025-amplia-rede-de-cuidado-com-acoes-comunitarias-e-atendimentos-noturnos-nas-ubs\/","title":{"rendered":"Paranagu\u00e1 Rosa 2025 amplia rede de cuidado com a\u00e7\u00f5es comunit\u00e1rias e atendimentos noturnos nas UBS"},"content":{"rendered":"\n<p>A Prefeitura de Paranagu\u00e1 realiza, ao longo de outubro, o Paranagu\u00e1 Rosa 2025, campanha de conscientiza\u00e7\u00e3o sobre a preven\u00e7\u00e3o e o diagn\u00f3stico precoce do c\u00e2ncer de mama e do colo do \u00fatero. Neste ano, as atividades acontecem de forma descentralizada, abrangendo todas as macrorregi\u00f5es do munic\u00edpio e reunindo servi\u00e7os de sa\u00fade, assist\u00eancia social e parceiros da sociedade civil.<\/p>\n\n\n\n<p>A vice-prefeita de Paranagu\u00e1, Fabiana Parro, explica que a proposta \u00e9 ampliar o acesso e fortalecer a rede de cuidado. \u201cNosso objetivo \u00e9 garantir que todas as regi\u00f5es tenham acesso \u00e0s a\u00e7\u00f5es do Outubro Rosa. A preven\u00e7\u00e3o e o diagn\u00f3stico precoce salvam vidas, e por isso estamos ampliando os hor\u00e1rios de atendimento nas unidades e levando os servi\u00e7os at\u00e9 os bairros. Queremos que cada mulher se sinta acolhida, cuidada e com informa\u00e7\u00f5es para o autocuidado\u201d, afirmou.<\/p>\n\n\n\n<p><strong>Atendimentos nos bairros e hor\u00e1rio estendido<\/strong><\/p>\n\n\n\n<p>A programa\u00e7\u00e3o come\u00e7a na pr\u00f3xima sexta-feira, dia 3, na regi\u00e3o de Alexandra, e segue semanalmente at\u00e9 o fim do m\u00eas. As a\u00e7\u00f5es v\u00e3o passar tamb\u00e9m pela Ilha dos Valadares, Vila Guarani, Aeroparque e Vila Garcia. Em cada local, das 13h30 \u00e0s 17h30, a popula\u00e7\u00e3o ter\u00e1 acesso a servi\u00e7os de sa\u00fade como exames preventivos, solicita\u00e7\u00e3o de mamografia, testes r\u00e1pidos de HIV, s\u00edfilis e hepatites, aferi\u00e7\u00e3o de press\u00e3o arterial, teste de glicemia, vacina\u00e7\u00e3o, atendimento odontol\u00f3gico com o Odontom\u00f3vel e tamb\u00e9m os servi\u00e7os do \u00d4nibus da Vacina.<\/p>\n\n\n\n<p>Al\u00e9m das a\u00e7\u00f5es comunit\u00e1rias, as Unidades B\u00e1sicas de Sa\u00fade (UBS) das regi\u00f5es atendidas ter\u00e3o o Dia do Preventivo. Nesses dias, o atendimento ser\u00e1 estendido das 17h \u00e0s 21h. Isso significa que, al\u00e9m das atividades realizadas nos pontos centrais de cada bairro, as UBS das \u00e1reas de abrang\u00eancia tamb\u00e9m funcionar\u00e3o em hor\u00e1rio ampliado. Assim, mulheres dos bairros Leblon, Vila Guarani, Jardim Igua\u00e7u, Jardim Ara\u00e7\u00e1, Serraria do Rocha, Santos Dumont, Vila Divin\u00e9ia, Vila do Povo, CAIC, Vila Garcia, Porto Seguro e tamb\u00e9m de Amparo ter\u00e3o a oportunidade de realizar os exames e atendimentos pr\u00f3ximos de casa, sem precisar se deslocar at\u00e9 outras regi\u00f5es.<\/p>\n\n\n\n<p><strong>Rede de parceiros<\/strong><\/p>\n\n\n\n<p>O Paranagu\u00e1 Rosa tamb\u00e9m vai reunir uma ampla rede de parceiros, que complementam os servi\u00e7os de sa\u00fade oferecidos. A Secretaria Municipal da Mulher, Desenvolvimento Social e Igualdade Racial (Semdir) estar\u00e1 presente com atendimento para Cadastro \u00danico, orienta\u00e7\u00f5es jur\u00eddicas e sobre programas sociais, al\u00e9m de apoio na elabora\u00e7\u00e3o de curr\u00edculos e a realiza\u00e7\u00e3o de um brech\u00f3 social.<\/p>\n\n\n\n<p>O Centro de Aten\u00e7\u00e3o Psicossocial (CAPS) participar\u00e1 com a comercializa\u00e7\u00e3o de produtos artesanais feitos por pacientes. O Sesc e o Senac v\u00e3o contribuir com o \u00d4nibus da Sa\u00fade da Mulher, oficinas de beleza e orienta\u00e7\u00f5es sobre o autoexame das mamas. J\u00e1 o Instituto Peito Aberto promover\u00e1 apresenta\u00e7\u00f5es, doa\u00e7\u00f5es de perucas e cortes de cabelo solid\u00e1rios certificados. A Faculdade Anhanguera tamb\u00e9m integra a campanha, com alunos de Psicologia respons\u00e1veis por palestras e atividades educativas sobre sa\u00fade da mulher, preven\u00e7\u00e3o, autocuidado e bem-estar.<\/p>\n\n\n\n<p>Todos esses servi\u00e7os estar\u00e3o concentrados nos pontos centrais de cada a\u00e7\u00e3o comunit\u00e1ria \u2014 em Alexandra, Ilha dos Valadares, Vila Guarani, Aeroparque e Vila Garcia \u2014 funcionando como espa\u00e7os de refer\u00eancia para atendimento e integra\u00e7\u00e3o com a comunidade.<\/p>\n\n\n\n<p>Para a secret\u00e1ria de Sa\u00fade Patr\u00edcia Scacalossi, o sucesso da campanha depende do engajamento coletivo. \u201cO Outubro Rosa \u00e9 um movimento de toda a sociedade. Por isso, contamos com a parceria de institui\u00e7\u00f5es, profissionais e volunt\u00e1rios que ajudam a promover sa\u00fade, bem-estar e autoestima. Juntos, estamos fortalecendo a rede de cuidado com a mulher em Paranagu\u00e1\u201d, concluiu.<\/p>\n\n\n\n<p><strong>Programa\u00e7\u00e3o \u2013 Paranagu\u00e1 Rosa 2025<\/strong><\/p>\n\n\n\n<p>As a\u00e7\u00f5es comunit\u00e1rias acontecem sempre das 13h30 \u00e0s 17h30 nos pontos centrais de cada regi\u00e3o. Nos mesmos dias, as Unidades B\u00e1sicas de Sa\u00fade das \u00e1reas de abrang\u00eancia funcionam em hor\u00e1rio estendido at\u00e9 as 21h, oferecendo os servi\u00e7os de sa\u00fade da campanha.<\/p>\n\n\n\n<p><strong>03\/10 \u2013 Regi\u00e3o de Alexandra<\/strong><br>Local: Rua Jos\u00e9 das Dores Camargo, em frente \u00e0 Escola Municipal Tiradentes, das 13h30 \u00e0s 17h30<\/p>\n\n\n\n<p><strong>10\/10 \u2013 Regi\u00e3o da Ilha dos Valadares<\/strong><br>Local: Pra\u00e7a Ciro Abal\u00e9m \u2013 Ilha dos Valadares, das 13h30 \u00e0s 17h30<br>Abrang\u00eancia: Ilha dos Valadares e Leblon (UBS com hor\u00e1rio estendido)<\/p>\n\n\n\n<p><strong>17\/10 \u2013 Regi\u00e3o da Vila Guarani<\/strong><br>Local: Pra\u00e7a Tupi \u2013 Vila Guarani, em frente \u00e0 Igreja Cat\u00f3lica, das 13h30 \u00e0s 17h30<br>Abrang\u00eancia: Vila Guarani, Jardim Igua\u00e7u, Ara\u00e7\u00e1, Serraria do Rocha e Amparo (UBS com hor\u00e1rio estendido)<\/p>\n\n\n\n<p><strong>24\/10 \u2013 Regi\u00e3o do Aeroparque<\/strong><br>Local: Gr\u00eamio Recreativo \u2013 Bairro Aeroparque, das 13h30 \u00e0s 17h30<br>Abrang\u00eancia: Santos Dumont, Vila Divin\u00e9ia, Vila do Povo e CAIC (UBS com hor\u00e1rio estendido)<\/p>\n\n\n\n<p><strong>31\/10 \u2013 Regi\u00e3o da Vila Garcia<\/strong><br>Local: Espa\u00e7o adjacente ao Gin\u00e1sio Poliesportivo \u2013 Jardim Esperan\u00e7a, das 13h30 \u00e0s 17h30<br>Abrang\u00eancia: Vila Garcia e Porto Seguro (UBS com hor\u00e1rio estendido)<\/p>\n\n\n\n<p>Prefeitura de Paranagu\u00e1<\/p>\n","protected":false},"excerpt":{"rendered":"<p>A Prefeitura de Paranagu\u00e1 realiza, ao longo de outubro, o Paranagu\u00e1 Rosa 2025, campanha de conscientiza\u00e7\u00e3o sobre a preven\u00e7\u00e3o e o diagn\u00f3stico precoce do c\u00e2ncer de mama e do colo do \u00fatero. Neste ano, as atividades acontecem de forma descentralizada, abrangendo todas as macrorregi\u00f5es do munic\u00edpio e reunindo servi\u00e7os de sa\u00fade, assist\u00eancia social e parceiros [&hellip;]<\/p>\n","protected":false},"author":2,"featured_media":72831,"comment_status":"open","ping_status":"open","sticky":false,"template":"","format":"standard","meta":{"advanced_seo_description":"","jetpack_seo_html_title":"","jetpack_seo_noindex":false,"_jetpack_memberships_contains_paid_content":false,"footnotes":""},"categories":[77],"tags":[],"class_list":{"0":"post-72830","1":"post","2":"type-post","3":"status-publish","4":"format-standard","5":"has-post-thumbnail","7":"category-paranagua"},"jetpack_featured_media_url":"https:\/\/www.paranapraia.com.br\/wp-content\/uploads\/2025\/10\/19304.jpg","jetpack_sharing_enabled":true,"_links":{"self":[{"href":"https:\/\/www.paranapraia.com.br\/index.php\/wp-json\/wp\/v2\/posts\/72830"}],"collection":[{"href":"https:\/\/www.paranapraia.com.br\/index.php\/wp-json\/wp\/v2\/posts"}],"about":[{"href":"https:\/\/www.paranapraia.com.br\/index.php\/wp-json\/wp\/v2\/types\/post"}],"author":[{"embeddable":true,"href":"https:\/\/www.paranapraia.com.br\/index.php\/wp-json\/wp\/v2\/users\/2"}],"replies":[{"embeddable":true,"href":"https:\/\/www.paranapraia.com.br\/index.php\/wp-json\/wp\/v2\/comments?post=72830"}],"version-history":[{"count":1,"href":"https:\/\/www.paranapraia.com.br\/index.php\/wp-json\/wp\/v2\/posts\/72830\/revisions"}],"predecessor-version":[{"id":72832,"href":"https:\/\/www.paranapraia.com.br\/index.php\/wp-json\/wp\/v2\/posts\/72830\/revisions\/72832"}],"wp:featuredmedia":[{"embeddable":true,"href":"https:\/\/www.paranapraia.com.br\/index.php\/wp-json\/wp\/v2\/media\/72831"}],"wp:attachment":[{"href":"https:\/\/www.paranapraia.com.br\/index.php\/wp-json\/wp\/v2\/media?parent=72830"}],"wp:term":[{"taxonomy":"category","embeddable":true,"href":"https:\/\/www.paranapraia.com.br\/index.php\/wp-json\/wp\/v2\/categories?post=72830"},{"taxonomy":"post_tag","embeddable":true,"href":"https:\/\/www.paranapraia.com.br\/index.php\/wp-json\/wp\/v2\/tags?post=72830"}],"curies":[{"name":"wp","href":"https:\/\/api.w.org\/{rel}","templated":true}]}}