{"id":72827,"date":"2025-10-01T11:24:25","date_gmt":"2025-10-01T14:24:25","guid":{"rendered":"https:\/\/www.paranapraia.com.br\/?p=72827"},"modified":"2025-10-01T11:24:28","modified_gmt":"2025-10-01T14:24:28","slug":"prefeitura-de-paranagua-divulga-cronograma-de-matriculas-da-rede-municipal-de-ensino-para-2026","status":"publish","type":"post","link":"https:\/\/www.paranapraia.com.br\/index.php\/2025\/10\/01\/prefeitura-de-paranagua-divulga-cronograma-de-matriculas-da-rede-municipal-de-ensino-para-2026\/","title":{"rendered":"Prefeitura de Paranagu\u00e1 divulga cronograma de matr\u00edculas da Rede Municipal de Ensino para 2026"},"content":{"rendered":"\n<p>A Prefeitura de Paranagu\u00e1 divulga o cronograma oficial de matr\u00edculas da rede municipal de ensino para o ano letivo de 2026. O processo inicia nesta quarta-feira, 1.\u00ba de outubro, e segue at\u00e9 dezembro de 2025.&nbsp;<\/p>\n\n\n\n<p>O processo inclui rematr\u00edculas, transfer\u00eancias e novas matr\u00edculas na Educa\u00e7\u00e3o Infantil e no Ensino Fundamental.<\/p>\n\n\n\n<p>De acordo com a secret\u00e1ria de Educa\u00e7\u00e3o e Ensino Integral, Fab\u00edola Soares Arcega, a organiza\u00e7\u00e3o das etapas busca garantir que todas as crian\u00e7as em idade escolar tenham acesso \u00e0 vaga na rede municipal de ensino, bem como assegurar a continuidade dos estudos dos alunos j\u00e1 matriculados.<\/p>\n\n\n\n<p>\u201c\u00c9 importante que as fam\u00edlias acompanhem atentamente as datas e providenciem a documenta\u00e7\u00e3o necess\u00e1ria para cada etapa do processo para n\u00e3o perder os prazos.\u201d ressalta a secret\u00e1ria. \u201cA inten\u00e7\u00e3o \u00e9 que o cronograma atenda a todas as fam\u00edlias com anteced\u00eancia e de forma organizada\u201d, ressaltou.<\/p>\n\n\n\n<p>As matr\u00edculas podem ser feitas pelo canal on-line pelo WhatsApp e diretamente nas pr\u00f3prias institui\u00e7\u00f5es de ensino.<\/p>\n\n\n\n<p><strong>Etapas do processo:<\/strong><\/p>\n\n\n\n<p>1 a 15\/10\/2025 \u2013 Rematr\u00edculas na Rede Municipal: estudantes que j\u00e1 frequentam escolas e CMEIs ter\u00e3o suas vagas asseguradas para o pr\u00f3ximo ano letivo.<\/p>\n\n\n\n<p>1 a 15\/10\/2025 \u2013 Transfer\u00eancias Internas nos CMEIs: per\u00edodo destinado \u00e0s fam\u00edlias que desejam mudan\u00e7a de unidade entre os Centros Municipais de Educa\u00e7\u00e3o Infantil.<\/p>\n\n\n\n<p>10 a 21\/11\/2025 \u2013 Matr\u00edcula dos estudantes do 5.\u00ba ano para a Rede Estadual: encaminhamento dos alunos concluintes do Ensino Fundamental I para a continuidade dos estudos no 6.\u00ba ano.<\/p>\n\n\n\n<p>24 e 25\/11\/2025 \u2013 Novas matr\u00edculas nas Escolas: atendimento a crian\u00e7as da Educa\u00e7\u00e3o Infantil (Infantil 4 e 5) e do Ensino Fundamental (1.\u00ba ano), com base na declara\u00e7\u00e3o de matr\u00edcula obrigat\u00f3ria e de frequ\u00eancia.<\/p>\n\n\n\n<p>27 e 28\/11\/2025 \u2013 Transfer\u00eancias internas nas escolas: alunos do 2.\u00ba ao 5.\u00ba ano poder\u00e3o solicitar mudan\u00e7a de institui\u00e7\u00e3o.<\/p>\n\n\n\n<p>19\/11\/2025 \u2013 Publica\u00e7\u00e3o do edital de convoca\u00e7\u00e3o: divulga\u00e7\u00e3o da lista de estudantes contemplados para novas matr\u00edculas, conforme cadastro na Central de Matr\u00edculas.<\/p>\n\n\n\n<p>24 a 28\/11\/2025 \u2013 Novas matr\u00edculas nos CMEIs: realizadas nas unidades indicadas pelo edital, no hor\u00e1rio das 8h \u00e0s 11h30.<\/p>\n\n\n\n<p>2 a 13\/12\/2025 \u2013 Novas matr\u00edculas nas Escolas e CMEIs: per\u00edodo voltado a estudantes com idade obrigat\u00f3ria sem cadastro pr\u00e9vio e alunos provenientes da rede privada.<\/p>\n\n\n\n<p>Mais informa\u00e7\u00f5es podem ser obtidas diretamente nas unidades escolares, nos CMEIs ou junto \u00e0 Central de Matr\u00edculas da Secretaria Municipal de Educa\u00e7\u00e3o (41)99847-5265.<\/p>\n\n\n\n<p>Prefeitura de Paranagu\u00e1<\/p>\n","protected":false},"excerpt":{"rendered":"<p>A Prefeitura de Paranagu\u00e1 divulga o cronograma oficial de matr\u00edculas da rede municipal de ensino para o ano letivo de 2026. O processo inicia nesta quarta-feira, 1.\u00ba de outubro, e segue at\u00e9 dezembro de 2025.&nbsp; O processo inclui rematr\u00edculas, transfer\u00eancias e novas matr\u00edculas na Educa\u00e7\u00e3o Infantil e no Ensino Fundamental. De acordo com a secret\u00e1ria [&hellip;]<\/p>\n","protected":false},"author":2,"featured_media":72828,"comment_status":"open","ping_status":"open","sticky":false,"template":"","format":"standard","meta":{"advanced_seo_description":"","jetpack_seo_html_title":"","jetpack_seo_noindex":false,"_jetpack_memberships_contains_paid_content":false,"footnotes":""},"categories":[77],"tags":[],"class_list":{"0":"post-72827","1":"post","2":"type-post","3":"status-publish","4":"format-standard","5":"has-post-thumbnail","7":"category-paranagua"},"jetpack_featured_media_url":"https:\/\/www.paranapraia.com.br\/wp-content\/uploads\/2025\/10\/19301-scaled.jpg","jetpack_sharing_enabled":true,"_links":{"self":[{"href":"https:\/\/www.paranapraia.com.br\/index.php\/wp-json\/wp\/v2\/posts\/72827"}],"collection":[{"href":"https:\/\/www.paranapraia.com.br\/index.php\/wp-json\/wp\/v2\/posts"}],"about":[{"href":"https:\/\/www.paranapraia.com.br\/index.php\/wp-json\/wp\/v2\/types\/post"}],"author":[{"embeddable":true,"href":"https:\/\/www.paranapraia.com.br\/index.php\/wp-json\/wp\/v2\/users\/2"}],"replies":[{"embeddable":true,"href":"https:\/\/www.paranapraia.com.br\/index.php\/wp-json\/wp\/v2\/comments?post=72827"}],"version-history":[{"count":1,"href":"https:\/\/www.paranapraia.com.br\/index.php\/wp-json\/wp\/v2\/posts\/72827\/revisions"}],"predecessor-version":[{"id":72829,"href":"https:\/\/www.paranapraia.com.br\/index.php\/wp-json\/wp\/v2\/posts\/72827\/revisions\/72829"}],"wp:featuredmedia":[{"embeddable":true,"href":"https:\/\/www.paranapraia.com.br\/index.php\/wp-json\/wp\/v2\/media\/72828"}],"wp:attachment":[{"href":"https:\/\/www.paranapraia.com.br\/index.php\/wp-json\/wp\/v2\/media?parent=72827"}],"wp:term":[{"taxonomy":"category","embeddable":true,"href":"https:\/\/www.paranapraia.com.br\/index.php\/wp-json\/wp\/v2\/categories?post=72827"},{"taxonomy":"post_tag","embeddable":true,"href":"https:\/\/www.paranapraia.com.br\/index.php\/wp-json\/wp\/v2\/tags?post=72827"}],"curies":[{"name":"wp","href":"https:\/\/api.w.org\/{rel}","templated":true}]}}