{"id":72824,"date":"2025-10-01T11:21:03","date_gmt":"2025-10-01T14:21:03","guid":{"rendered":"https:\/\/www.paranapraia.com.br\/?p=72824"},"modified":"2025-10-01T11:21:05","modified_gmt":"2025-10-01T14:21:05","slug":"prefeitura-de-paranagua-informa-fechamento-de-acesso-na-avenida-ayrton-senna","status":"publish","type":"post","link":"https:\/\/www.paranapraia.com.br\/index.php\/2025\/10\/01\/prefeitura-de-paranagua-informa-fechamento-de-acesso-na-avenida-ayrton-senna\/","title":{"rendered":"Prefeitura de Paranagu\u00e1 informa fechamento de acesso na Avenida Ayrton Senna"},"content":{"rendered":"\n<p>A Prefeitura de Paranagu\u00e1 informa que a concession\u00e1ria EPR Litoral Pioneiro, respons\u00e1vel pela administra\u00e7\u00e3o da BR-277, no trecho da Avenida Ayrton Senna da Silva, realizou, nesta ter\u00e7a-feira (30), o fechamento permanente do acesso localizado na Rua Miguel Nicolau Anast\u00e1cio, marginal da rodovia.<\/p>\n\n\n\n<p>A medida foi definida pela concession\u00e1ria com o objetivo de eliminar pontos de conflito e garantir mais seguran\u00e7a vi\u00e1ria. O trecho em quest\u00e3o apresentava risco elevado de acidentes, especialmente em fun\u00e7\u00e3o da proximidade com o viaduto Manfredo Cominese e da entrada irregular na rodovia.<\/p>\n\n\n\n<p>Segundo a secret\u00e1ria municipal de Planejamento e Gest\u00e3o (Semplog), Vania Foes, todos os acessos diretos \u00e0 BR-277 no per\u00edmetro urbano de Paranagu\u00e1 s\u00e3o irregulares, e a nova concess\u00e3o prev\u00ea a regulariza\u00e7\u00e3o desse sistema. \u201cOs acessos existentes n\u00e3o seguem a legisla\u00e7\u00e3o federal. A EPR constatou que esse ponto espec\u00edfico apresentava perigo aos motoristas por conta de estar localizado no final do Viaduto Manfredo Cominese e, por isso, optou pelo fechamento imediato\u201d, explicou.<\/p>\n\n\n\n<p><strong>Projeto de mobilidade e duplica\u00e7\u00e3o das marginais<\/strong><\/p>\n\n\n\n<p>O fechamento faz parte do processo de readequa\u00e7\u00e3o vi\u00e1ria previsto no contrato de concess\u00e3o. O projeto da EPR contempla a duplica\u00e7\u00e3o de marginais ao longo da Avenida Ayrton Senna, separando o tr\u00e1fego local do fluxo de ve\u00edculos pesados que seguem em dire\u00e7\u00e3o ao Porto de Paranagu\u00e1 e a Curitiba.<\/p>\n\n\n\n<p>Com essa reorganiza\u00e7\u00e3o, os acessos ser\u00e3o feitos por meio de dispositivos chamados \u201cagulhas\u201d, que permitem a entrada gradual na rodovia em pontos espec\u00edficos, obedecendo dist\u00e2ncias m\u00ednimas estabelecidas pela legisla\u00e7\u00e3o federal. Al\u00e9m disso, est\u00e3o previstas passagens em n\u00edvel em locais estrat\u00e9gicos para melhorar a mobilidade. \u201cA concess\u00e3o atual se estende at\u00e9 o port\u00e3o do porto de Paranagu\u00e1. Dentro dessa faixa de dom\u00ednio, que compreende 30 metros para cada lado da rodovia, todas as interven\u00e7\u00f5es passam a ser de compet\u00eancia da EPR. O Munic\u00edpio mant\u00e9m di\u00e1logo com a concession\u00e1ria para que as futuras obras atendam tamb\u00e9m \u00e0s necessidades de mobilidade da nossa popula\u00e7\u00e3o\u201d, destacou Vania Foes.<\/p>\n\n\n\n<p>As grandes interven\u00e7\u00f5es, incluindo marginais e passagens em n\u00edvel, fazem parte do pr\u00e9-projeto apresentado pela concession\u00e1ria \u00e0 Prefeitura e t\u00eam previs\u00e3o de conclus\u00e3o at\u00e9 2027.<\/p>\n\n\n\n<p>A Administra\u00e7\u00e3o Municipal refor\u00e7a que o fechamento imediato ocorre apenas no acesso da Rua Miguel Nicolau Anast\u00e1cio. A medida \u00e9 necess\u00e1ria para reduzir riscos de acidentes e preparar a regi\u00e3o para a implanta\u00e7\u00e3o do novo sistema vi\u00e1rio.<\/p>\n\n\n\n<p>Prefeitura de Paranagu\u00e1<\/p>\n","protected":false},"excerpt":{"rendered":"<p>A Prefeitura de Paranagu\u00e1 informa que a concession\u00e1ria EPR Litoral Pioneiro, respons\u00e1vel pela administra\u00e7\u00e3o da BR-277, no trecho da Avenida Ayrton Senna da Silva, realizou, nesta ter\u00e7a-feira (30), o fechamento permanente do acesso localizado na Rua Miguel Nicolau Anast\u00e1cio, marginal da rodovia. A medida foi definida pela concession\u00e1ria com o objetivo de eliminar pontos de [&hellip;]<\/p>\n","protected":false},"author":2,"featured_media":72825,"comment_status":"open","ping_status":"open","sticky":false,"template":"","format":"standard","meta":{"advanced_seo_description":"","jetpack_seo_html_title":"","jetpack_seo_noindex":false,"_jetpack_memberships_contains_paid_content":false,"footnotes":""},"categories":[77],"tags":[],"class_list":{"0":"post-72824","1":"post","2":"type-post","3":"status-publish","4":"format-standard","5":"has-post-thumbnail","7":"category-paranagua"},"jetpack_featured_media_url":"https:\/\/www.paranapraia.com.br\/wp-content\/uploads\/2025\/10\/19299.jpg","jetpack_sharing_enabled":true,"_links":{"self":[{"href":"https:\/\/www.paranapraia.com.br\/index.php\/wp-json\/wp\/v2\/posts\/72824"}],"collection":[{"href":"https:\/\/www.paranapraia.com.br\/index.php\/wp-json\/wp\/v2\/posts"}],"about":[{"href":"https:\/\/www.paranapraia.com.br\/index.php\/wp-json\/wp\/v2\/types\/post"}],"author":[{"embeddable":true,"href":"https:\/\/www.paranapraia.com.br\/index.php\/wp-json\/wp\/v2\/users\/2"}],"replies":[{"embeddable":true,"href":"https:\/\/www.paranapraia.com.br\/index.php\/wp-json\/wp\/v2\/comments?post=72824"}],"version-history":[{"count":1,"href":"https:\/\/www.paranapraia.com.br\/index.php\/wp-json\/wp\/v2\/posts\/72824\/revisions"}],"predecessor-version":[{"id":72826,"href":"https:\/\/www.paranapraia.com.br\/index.php\/wp-json\/wp\/v2\/posts\/72824\/revisions\/72826"}],"wp:featuredmedia":[{"embeddable":true,"href":"https:\/\/www.paranapraia.com.br\/index.php\/wp-json\/wp\/v2\/media\/72825"}],"wp:attachment":[{"href":"https:\/\/www.paranapraia.com.br\/index.php\/wp-json\/wp\/v2\/media?parent=72824"}],"wp:term":[{"taxonomy":"category","embeddable":true,"href":"https:\/\/www.paranapraia.com.br\/index.php\/wp-json\/wp\/v2\/categories?post=72824"},{"taxonomy":"post_tag","embeddable":true,"href":"https:\/\/www.paranapraia.com.br\/index.php\/wp-json\/wp\/v2\/tags?post=72824"}],"curies":[{"name":"wp","href":"https:\/\/api.w.org\/{rel}","templated":true}]}}