{"id":72821,"date":"2025-10-01T11:18:06","date_gmt":"2025-10-01T14:18:06","guid":{"rendered":"https:\/\/www.paranapraia.com.br\/?p=72821"},"modified":"2025-10-01T11:18:08","modified_gmt":"2025-10-01T14:18:08","slug":"prefeito-adriano-ramos-acompanha-etapa-final-de-empreendimento-ao-lado-do-empresario-luciano-hang","status":"publish","type":"post","link":"https:\/\/www.paranapraia.com.br\/index.php\/2025\/10\/01\/prefeito-adriano-ramos-acompanha-etapa-final-de-empreendimento-ao-lado-do-empresario-luciano-hang\/","title":{"rendered":"Prefeito Adriano Ramos acompanha etapa final de empreendimento ao lado do empres\u00e1rio Luciano Hang"},"content":{"rendered":"\n<p>O prefeito de Paranagu\u00e1, Adriano Ramos, acompanhado do empres\u00e1rio Luciano Hang, realizou na manh\u00e3 desta ter\u00e7a-feira, 30 de setembro, uma visita t\u00e9cnica \u00e0 nova unidade da loja, estrategicamente localizada na regi\u00e3o sul da cidade. O encontro teve como foco a avalia\u00e7\u00e3o dos \u00faltimos detalhes para a inaugura\u00e7\u00e3o e o di\u00e1logo sobre o impacto do novo empreendimento no desenvolvimento socioecon\u00f4mico local.<\/p>\n\n\n\n<p>O Chefe do Executivo Municipal foi recepcionado pela comitiva da Havan e estava acompanhado pelo secret\u00e1rio Municipal de Trabalho e Inova\u00e7\u00e3o, Cleverson dos Santos Ferreira, pelo Chefe de Gabinete, Andr\u00e9 Ferruci, e pelos vereadores M\u00e1rcio Gigante e Edilson Caetano, sinalizando o apoio institucional e a import\u00e2ncia do investimento para o Poder P\u00fablico.<br>\u201cEssa \u00e9 a nova Paranagu\u00e1, uma cidade destravada e preparada para receber investimentos. S\u00f3 nos primeiros seis meses da gest\u00e3o, j\u00e1 garantimos mais de 1,6 mil vagas de emprego\u201d, disse o prefeito.<\/p>\n\n\n\n<p>O empres\u00e1rio Luciano Hang, por sua vez, agradeceu a receptividade da administra\u00e7\u00e3o municipal e ressaltou o potencial econ\u00f4mico consolidado de Paranagu\u00e1, justificando a expans\u00e3o da rede. A nova loja deve gerar 200 novos empregos diretos e diversas vagas indiretas, sendo o processo de sele\u00e7\u00e3o realizado em parceria com o Sistema Nacional de Emprego (SINE) local.<\/p>\n\n\n\n<p>\u201cParanagu\u00e1 tem um potencial econ\u00f4mico que muitos moradores ainda n\u00e3o perceberam. N\u00f3s s\u00f3 estamos abrindo a segunda loja porque a primeira ficou pequena. Nosso objetivo \u00e9 oferecer conforto aos clientes e qualidade de vida aos colaboradores\u201d, declarou o empres\u00e1rio.<\/p>\n\n\n\n<p>O gerente da nova unidade, Jo\u00e3o Manoel Ribas, reiterou a expectativa positiva da empresa em acompanhar o avan\u00e7o da cidade. \u201cO empreendimento se aloca em uma regi\u00e3o de not\u00e1vel crescimento nos \u00faltimos anos. Acreditamos que a sinergia entre a empresa e o poder p\u00fablico, por meio do apoio \u00e0 gera\u00e7\u00e3o de emprego e renda, \u00e9 o caminho para o sucesso e para atender cada vez melhor a popula\u00e7\u00e3o de Paranagu\u00e1, que merece uma loja mais ampla e moderna,\u201d declarou.<br>O encontro refor\u00e7a o compromisso da Prefeitura de Paranagu\u00e1 com a atra\u00e7\u00e3o de capital, a gera\u00e7\u00e3o de oportunidades e a qualifica\u00e7\u00e3o da infraestrutura urbana, visando a melhoria cont\u00ednua da qualidade de vida e a prosperidade econ\u00f4mica do munic\u00edpio.<\/p>\n\n\n\n<p>Prefeitura de Paranagu\u00e1<\/p>\n","protected":false},"excerpt":{"rendered":"<p>O prefeito de Paranagu\u00e1, Adriano Ramos, acompanhado do empres\u00e1rio Luciano Hang, realizou na manh\u00e3 desta ter\u00e7a-feira, 30 de setembro, uma visita t\u00e9cnica \u00e0 nova unidade da loja, estrategicamente localizada na regi\u00e3o sul da cidade. O encontro teve como foco a avalia\u00e7\u00e3o dos \u00faltimos detalhes para a inaugura\u00e7\u00e3o e o di\u00e1logo sobre o impacto do novo [&hellip;]<\/p>\n","protected":false},"author":2,"featured_media":72822,"comment_status":"open","ping_status":"open","sticky":false,"template":"","format":"standard","meta":{"advanced_seo_description":"","jetpack_seo_html_title":"","jetpack_seo_noindex":false,"_jetpack_memberships_contains_paid_content":false,"footnotes":""},"categories":[77],"tags":[],"class_list":{"0":"post-72821","1":"post","2":"type-post","3":"status-publish","4":"format-standard","5":"has-post-thumbnail","7":"category-paranagua"},"jetpack_featured_media_url":"https:\/\/www.paranapraia.com.br\/wp-content\/uploads\/2025\/10\/19276.jpg","jetpack_sharing_enabled":true,"_links":{"self":[{"href":"https:\/\/www.paranapraia.com.br\/index.php\/wp-json\/wp\/v2\/posts\/72821"}],"collection":[{"href":"https:\/\/www.paranapraia.com.br\/index.php\/wp-json\/wp\/v2\/posts"}],"about":[{"href":"https:\/\/www.paranapraia.com.br\/index.php\/wp-json\/wp\/v2\/types\/post"}],"author":[{"embeddable":true,"href":"https:\/\/www.paranapraia.com.br\/index.php\/wp-json\/wp\/v2\/users\/2"}],"replies":[{"embeddable":true,"href":"https:\/\/www.paranapraia.com.br\/index.php\/wp-json\/wp\/v2\/comments?post=72821"}],"version-history":[{"count":1,"href":"https:\/\/www.paranapraia.com.br\/index.php\/wp-json\/wp\/v2\/posts\/72821\/revisions"}],"predecessor-version":[{"id":72823,"href":"https:\/\/www.paranapraia.com.br\/index.php\/wp-json\/wp\/v2\/posts\/72821\/revisions\/72823"}],"wp:featuredmedia":[{"embeddable":true,"href":"https:\/\/www.paranapraia.com.br\/index.php\/wp-json\/wp\/v2\/media\/72822"}],"wp:attachment":[{"href":"https:\/\/www.paranapraia.com.br\/index.php\/wp-json\/wp\/v2\/media?parent=72821"}],"wp:term":[{"taxonomy":"category","embeddable":true,"href":"https:\/\/www.paranapraia.com.br\/index.php\/wp-json\/wp\/v2\/categories?post=72821"},{"taxonomy":"post_tag","embeddable":true,"href":"https:\/\/www.paranapraia.com.br\/index.php\/wp-json\/wp\/v2\/tags?post=72821"}],"curies":[{"name":"wp","href":"https:\/\/api.w.org\/{rel}","templated":true}]}}