{"id":72818,"date":"2025-10-01T11:14:22","date_gmt":"2025-10-01T14:14:22","guid":{"rendered":"https:\/\/www.paranapraia.com.br\/?p=72818"},"modified":"2025-10-01T11:14:24","modified_gmt":"2025-10-01T14:14:24","slug":"feirao-do-emprego-em-paranagua-registra-crescimento-de-mais-de-3-000-nos-encaminhamentos-de-trabalhadores","status":"publish","type":"post","link":"https:\/\/www.paranapraia.com.br\/index.php\/2025\/10\/01\/feirao-do-emprego-em-paranagua-registra-crescimento-de-mais-de-3-000-nos-encaminhamentos-de-trabalhadores\/","title":{"rendered":"Feir\u00e3o do Emprego em Paranagu\u00e1 registra crescimento de mais de 3.000% nos encaminhamentos de trabalhadores"},"content":{"rendered":"\n<p>Na manh\u00e3 desta ter\u00e7a-feira (30), o prefeito Adriano Ramos esteve na Ag\u00eancia do Trabalhador de Paranagu\u00e1, acompanhando mais um feir\u00e3o de emprego. A iniciativa tem oferecido cada vez mais oportunidades \u00e0 popula\u00e7\u00e3o, resultado de uma gest\u00e3o voltada \u00e0 aproxima\u00e7\u00e3o entre prefeitura, empresas e trabalhadores.<\/p>\n\n\n\n<p>Adriano lembrou que, no in\u00edcio da atual gest\u00e3o, havia risco de fechamento da unidade do Sine em Paranagu\u00e1, o que, segundo ele, seria \u201cuma trag\u00e9dia para a cidade\u201d. Hoje, os n\u00fameros s\u00e3o de celebra\u00e7\u00e3o:<\/p>\n\n\n\n<p>Atendimentos: de 331 em janeiro para 2.858 em agosto (+763%)<\/p>\n\n\n\n<p>Encaminhamentos para entrevistas: de 39 em janeiro para 1.299 em agosto (+3.230%)<\/p>\n\n\n\n<p>\u201c\u00c9 um crescimento digno de comemora\u00e7\u00e3o. Mostra que Paranagu\u00e1 est\u00e1 destravada e oferecendo oportunidades de verdade\u201d, destacou o prefeito.<br>Segundo Adriano Ramos, a a\u00e7\u00e3o \u00e9 parte de uma miss\u00e3o maior: atrair novos empreendimentos para a cidade e garantir que as vagas passem pelo Sine, fortalecendo a liga\u00e7\u00e3o entre empregadores e trabalhadores.<\/p>\n\n\n\n<p>\u201cHoje temos empresas realizando sele\u00e7\u00f5es dentro da Ag\u00eancia. Isso mostra que o trabalho feito est\u00e1 mudando a vida das pessoas de Paranagu\u00e1\u201d, destacou o secret\u00e1rio de Trabalho e Inova\u00e7\u00e3o (Setrin), Cleverson Ferreira.<br>Para atender melhor a popula\u00e7\u00e3o, o hor\u00e1rio de funcionamento da secretaria foi estendido, das 8 \u00e0s 17 horas e agora o atendimento permanece aberto tamb\u00e9m no hor\u00e1rio de almo\u00e7o.<\/p>\n\n\n\n<p>A gerente do Sine, Alessandra Mara de Jesus Bukarewicz, destacou que a moderniza\u00e7\u00e3o dos processos tamb\u00e9m facilitou o acesso das empresas. O cadastramento de vagas, que antes exigia formul\u00e1rios f\u00edsicos, agora pode ser feito digitalmente por meio de Google Forms e WhatsApp, reduzindo a burocracia.<\/p>\n\n\n\n<p>Neste mutir\u00e3o, as 20 primeiras pessoas atendidas foram encaminhadas diretamente para o setor de cadastro agilizando a opera\u00e7\u00e3o, sendo mais de 100 pessoas atendidas no per\u00edodo da manh\u00e3. Foram mais de 186 atendimentos no geral e 150 no mutir\u00e3o. Para a empresa Mosaic foram feitos 145 encaminhamentos para entrevista.<\/p>\n\n\n\n<p>Prefeitura de Paranagu\u00e1<\/p>\n","protected":false},"excerpt":{"rendered":"<p>Na manh\u00e3 desta ter\u00e7a-feira (30), o prefeito Adriano Ramos esteve na Ag\u00eancia do Trabalhador de Paranagu\u00e1, acompanhando mais um feir\u00e3o de emprego. A iniciativa tem oferecido cada vez mais oportunidades \u00e0 popula\u00e7\u00e3o, resultado de uma gest\u00e3o voltada \u00e0 aproxima\u00e7\u00e3o entre prefeitura, empresas e trabalhadores. Adriano lembrou que, no in\u00edcio da atual gest\u00e3o, havia risco de [&hellip;]<\/p>\n","protected":false},"author":2,"featured_media":72819,"comment_status":"open","ping_status":"open","sticky":false,"template":"","format":"standard","meta":{"advanced_seo_description":"","jetpack_seo_html_title":"","jetpack_seo_noindex":false,"_jetpack_memberships_contains_paid_content":false,"footnotes":""},"categories":[77],"tags":[],"class_list":{"0":"post-72818","1":"post","2":"type-post","3":"status-publish","4":"format-standard","5":"has-post-thumbnail","7":"category-paranagua"},"jetpack_featured_media_url":"https:\/\/www.paranapraia.com.br\/wp-content\/uploads\/2025\/10\/19290.jpg","jetpack_sharing_enabled":true,"_links":{"self":[{"href":"https:\/\/www.paranapraia.com.br\/index.php\/wp-json\/wp\/v2\/posts\/72818"}],"collection":[{"href":"https:\/\/www.paranapraia.com.br\/index.php\/wp-json\/wp\/v2\/posts"}],"about":[{"href":"https:\/\/www.paranapraia.com.br\/index.php\/wp-json\/wp\/v2\/types\/post"}],"author":[{"embeddable":true,"href":"https:\/\/www.paranapraia.com.br\/index.php\/wp-json\/wp\/v2\/users\/2"}],"replies":[{"embeddable":true,"href":"https:\/\/www.paranapraia.com.br\/index.php\/wp-json\/wp\/v2\/comments?post=72818"}],"version-history":[{"count":1,"href":"https:\/\/www.paranapraia.com.br\/index.php\/wp-json\/wp\/v2\/posts\/72818\/revisions"}],"predecessor-version":[{"id":72820,"href":"https:\/\/www.paranapraia.com.br\/index.php\/wp-json\/wp\/v2\/posts\/72818\/revisions\/72820"}],"wp:featuredmedia":[{"embeddable":true,"href":"https:\/\/www.paranapraia.com.br\/index.php\/wp-json\/wp\/v2\/media\/72819"}],"wp:attachment":[{"href":"https:\/\/www.paranapraia.com.br\/index.php\/wp-json\/wp\/v2\/media?parent=72818"}],"wp:term":[{"taxonomy":"category","embeddable":true,"href":"https:\/\/www.paranapraia.com.br\/index.php\/wp-json\/wp\/v2\/categories?post=72818"},{"taxonomy":"post_tag","embeddable":true,"href":"https:\/\/www.paranapraia.com.br\/index.php\/wp-json\/wp\/v2\/tags?post=72818"}],"curies":[{"name":"wp","href":"https:\/\/api.w.org\/{rel}","templated":true}]}}