{"id":72815,"date":"2025-10-01T11:11:53","date_gmt":"2025-10-01T14:11:53","guid":{"rendered":"https:\/\/www.paranapraia.com.br\/?p=72815"},"modified":"2025-10-01T11:11:56","modified_gmt":"2025-10-01T14:11:56","slug":"fotografias-de-estudantes-parnanguaras-ganham-a-cena-em-exposicao-na-estacao-ferroviaria","status":"publish","type":"post","link":"https:\/\/www.paranapraia.com.br\/index.php\/2025\/10\/01\/fotografias-de-estudantes-parnanguaras-ganham-a-cena-em-exposicao-na-estacao-ferroviaria\/","title":{"rendered":"Fotografias de estudantes parnanguaras ganham a cena em exposi\u00e7\u00e3o na Esta\u00e7\u00e3o Ferrovi\u00e1ria"},"content":{"rendered":"\n<p>A Prefeitura de Paranagu\u00e1 realiza no dia 8 de outubro a Exposi\u00e7\u00e3o Olhar de Crian\u00e7a, na Esta\u00e7\u00e3o Ferrovi\u00e1ria, a partir das 9h30. O evento re\u00fane fotografias produzidas por estudantes das escolas municipais, que ganham espa\u00e7o em uma mostra dedicada a destacar o olhar e a sensibilidade das crian\u00e7as.<\/p>\n\n\n\n<p>A exposi\u00e7\u00e3o \u00e9 o ponto alto de um projeto desenvolvido pela Secretaria Municipal de Educa\u00e7\u00e3o e Ensino Integral (Semedi). A proposta surgiu a partir de uma forma\u00e7\u00e3o destinada aos professores, que posteriormente levaram a fotografia para a sala de aula de forma interdisciplinar, explorando sua import\u00e2ncia no cotidiano e seus benef\u00edcios para o processo educativo.<\/p>\n\n\n\n<p>Na etapa pr\u00e1tica, os alunos foram a campo para registrar imagens a partir de suas pr\u00f3prias perspectivas. As melhores produ\u00e7\u00f5es foram selecionadas, impressas e agora comp\u00f5em a mostra.<\/p>\n\n\n\n<p>\u201cNo dia da exposi\u00e7\u00e3o vai haver premia\u00e7\u00e3o das tr\u00eas melhores fotografias, mas cada crian\u00e7a que participou tamb\u00e9m ganhar\u00e1 uma medalha. As professoras tamb\u00e9m receber\u00e3o uma homenagem\u201d, explica Flaviane Kuba, fot\u00f3grafa e chefe da Educom da Semedi.<\/p>\n\n\n\n<p>Segundo a secretaria, o projeto contemplou turmas do Infantil 5 e dos 5\u00ba anos, com o objetivo de estimular criatividade, percep\u00e7\u00e3o e habilidades de comunica\u00e7\u00e3o entre alunos, professores, familiares e comunidade. A fotografia foi trabalhada como um recurso pedag\u00f3gico capaz de fortalecer a express\u00e3o individual e a forma\u00e7\u00e3o cidad\u00e3.<\/p>\n\n\n\n<p>\u201c\u00c9 uma alegria levar a import\u00e2ncia da fotografia para essas crian\u00e7as. O projeto vai incentiv\u00e1-las a explorar a criatividade, a sua ess\u00eancia e a registrar tudo o que vivenciam no cotidiano: a natureza, os animais, objetos, pessoas, enfim, as coisas que mais amam e apreciam\u201d, completa Flaviane Kuba.<\/p>\n\n\n\n<p><strong>Servi\u00e7o:<\/strong><\/p>\n\n\n\n<p>Exposi\u00e7\u00e3o Olhar de Crian\u00e7a<\/p>\n\n\n\n<p>Data: 8 de outubro de 2025 (quarta-feira)<\/p>\n\n\n\n<p>Hor\u00e1rio: 9h30<\/p>\n\n\n\n<p>Local: Esta\u00e7\u00e3o Ferrovi\u00e1ria, Avenida Arthur de Abreu \u2013 Centro Hist\u00f3rico<\/p>\n\n\n\n<p>Prefeitura de Paranagu\u00e1<\/p>\n","protected":false},"excerpt":{"rendered":"<p>A Prefeitura de Paranagu\u00e1 realiza no dia 8 de outubro a Exposi\u00e7\u00e3o Olhar de Crian\u00e7a, na Esta\u00e7\u00e3o Ferrovi\u00e1ria, a partir das 9h30. O evento re\u00fane fotografias produzidas por estudantes das escolas municipais, que ganham espa\u00e7o em uma mostra dedicada a destacar o olhar e a sensibilidade das crian\u00e7as. A exposi\u00e7\u00e3o \u00e9 o ponto alto de [&hellip;]<\/p>\n","protected":false},"author":2,"featured_media":72816,"comment_status":"open","ping_status":"open","sticky":false,"template":"","format":"standard","meta":{"advanced_seo_description":"","jetpack_seo_html_title":"","jetpack_seo_noindex":false,"_jetpack_memberships_contains_paid_content":false,"footnotes":""},"categories":[77],"tags":[316,319,321],"class_list":{"0":"post-72815","1":"post","2":"type-post","3":"status-publish","4":"format-standard","5":"has-post-thumbnail","7":"category-paranagua","8":"tag-litoral","9":"tag-parana","10":"tag-paranagua"},"jetpack_featured_media_url":"https:\/\/www.paranapraia.com.br\/wp-content\/uploads\/2025\/10\/19289.jpg","jetpack_sharing_enabled":true,"_links":{"self":[{"href":"https:\/\/www.paranapraia.com.br\/index.php\/wp-json\/wp\/v2\/posts\/72815"}],"collection":[{"href":"https:\/\/www.paranapraia.com.br\/index.php\/wp-json\/wp\/v2\/posts"}],"about":[{"href":"https:\/\/www.paranapraia.com.br\/index.php\/wp-json\/wp\/v2\/types\/post"}],"author":[{"embeddable":true,"href":"https:\/\/www.paranapraia.com.br\/index.php\/wp-json\/wp\/v2\/users\/2"}],"replies":[{"embeddable":true,"href":"https:\/\/www.paranapraia.com.br\/index.php\/wp-json\/wp\/v2\/comments?post=72815"}],"version-history":[{"count":1,"href":"https:\/\/www.paranapraia.com.br\/index.php\/wp-json\/wp\/v2\/posts\/72815\/revisions"}],"predecessor-version":[{"id":72817,"href":"https:\/\/www.paranapraia.com.br\/index.php\/wp-json\/wp\/v2\/posts\/72815\/revisions\/72817"}],"wp:featuredmedia":[{"embeddable":true,"href":"https:\/\/www.paranapraia.com.br\/index.php\/wp-json\/wp\/v2\/media\/72816"}],"wp:attachment":[{"href":"https:\/\/www.paranapraia.com.br\/index.php\/wp-json\/wp\/v2\/media?parent=72815"}],"wp:term":[{"taxonomy":"category","embeddable":true,"href":"https:\/\/www.paranapraia.com.br\/index.php\/wp-json\/wp\/v2\/categories?post=72815"},{"taxonomy":"post_tag","embeddable":true,"href":"https:\/\/www.paranapraia.com.br\/index.php\/wp-json\/wp\/v2\/tags?post=72815"}],"curies":[{"name":"wp","href":"https:\/\/api.w.org\/{rel}","templated":true}]}}