{"id":72812,"date":"2025-10-01T11:09:23","date_gmt":"2025-10-01T14:09:23","guid":{"rendered":"https:\/\/www.paranapraia.com.br\/?p=72812"},"modified":"2025-10-01T11:09:25","modified_gmt":"2025-10-01T14:09:25","slug":"bienal-de-quadrinhos-chega-a-paranagua-com-oficinas-e-exposicao","status":"publish","type":"post","link":"https:\/\/www.paranapraia.com.br\/index.php\/2025\/10\/01\/bienal-de-quadrinhos-chega-a-paranagua-com-oficinas-e-exposicao\/","title":{"rendered":"Bienal de Quadrinhos chega a Paranagu\u00e1 com oficinas e exposi\u00e7\u00e3o"},"content":{"rendered":"\n<p>A cidade de Paranagu\u00e1 recebe, nos dias 04 e 05 de outubro, a Bienal de Quadrinhos Circula, projeto que leva parte da programa\u00e7\u00e3o da tradicional Bienal de Quadrinhos de Curitiba para diferentes regi\u00f5es do Paran\u00e1. As atividades ser\u00e3o realizadas na Casa Monsenhor Celso, na Pra\u00e7a do Marco Comemorativo do Tricenten\u00e1rio, com entrada gratuita.<\/p>\n\n\n\n<p>Depois de passar por Curitiba e Foz do Igua\u00e7u, a Bienal expande suas a\u00e7\u00f5es para o Litoral, reunindo artistas, leitores e profissionais da \u00e1rea. A iniciativa \u00e9 promovida pelo Programa Estadual de Fomento e Incentivo \u00e0 Cultura da Secretaria de Estado da Cultura, com apoio da Copel, da Randon RodoParan\u00e1 e do Grupo Timber. Em Paranagu\u00e1, a programa\u00e7\u00e3o tem parceria da Secretaria Municipal de Cultura e Turismo e da Prefeitura Municipal (Secultur).<\/p>\n\n\n\n<p>Programa\u00e7\u00e3o diversificada<\/p>\n\n\n\n<p>A programa\u00e7\u00e3o contempla oficinas, conversas com autores, exposi\u00e7\u00e3o e a Gibiteca M\u00f3vel da Bienal, que disponibiliza ao p\u00fablico 50 t\u00edtulos de hist\u00f3rias em quadrinhos para consulta.<\/p>\n\n\n\n<p>Entre os convidados est\u00e3o Cora Ottoni, autora da Graphic MSP: Denise \u2013 Arraso; Ilustralu, criadora da obra Arlindo, finalista do Pr\u00eamio Jabuti 2022 e ganhadora do Trof\u00e9u HQ Mix e do CCXP Awards; e Monge Han, autor das obras Vozes Amarelas e Daruma: Perseveran\u00e7a.<\/p>\n\n\n\n<p>No s\u00e1bado, 4, a programa\u00e7\u00e3o come\u00e7a com oficinas de tirinhas e de identidade criativa, seguidas por uma conversa e abertura da exposi\u00e7\u00e3o com os tr\u00eas convidados. J\u00e1 no domingo (05), haver\u00e1 oficina de introdu\u00e7\u00e3o \u00e0 produ\u00e7\u00e3o de quadrinhos, al\u00e9m de bate-papos sobre identidade, diversidade e a trajet\u00f3ria dos quadrinhos brasileiros da internet ao livro.<\/p>\n\n\n\n<p>Expans\u00e3o cultural<\/p>\n\n\n\n<p>Segundo os coordenadores da Bienal, a circula\u00e7\u00e3o busca descentralizar as atividades, ampliando o acesso \u00e0 cultura em diferentes regi\u00f5es do estado. \u201c\u00c9 um orgulho imenso contemplar as demais regi\u00f5es do Paran\u00e1. A Bienal nasceu em Curitiba, mas tem como objetivo criar articula\u00e7\u00f5es e conex\u00f5es com editores, autores e artistas de outras cidades\u201d, afirma Luciana Falcon, uma das coordenadoras.<\/p>\n\n\n\n<p>J\u00e1 para Gilmar Kaminski, tamb\u00e9m coordenador, a iniciativa refor\u00e7a a miss\u00e3o de incentivo \u00e0 leitura e ao contato com os quadrinhos: \u201cA Bienal, desde sempre, busca descentralizar suas a\u00e7\u00f5es, promovendo atividades em territ\u00f3rios diversos e fortalecendo o di\u00e1logo com novos p\u00fablicos\u201d, destacou.<\/p>\n\n\n\n<p>Servi\u00e7o<\/p>\n\n\n\n<p>Bienal de Quadrinhos Circula \u2013 Paranagu\u00e1<\/p>\n\n\n\n<p>Dias 04 e 05 de outubro, das 9h \u00e0s 18h<\/p>\n\n\n\n<p>Casa Monsenhor Celso \u2013 Pra\u00e7a do Marco Comemorativo do Tricenten\u00e1rio<\/p>\n\n\n\n<p>Gratuito<\/p>\n\n\n\n<p>Mais informa\u00e7\u00f5es: @?bienaldequadrinhos | Bienal de Quadrinhos<\/p>\n\n\n\n<p>Inscri\u00e7\u00f5es para oficinas:<a href=\"http:\/\/linktr.ee\/bienalhq\">http:\/\/linktr.ee\/bienalhq<\/a><\/p>\n\n\n\n<p>Prefeitura de Paranagu\u00e1<\/p>\n\n\n\n<p><\/p>\n","protected":false},"excerpt":{"rendered":"<p>A cidade de Paranagu\u00e1 recebe, nos dias 04 e 05 de outubro, a Bienal de Quadrinhos Circula, projeto que leva parte da programa\u00e7\u00e3o da tradicional Bienal de Quadrinhos de Curitiba para diferentes regi\u00f5es do Paran\u00e1. As atividades ser\u00e3o realizadas na Casa Monsenhor Celso, na Pra\u00e7a do Marco Comemorativo do Tricenten\u00e1rio, com entrada gratuita. Depois de [&hellip;]<\/p>\n","protected":false},"author":2,"featured_media":72813,"comment_status":"open","ping_status":"open","sticky":false,"template":"","format":"standard","meta":{"advanced_seo_description":"","jetpack_seo_html_title":"","jetpack_seo_noindex":false,"_jetpack_memberships_contains_paid_content":false,"footnotes":""},"categories":[77],"tags":[1488,316,319,321],"class_list":{"0":"post-72812","1":"post","2":"type-post","3":"status-publish","4":"format-standard","5":"has-post-thumbnail","7":"category-paranagua","8":"tag-bienal-de-quadrinhos-chega-a-paranagua-com-oficinas-e-exposicao","9":"tag-litoral","10":"tag-parana","11":"tag-paranagua"},"jetpack_featured_media_url":"https:\/\/www.paranapraia.com.br\/wp-content\/uploads\/2025\/10\/19275.jpg","jetpack_sharing_enabled":true,"_links":{"self":[{"href":"https:\/\/www.paranapraia.com.br\/index.php\/wp-json\/wp\/v2\/posts\/72812"}],"collection":[{"href":"https:\/\/www.paranapraia.com.br\/index.php\/wp-json\/wp\/v2\/posts"}],"about":[{"href":"https:\/\/www.paranapraia.com.br\/index.php\/wp-json\/wp\/v2\/types\/post"}],"author":[{"embeddable":true,"href":"https:\/\/www.paranapraia.com.br\/index.php\/wp-json\/wp\/v2\/users\/2"}],"replies":[{"embeddable":true,"href":"https:\/\/www.paranapraia.com.br\/index.php\/wp-json\/wp\/v2\/comments?post=72812"}],"version-history":[{"count":1,"href":"https:\/\/www.paranapraia.com.br\/index.php\/wp-json\/wp\/v2\/posts\/72812\/revisions"}],"predecessor-version":[{"id":72814,"href":"https:\/\/www.paranapraia.com.br\/index.php\/wp-json\/wp\/v2\/posts\/72812\/revisions\/72814"}],"wp:featuredmedia":[{"embeddable":true,"href":"https:\/\/www.paranapraia.com.br\/index.php\/wp-json\/wp\/v2\/media\/72813"}],"wp:attachment":[{"href":"https:\/\/www.paranapraia.com.br\/index.php\/wp-json\/wp\/v2\/media?parent=72812"}],"wp:term":[{"taxonomy":"category","embeddable":true,"href":"https:\/\/www.paranapraia.com.br\/index.php\/wp-json\/wp\/v2\/categories?post=72812"},{"taxonomy":"post_tag","embeddable":true,"href":"https:\/\/www.paranapraia.com.br\/index.php\/wp-json\/wp\/v2\/tags?post=72812"}],"curies":[{"name":"wp","href":"https:\/\/api.w.org\/{rel}","templated":true}]}}