{"id":72809,"date":"2025-09-30T16:12:55","date_gmt":"2025-09-30T19:12:55","guid":{"rendered":"https:\/\/www.paranapraia.com.br\/?p=72809"},"modified":"2025-09-30T16:12:58","modified_gmt":"2025-09-30T19:12:58","slug":"prefeitura-de-pontal-do-parana-realiza-encontro-do-setembro-lilas-com-foco-no-alzheimer-e-na-musicoterapia","status":"publish","type":"post","link":"https:\/\/www.paranapraia.com.br\/index.php\/2025\/09\/30\/prefeitura-de-pontal-do-parana-realiza-encontro-do-setembro-lilas-com-foco-no-alzheimer-e-na-musicoterapia\/","title":{"rendered":"Prefeitura de Pontal do Paran\u00e1 realiza encontro do Setembro Lil\u00e1s com foco no Alzheimer e na Musicoterapia"},"content":{"rendered":"\n<p>A <a><\/a>Prefeitura de Pontal do Paran\u00e1, em parceria com o Instituto Londrinense de Alzheimer \u2013 Instituto N\u00e3o Me Esque\u00e7as, promoveu ontem (29), um encontro especial na Casa da Cultura em refer\u00eancia ao Setembro Lil\u00e1s, m\u00eas dedicado \u00e0 conscientiza\u00e7\u00e3o sobre a Doen\u00e7a de Alzheimer e outras dem\u00eancias.<\/p>\n\n\n\n<p>A data tamb\u00e9m remete ao Dia da Doen\u00e7a de Alzheimer, lembrado em 21 de setembro.<\/p>\n\n\n\n<p>A iniciativa mundial busca fomentar o di\u00e1logo sobre a doen\u00e7a, desmistificar preconceitos, incentivar o diagn\u00f3stico precoce e oferecer suporte \u00e0s fam\u00edlias de quem convive com a condi\u00e7\u00e3o.<\/p>\n\n\n\n<p>O evento contou com a presen\u00e7a do prefeito de Pontal do Paran\u00e1 Rud\u00e3o Gimenes, a vice-prefeita Patricia Millo Marcomini, o secret\u00e1rio municipal de Esporte, Cultura, Lazer e Juventude, Eduardo Yoshio Sa\u00e7aki, e a enfermeira Fernanda Algauer Perciano Dombek, al\u00e9m de servidores da Assist\u00eancia Social, da Sa\u00fade e do Centro de Conviv\u00eancia do Idoso, juntamente com participantes dos programas voltados \u00e0 popula\u00e7\u00e3o idosa do munic\u00edpio.<\/p>\n\n\n\n<p>A programa\u00e7\u00e3o foi conduzida pela maestrina L\u00edgia Men Silva e pela musicoterapeuta Luzimara Almudi Lobo, que compartilharam reflex\u00f5es e experi\u00eancias sobre sa\u00fade, mem\u00f3ria e bem-estar.<\/p>\n\n\n\n<p>Durante a palestra, Luzimara abordou o envelhecimento saud\u00e1vel e estrat\u00e9gias de preven\u00e7\u00e3o da Doen\u00e7a de Alzheimer, intercalando suas falas com din\u00e2micas musicoter\u00e1picas que envolveram o p\u00fablico de forma sens\u00edvel e participativa.<\/p>\n\n\n\n<p>O encontro tamb\u00e9m contou com apresenta\u00e7\u00e3o musical conduzida por L\u00edgia, incluindo a estreia de uma can\u00e7\u00e3o in\u00e9dita composta em parceria com Luzimara especialmente para a ocasi\u00e3o.<\/p>\n\n\n\n<p>O encontro marcou ainda a proposta de implanta\u00e7\u00e3o de um projeto voltado \u00e0 musicaliza\u00e7\u00e3o e a sess\u00f5es de Musicoterapia, com o objetivo de ampliar os recursos de cuidado e contribuir para a qualidade de vida da popula\u00e7\u00e3o idosa de Pontal do Paran\u00e1.<\/p>\n\n\n\n<p>Prefeitura de Pontal do Paran\u00e1<\/p>\n","protected":false},"excerpt":{"rendered":"<p>A Prefeitura de Pontal do Paran\u00e1, em parceria com o Instituto Londrinense de Alzheimer \u2013 Instituto N\u00e3o Me Esque\u00e7as, promoveu ontem (29), um encontro especial na Casa da Cultura em refer\u00eancia ao Setembro Lil\u00e1s, m\u00eas dedicado \u00e0 conscientiza\u00e7\u00e3o sobre a Doen\u00e7a de Alzheimer e outras dem\u00eancias. A data tamb\u00e9m remete ao Dia da Doen\u00e7a de [&hellip;]<\/p>\n","protected":false},"author":2,"featured_media":72810,"comment_status":"open","ping_status":"open","sticky":false,"template":"","format":"standard","meta":{"advanced_seo_description":"","jetpack_seo_html_title":"","jetpack_seo_noindex":false,"_jetpack_memberships_contains_paid_content":false,"footnotes":""},"categories":[65],"tags":[],"class_list":{"0":"post-72809","1":"post","2":"type-post","3":"status-publish","4":"format-standard","5":"has-post-thumbnail","7":"category-pontal-do-parana"},"jetpack_featured_media_url":"https:\/\/www.paranapraia.com.br\/wp-content\/uploads\/2025\/09\/557520722_1145373841024905_192359549325558196_n.jpg","jetpack_sharing_enabled":true,"_links":{"self":[{"href":"https:\/\/www.paranapraia.com.br\/index.php\/wp-json\/wp\/v2\/posts\/72809"}],"collection":[{"href":"https:\/\/www.paranapraia.com.br\/index.php\/wp-json\/wp\/v2\/posts"}],"about":[{"href":"https:\/\/www.paranapraia.com.br\/index.php\/wp-json\/wp\/v2\/types\/post"}],"author":[{"embeddable":true,"href":"https:\/\/www.paranapraia.com.br\/index.php\/wp-json\/wp\/v2\/users\/2"}],"replies":[{"embeddable":true,"href":"https:\/\/www.paranapraia.com.br\/index.php\/wp-json\/wp\/v2\/comments?post=72809"}],"version-history":[{"count":1,"href":"https:\/\/www.paranapraia.com.br\/index.php\/wp-json\/wp\/v2\/posts\/72809\/revisions"}],"predecessor-version":[{"id":72811,"href":"https:\/\/www.paranapraia.com.br\/index.php\/wp-json\/wp\/v2\/posts\/72809\/revisions\/72811"}],"wp:featuredmedia":[{"embeddable":true,"href":"https:\/\/www.paranapraia.com.br\/index.php\/wp-json\/wp\/v2\/media\/72810"}],"wp:attachment":[{"href":"https:\/\/www.paranapraia.com.br\/index.php\/wp-json\/wp\/v2\/media?parent=72809"}],"wp:term":[{"taxonomy":"category","embeddable":true,"href":"https:\/\/www.paranapraia.com.br\/index.php\/wp-json\/wp\/v2\/categories?post=72809"},{"taxonomy":"post_tag","embeddable":true,"href":"https:\/\/www.paranapraia.com.br\/index.php\/wp-json\/wp\/v2\/tags?post=72809"}],"curies":[{"name":"wp","href":"https:\/\/api.w.org\/{rel}","templated":true}]}}