{"id":72776,"date":"2025-09-30T09:53:43","date_gmt":"2025-09-30T12:53:43","guid":{"rendered":"https:\/\/www.paranapraia.com.br\/?p=72776"},"modified":"2025-09-30T09:53:46","modified_gmt":"2025-09-30T12:53:46","slug":"prefeitura-de-paranagua-realiza-acao-especial-de-saude-as-mulheres-com-840-testes-rapidos-no-fim-de-semana","status":"publish","type":"post","link":"https:\/\/www.paranapraia.com.br\/index.php\/2025\/09\/30\/prefeitura-de-paranagua-realiza-acao-especial-de-saude-as-mulheres-com-840-testes-rapidos-no-fim-de-semana\/","title":{"rendered":"Prefeitura de Paranagu\u00e1 realiza a\u00e7\u00e3o especial de sa\u00fade \u00e0s mulheres com 840 testes r\u00e1pidos no fim de semana"},"content":{"rendered":"\n<p>A Prefeitura de Paranagu\u00e1 realizou no s\u00e1bado, dia 27, o evento \u201cTodas as UBSs Por Voc\u00ea\u201d, mobilizando profissionais das Unidades B\u00e1sicas de Sa\u00fade (UBSs) para um dia de atendimento exclusivo \u00e0s mulheres.<\/p>\n\n\n\n<p>As unidades funcionaram das 8h \u00e0s 17h, oferecendo exames preventivos do c\u00e2ncer de colo do \u00fatero, encaminhamentos para mamografia e testes r\u00e1pidos, em prepara\u00e7\u00e3o para a campanha do Outubro Rosa, que inicia no dia 1.\u00ba de outubro.<\/p>\n\n\n\n<p>De acordo com o balan\u00e7o da Secretaria Municipal de Sa\u00fade, foram cerca de 840 testes r\u00e1pidos realizados para as mulheres nas Unidades de Sa\u00fade, no fim de semana, al\u00e9m dos outros atendimentos.<\/p>\n\n\n\n<p>A secret\u00e1ria municipal de Sa\u00fade, Patricia Muzetti Vianna Scacalossi, acompanhou as a\u00e7\u00f5es nas unidades de sa\u00fade e destacou a import\u00e2ncia da mobiliza\u00e7\u00e3o.<\/p>\n\n\n\n<p>\u201cFoi um s\u00e1bado inteiro dedicado \u00e0s mulheres. Muitas vezes, durante a semana, elas n\u00e3o conseguem tempo para vir at\u00e9 a unidade. Por isso, abrimos todas as UBSs em hor\u00e1rio especial, sem necessidade de agendamento, para que pudessem se cuidar e se prevenir\u201d, explicou.<\/p>\n\n\n\n<p>Segundo a secret\u00e1ria, a programa\u00e7\u00e3o seguir\u00e1 intensa em outubro, com unidades funcionando em hor\u00e1rios estendidos.<\/p>\n\n\n\n<p>\u201cLembrando que para quem n\u00e3o aproveitou esse s\u00e1bado para colocar sua sa\u00fade em dia, durante o m\u00eas de Outubro estaremos tamb\u00e9m com muitas a\u00e7\u00f5es para as mulheres, inclusive em hor\u00e1rio estendido\u201d, destaca a secret\u00e1ria Patricia.<\/p>\n\n\n\n<p>A enfermeira da Unidade de Sa\u00fade do Leblon, Sandra do Nascimento, relatou a import\u00e2ncia da a\u00e7\u00e3o. \u201cTendo o diagn\u00f3stico precoce, as mulheres podem tratar com anteced\u00eancia e isso pode salvar muitas vidas. \u00c9 importante fazer os exames pelo SUS porque o tratamento \u00e9 iniciado justamente no SUS\u201d, explica a enfermeira.<\/p>\n\n\n\n<p>Camila Lauriano Vanhoni, agente de sa\u00fade, participou da a\u00e7\u00e3o e relatou o sucesso dos atendimentos. \u201cO sucesso do evento foi poss\u00edvel porque informamos de casa em casa que a prefeitura estaria fazendo essa a\u00e7\u00e3o no s\u00e1bado e tivemos uma resposta muito positiva. Que as mulheres tenham o amor por elas mesmas e participem do Outubro Rosa\u201d, afirmou.<\/p>\n\n\n\n<p>Marcia da Silva Santana, supervisora de equipe da UBS do Leblon, disse que a a\u00e7\u00e3o superou as expectativas. \u201cNo fim de semana \u00e9 muito importante porque a maioria das mulheres trabalha dia de semana e os hor\u00e1rio estendido possibilita mais sa\u00fade\u201d, refor\u00e7a a supervisora.<\/p>\n\n\n\n<p><strong>Experi\u00eancia positiva das mulheres atendidas<\/strong><\/p>\n\n\n\n<p>A iniciativa de sa\u00fade recebeu elogios das participantes, que aproveitaram o fim de semana para cuidar da sa\u00fade.<\/p>\n\n\n\n<p>Marilene Caetano da Silva Gon\u00e7alves, moradora no Jardim Santos Dumont, ressaltou a import\u00e2ncia do cuidado preventivo.<\/p>\n\n\n\n<p>\u201cIsso ajuda muito as mulheres. O preventivo, a mamografia, tudo isso \u00e9 muito importante na nossa vida. Temos que nos prevenir e nos cuidar. Fa\u00e7o um convite: venham, mulheres, se cuidem nas unidades de sa\u00fade e n\u00e3o percam tempo\u201d, ressalta.<\/p>\n\n\n\n<p>Lindamir Rodrigues de Lima, aposentada, foi uma das mulheres que fez o preventivo no s\u00e1bado e elogiou a a\u00e7\u00e3o da prefeitura. \u201cAbrir o posto no s\u00e1bado facilitou bastante porque eu teria que fazer o exame em Curitiba e me ajudou muito\u201d, destaca Lindamir.<\/p>\n\n\n\n<p>A sua filha, Cristiane Lima da Silva, tamb\u00e9m esteve na unidade de sa\u00fade acompanhando a m\u00e3e e refor\u00e7ou a import\u00e2ncia de cuidar da sa\u00fade. \u201cO preventivo \u00e9 a melhor maneira de se cuidar. Eu tive c\u00e2ncer de mama, fiz as cirurgias, as sess\u00f5es de quimio e radioterapia e hoje estou curada. Espero que as mulheres olhem mais para elas, se amem e fa\u00e7am os exames porque a vida vale muito\u201d, Cristiane Lima da Silva.<\/p>\n\n\n\n<p><strong>Balan\u00e7o das a\u00e7\u00f5es por atendimentos nos bairros:<\/strong><\/p>\n\n\n\n<p><strong>-Unidade de Sa\u00fade \u201cAline Marinho Zacarias\u201d \u2013 (Vila Garcia &#8211; ESF)<\/strong><br>Pessoas atendidas: 64<br>&nbsp;\u2022 Sinais vitais: 15<br>&nbsp;\u2022 Preventivos: 49<br>&nbsp;\u2022 Mamografias (solicita\u00e7\u00f5es): 25<br>&nbsp;\u2022 Testes r\u00e1pidos: 160 (40 pacientes)<\/p>\n\n\n\n<p><strong>-Unidade de Sa\u00fade \u201cDr. Elias Borges Neto\u201d (Alexandra &#8211; ESF)<\/strong><\/p>\n\n\n\n<p>&nbsp;\u2022 Sinais vitais: 19<br>&nbsp;\u2022 Preventivos: 10<br>&nbsp;\u2022 Mamografias (solicita\u00e7\u00f5es): 10<br>&nbsp;\u2022 Testes r\u00e1pidos: 52 (13 pacientes)<\/p>\n\n\n\n<p><strong>-Unidade de Sa\u00fade \u201cLuiz Carlos Gomes\u201d \u2013 (Vila do Povo &#8211; ESF)<\/strong><\/p>\n\n\n\n<p>&nbsp;\u2022 Preventivos: 20<br>&nbsp;\u2022 Mamografias (solicita\u00e7\u00f5es): 05<br>&nbsp;\u2022 Testes r\u00e1pidos: 4&nbsp;<\/p>\n\n\n\n<p><strong>-Unidade de Sa\u00fade \u201cSueli Dutra Alves\u201d (CAIC &#8211; ESF)<\/strong><br>Pessoas atendidas: 11<br>&nbsp;\u2022 Sinais vitais: n\u00e3o informado<br>&nbsp;\u2022 Preventivos: 24<br>&nbsp;\u2022 Mamografias (solicita\u00e7\u00f5es): 05<br>&nbsp;\u2022 Testes r\u00e1pidos: 44 (11 pacientes)<\/p>\n\n\n\n<p><strong>-Unidade de Sa\u00fade \u201cArgemiro de F\u00e9lix\u201d (Santos Dumont &#8211; ESF)<\/strong><\/p>\n\n\n\n<p>Pessoas atendidas: 34<br>&nbsp;\u2022 Sinais vitais: n\u00e3o informado<br>&nbsp;\u2022 Preventivos: 20<br>&nbsp;\u2022 Mamografias (solicita\u00e7\u00f5es): 22<br>&nbsp;\u2022 Testes r\u00e1pidos: 136 (34 pacientes)<\/p>\n\n\n\n<p><strong>-Unidade de Sa\u00fade Marcio Ubirajara Elias Roque Branquinho (Divineia)<\/strong><br>Pessoas atendidas: 2<br>&nbsp;\u2022 Preventivos: 13<br>&nbsp;\u2022 Mamografias (solicita\u00e7\u00f5es): 02<br>&nbsp;\u2022 Testes r\u00e1pidos: 8 (2 pacientes)<\/p>\n\n\n\n<p><strong>-Unidade de Sa\u00fade \u201cEzequiel Lu\u00eds Dias do Nascimento\u201d (Leblon &#8211; ESF<\/strong>)<\/p>\n\n\n\n<p>Pessoas atendidas: 51<br>&nbsp;\u2022 Sinais vitais: n\u00e3o informado<br>&nbsp;\u2022 Preventivos: 26<br>&nbsp;\u2022 Mamografias (solicita\u00e7\u00f5es): 15<br>&nbsp;\u2022 Testes r\u00e1pidos: 84 (21 pacientes)<\/p>\n\n\n\n<p><strong>-Unidade de Sa\u00fade \u201cGuilhermina Mazzali Gaida\u201d \u2013 (Jardim Igua\u00e7u &#8211; ESF)<\/strong><\/p>\n\n\n\n<p>&nbsp;\u2022 Preventivos: 26<br>&nbsp;\u2022 Mamografias (solicita\u00e7\u00f5es): 20<br>&nbsp;\u2022 Testes r\u00e1pidos: 112 (28 pacientes)<br>&nbsp;\u2022 Bolsa Fam\u00edlia (pesagem): 10<\/p>\n\n\n\n<p><strong>-Unidade de Sa\u00fade \u201cDr. Sim\u00e3o Aisenman\u201d (Vila Guarani \u2013 ESF)<\/strong><\/p>\n\n\n\n<p>&nbsp;\u2022 Sinais vitais: n\u00e3o informado<br>&nbsp;\u2022 Preventivos: 17<br>&nbsp;\u2022 Mamografias (solicita\u00e7\u00f5es): n\u00e3o informado<br>&nbsp;\u2022 Testes r\u00e1pidos: 4 (1 paciente)<\/p>\n\n\n\n<p><strong>-Unidade de Sa\u00fade \u201cDomingos Lopes do Ros\u00e1rio\u201d \u2013 (Serraria do Rocha &#8211; ESF)<\/strong><\/p>\n\n\n\n<p>&nbsp;\u2022 Preventivos: 8<br>&nbsp;\u2022 Mamografias (solicita\u00e7\u00f5es): 2<br>&nbsp;\u2022 Testes r\u00e1pidos: 8 (2 pacientes<\/p>\n\n\n\n<p><strong>-Unidade de Sa\u00fade \u201cEmir Roth\u201d (Valadares &#8211; ESF) e Unidade de Sa\u00fade \u201cNorberto Costa\u201d (Valadares &#8211; ESF)<\/strong><\/p>\n\n\n\n<p>&nbsp;\u2022 Pessoas atendidas: 41<br>&nbsp;\u2022 Sinais vitais: n\u00e3o informado<br>&nbsp;\u2022 Preventivos: 41<br>&nbsp;\u2022 Mamografias (solicita\u00e7\u00f5es): n\u00e3o informado<br>&nbsp;\u2022 Testes r\u00e1pidos: 164 (41 pacientes)<\/p>\n\n\n\n<p><strong>Outubro Rosa<\/strong><\/p>\n\n\n\n<p>O Outubro Rosa \u00e9 um movimento mundial de conscientiza\u00e7\u00e3o e preven\u00e7\u00e3o ao c\u00e2ncer de mama, incentivando o diagn\u00f3stico precoce, o acompanhamento da sa\u00fade e a redu\u00e7\u00e3o da mortalidade pela doen\u00e7a. A campanha Outubro Rosa come\u00e7a no dia 1.\u00ba e se estende por todo o m\u00eas. A doen\u00e7a (c\u00e2ncer de mama) \u00e9 o tipo de c\u00e2ncer que mais afeta e mata mulheres no Brasil. O Instituto Nacional do C\u00e2ncer (Inca) estima 73,6 mil casos a cada ano.&nbsp;<\/p>\n\n\n\n<p><strong>Agenda de organiza\u00e7\u00e3o das A\u00e7\u00f5es \u2013 Outubro Rosa 2025 em Paranagu\u00e1<\/strong><\/p>\n\n\n\n<p>A Secretaria Municipal de Sa\u00fade de Paranagu\u00e1 realizar\u00e1 o Paranagu\u00e1 Rosa, em formato regionalizado, abrangendo todas as macro-regi\u00f5es do munic\u00edpio. As a\u00e7\u00f5es ocorrer\u00e3o em espa\u00e7os comunit\u00e1rios e ser\u00e3o acompanhadas pelo Dia do Preventivo com hor\u00e1rio estendido em todas as Unidades de Sa\u00fade da Fam\u00edlia da regi\u00e3o correspondente.<\/p>\n\n\n\n<p><strong>Dias do Preventivo nas Unidades de Sa\u00fade<\/strong><\/p>\n\n\n\n<p>Durante a semana de cada a\u00e7\u00e3o comunit\u00e1ria, todas as Unidades de Sa\u00fade da macro-regi\u00e3o correspondente realizar\u00e3o o Dia do Preventivo, com hor\u00e1rio estendido das 8h \u00e0s 21h.<\/p>\n\n\n\n<p><strong>&nbsp;Servi\u00e7os:<\/strong><br>&nbsp;\u2022 Coleta do exame preventivo do colo do \u00fatero<br>&nbsp;\u2022 Solicita\u00e7\u00e3o de mamografia, conforme crit\u00e9rios cl\u00ednicos<\/p>\n\n\n\n<p><strong>Servi\u00e7os Ofertados nas A\u00e7\u00f5es Comunit\u00e1rias \u2013 Sa\u00fade<\/strong><br>&nbsp;\u2022 Testes r\u00e1pidos (HIV, S\u00edfilis, Hepatites) \u2013 CTA<br>&nbsp;\u2022 Aferi\u00e7\u00e3o de press\u00e3o arterial<br>&nbsp;\u2022 Teste de glicemia (diabetes)<br>&nbsp;\u2022 Vacina\u00e7\u00e3o \u2013 todas as vacinas do calend\u00e1rio<br>&nbsp;\u2022 Atendimento odontol\u00f3gico \u2013 Odontom\u00f3vel<br>&nbsp;\u2022 \u00d4nibus da Vacina<\/p>\n\n\n\n<p>Prefeitura de Paranagu\u00e1<\/p>\n","protected":false},"excerpt":{"rendered":"<p>A Prefeitura de Paranagu\u00e1 realizou no s\u00e1bado, dia 27, o evento \u201cTodas as UBSs Por Voc\u00ea\u201d, mobilizando profissionais das Unidades B\u00e1sicas de Sa\u00fade (UBSs) para um dia de atendimento exclusivo \u00e0s mulheres. As unidades funcionaram das 8h \u00e0s 17h, oferecendo exames preventivos do c\u00e2ncer de colo do \u00fatero, encaminhamentos para mamografia e testes r\u00e1pidos, em [&hellip;]<\/p>\n","protected":false},"author":2,"featured_media":72777,"comment_status":"open","ping_status":"open","sticky":false,"template":"","format":"standard","meta":{"advanced_seo_description":"","jetpack_seo_html_title":"","jetpack_seo_noindex":false,"_jetpack_memberships_contains_paid_content":false,"footnotes":""},"categories":[77],"tags":[],"class_list":{"0":"post-72776","1":"post","2":"type-post","3":"status-publish","4":"format-standard","5":"has-post-thumbnail","7":"category-paranagua"},"jetpack_featured_media_url":"https:\/\/www.paranapraia.com.br\/wp-content\/uploads\/2025\/09\/19266.jpg","jetpack_sharing_enabled":true,"_links":{"self":[{"href":"https:\/\/www.paranapraia.com.br\/index.php\/wp-json\/wp\/v2\/posts\/72776"}],"collection":[{"href":"https:\/\/www.paranapraia.com.br\/index.php\/wp-json\/wp\/v2\/posts"}],"about":[{"href":"https:\/\/www.paranapraia.com.br\/index.php\/wp-json\/wp\/v2\/types\/post"}],"author":[{"embeddable":true,"href":"https:\/\/www.paranapraia.com.br\/index.php\/wp-json\/wp\/v2\/users\/2"}],"replies":[{"embeddable":true,"href":"https:\/\/www.paranapraia.com.br\/index.php\/wp-json\/wp\/v2\/comments?post=72776"}],"version-history":[{"count":1,"href":"https:\/\/www.paranapraia.com.br\/index.php\/wp-json\/wp\/v2\/posts\/72776\/revisions"}],"predecessor-version":[{"id":72778,"href":"https:\/\/www.paranapraia.com.br\/index.php\/wp-json\/wp\/v2\/posts\/72776\/revisions\/72778"}],"wp:featuredmedia":[{"embeddable":true,"href":"https:\/\/www.paranapraia.com.br\/index.php\/wp-json\/wp\/v2\/media\/72777"}],"wp:attachment":[{"href":"https:\/\/www.paranapraia.com.br\/index.php\/wp-json\/wp\/v2\/media?parent=72776"}],"wp:term":[{"taxonomy":"category","embeddable":true,"href":"https:\/\/www.paranapraia.com.br\/index.php\/wp-json\/wp\/v2\/categories?post=72776"},{"taxonomy":"post_tag","embeddable":true,"href":"https:\/\/www.paranapraia.com.br\/index.php\/wp-json\/wp\/v2\/tags?post=72776"}],"curies":[{"name":"wp","href":"https:\/\/api.w.org\/{rel}","templated":true}]}}