{"id":72730,"date":"2025-09-29T11:52:28","date_gmt":"2025-09-29T14:52:28","guid":{"rendered":"https:\/\/www.paranapraia.com.br\/?p=72730"},"modified":"2025-09-29T11:52:30","modified_gmt":"2025-09-29T14:52:30","slug":"supervisao-parental-obrigatoria-multas-e-restricoes-entenda-a-nova-lei-felca","status":"publish","type":"post","link":"https:\/\/www.paranapraia.com.br\/index.php\/2025\/09\/29\/supervisao-parental-obrigatoria-multas-e-restricoes-entenda-a-nova-lei-felca\/","title":{"rendered":"Supervis\u00e3o parental obrigat\u00f3ria, multas e restri\u00e7\u00f5es: entenda a nova Lei Felca"},"content":{"rendered":"\n<p><em>Especialista em Direito Digital do CEUB analisa impactos da norma e aponta caminhos para fortalecer a prote\u00e7\u00e3o de crian\u00e7as e adolescentes<\/em><\/p>\n\n\n\n<p>Conhecida como Lei Felca, a Lei n\u00ba 15.211\/2025 marca um novo cap\u00edtulo na prote\u00e7\u00e3o de crian\u00e7as e adolescentes no ambiente digital. Motivada por den\u00fancia do influenciador paranaense Felipe Bressanin sobre a adultiza\u00e7\u00e3o, a norma se aplica a todo produto ou servi\u00e7o de tecnologia acess\u00edvel a menores no Brasil, ainda que desenvolvido fora do pa\u00eds. Entre as medidas previstas, est\u00e3o supervis\u00e3o parental e responsabiliza\u00e7\u00e3o direta das plataformas. A professora de Direito Digital do Centro Universit\u00e1rio de Bras\u00edlia (CEUB), Carolina Jatob\u00e1, detalha o que muda no monitoramento de conte\u00fados voltados ao p\u00fablico infantil e juvenil.<\/p>\n\n\n\n<p>A jurista contextualiza que a legisla\u00e7\u00e3o chega em meio ao acirramento do debate sobre a exposi\u00e7\u00e3o precoce de crian\u00e7as a conte\u00fados impr\u00f3prios e a riscos de explora\u00e7\u00e3o online. Segundo Jatob\u00e1, este \u00e9 um avan\u00e7o importante, embora ainda dependa de regulamenta\u00e7\u00f5es complementares para ganhar efetividade. \u201cA lei estabelece par\u00e2metros importantes, mas ainda gen\u00e9ricos. O pr\u00f3ximo passo ser\u00e1 detalhar sua aplica\u00e7\u00e3o por meio de decretos e portarias. Mesmo assim, ela j\u00e1 representa um marco para garantir os direitos previstos no Estatuto da Crian\u00e7a e do Adolescente (ECA)\u201d, afirma.<\/p>\n\n\n\n<p><strong>O que muda com a Lei Felca:<\/strong><\/p>\n\n\n\n<p><strong>&#8211; Supervis\u00e3o parental:<\/strong>&nbsp;Plataformas digitais devem disponibilizar ferramentas que permitam aos pais acompanhar a rotina online dos filhos, controlando downloads, rastreando a localiza\u00e7\u00e3o e filtrando conte\u00fados inadequados.<\/p>\n\n\n\n<p><strong>&#8211; Restri\u00e7\u00e3o de acesso:<\/strong>&nbsp;Conte\u00fados pornogr\u00e1ficos, violentos ou ligados a apostas e recompensas aleat\u00f3rias, como as chamadas loot boxes, ficam proibidos. Esses recursos, que estimulam a coleta de dados em troca de pr\u00eamios digitais, s\u00e3o apontados como formas de explora\u00e7\u00e3o da vulnerabilidade infantil<\/p>\n\n\n\n<p><strong>&#8211; San\u00e7\u00e3o \u00e0s plataformas:<\/strong>&nbsp;Empresas que descumprirem a lei poder\u00e3o ser multadas pela Autoridade Nacional de Prote\u00e7\u00e3o de Dados (ANPD) em at\u00e9 R$ 50 milh\u00f5es por usu\u00e1rio afetado, al\u00e9m da obriga\u00e7\u00e3o de remover imediatamente conte\u00fados nocivos, sem necessidade de decis\u00e3o judicia.<\/p>\n\n\n\n<p>Apesar do endurecimento das regras, Jatob\u00e1 ressalta que a tecnologia sozinha n\u00e3o substitui a aten\u00e7\u00e3o dos pais. \u201cMais do que os mecanismos digitais, \u00e9 fundamental que os respons\u00e1veis estejam pr\u00f3ximos, observem mudan\u00e7as de comportamento e mantenham um di\u00e1logo aberto. Essa \u00e9 a primeira barreira contra crimes cibern\u00e9ticos\u201d, pontua.<\/p>\n\n\n\n<p><strong>Aten\u00e7\u00e3o redobrada<\/strong><\/p>\n\n\n\n<p>Em situa\u00e7\u00f5es suspeitas, a orienta\u00e7\u00e3o aos respons\u00e1veis \u00e9 reunir provas, como capturas de tela, buscar apoio psicol\u00f3gico para a crian\u00e7a e acionar a Pol\u00edcia Civil, que conta com delegacias especializadas em crimes cibern\u00e9ticos. Segundo Jatob\u00e1, a efetividade da Lei Felca depender\u00e1 da regulamenta\u00e7\u00e3o e da atua\u00e7\u00e3o conjunta de Estado, fam\u00edlias e empresas de tecnologia. \u201c\u00c9 um debate em constru\u00e7\u00e3o. As big techs ter\u00e3o de criar mecanismos mais eficientes de monitoramento, e caber\u00e1 \u00e0s autoridades fiscalizar. O mais importante \u00e9 manter a prote\u00e7\u00e3o das crian\u00e7as no centro das decis\u00f5es\u201d, conclui a docente do CEUB.<\/p>\n\n\n\n<p>Assessoria<\/p>\n","protected":false},"excerpt":{"rendered":"<p>Especialista em Direito Digital do CEUB analisa impactos da norma e aponta caminhos para fortalecer a prote\u00e7\u00e3o de crian\u00e7as e adolescentes Conhecida como Lei Felca, a Lei n\u00ba 15.211\/2025 marca um novo cap\u00edtulo na prote\u00e7\u00e3o de crian\u00e7as e adolescentes no ambiente digital. Motivada por den\u00fancia do influenciador paranaense Felipe Bressanin sobre a adultiza\u00e7\u00e3o, a norma [&hellip;]<\/p>\n","protected":false},"author":2,"featured_media":72731,"comment_status":"open","ping_status":"open","sticky":false,"template":"","format":"standard","meta":{"advanced_seo_description":"","jetpack_seo_html_title":"","jetpack_seo_noindex":false,"_jetpack_memberships_contains_paid_content":false,"footnotes":""},"categories":[40],"tags":[],"class_list":{"0":"post-72730","1":"post","2":"type-post","3":"status-publish","4":"format-standard","5":"has-post-thumbnail","7":"category-destaques"},"jetpack_featured_media_url":"https:\/\/www.paranapraia.com.br\/wp-content\/uploads\/2025\/09\/Felca.jpg","jetpack_sharing_enabled":true,"_links":{"self":[{"href":"https:\/\/www.paranapraia.com.br\/index.php\/wp-json\/wp\/v2\/posts\/72730"}],"collection":[{"href":"https:\/\/www.paranapraia.com.br\/index.php\/wp-json\/wp\/v2\/posts"}],"about":[{"href":"https:\/\/www.paranapraia.com.br\/index.php\/wp-json\/wp\/v2\/types\/post"}],"author":[{"embeddable":true,"href":"https:\/\/www.paranapraia.com.br\/index.php\/wp-json\/wp\/v2\/users\/2"}],"replies":[{"embeddable":true,"href":"https:\/\/www.paranapraia.com.br\/index.php\/wp-json\/wp\/v2\/comments?post=72730"}],"version-history":[{"count":1,"href":"https:\/\/www.paranapraia.com.br\/index.php\/wp-json\/wp\/v2\/posts\/72730\/revisions"}],"predecessor-version":[{"id":72732,"href":"https:\/\/www.paranapraia.com.br\/index.php\/wp-json\/wp\/v2\/posts\/72730\/revisions\/72732"}],"wp:featuredmedia":[{"embeddable":true,"href":"https:\/\/www.paranapraia.com.br\/index.php\/wp-json\/wp\/v2\/media\/72731"}],"wp:attachment":[{"href":"https:\/\/www.paranapraia.com.br\/index.php\/wp-json\/wp\/v2\/media?parent=72730"}],"wp:term":[{"taxonomy":"category","embeddable":true,"href":"https:\/\/www.paranapraia.com.br\/index.php\/wp-json\/wp\/v2\/categories?post=72730"},{"taxonomy":"post_tag","embeddable":true,"href":"https:\/\/www.paranapraia.com.br\/index.php\/wp-json\/wp\/v2\/tags?post=72730"}],"curies":[{"name":"wp","href":"https:\/\/api.w.org\/{rel}","templated":true}]}}