{"id":72676,"date":"2025-09-26T11:31:50","date_gmt":"2025-09-26T14:31:50","guid":{"rendered":"https:\/\/www.paranapraia.com.br\/?p=72676"},"modified":"2025-09-26T11:31:52","modified_gmt":"2025-09-26T14:31:52","slug":"prefeitura-de-morretes-realiza-dia-d-de-inclusao-da-pessoa-com-deficiencia-no-mercado-de-trabalho","status":"publish","type":"post","link":"https:\/\/www.paranapraia.com.br\/index.php\/2025\/09\/26\/prefeitura-de-morretes-realiza-dia-d-de-inclusao-da-pessoa-com-deficiencia-no-mercado-de-trabalho\/","title":{"rendered":"Prefeitura de Morretes realiza Dia \u201cD\u201d de Inclus\u00e3o da Pessoa com Defici\u00eancia no Mercado de Trabalho"},"content":{"rendered":"\n<p>A Prefeitura de Morretes, em parceria com a\u00a0Ag\u00eancia do Trabalhador, realizou nesta \u00faltima\u00a0quarta-feira, dia 24 de setembro de 2025, o\u00a0Dia \u201cD\u201d de Inclus\u00e3o da Pessoa com Defici\u00eancia no Mercado de Trabalho. O evento aconteceu na Sala da Cidadania, em frente \u00e0 Pra\u00e7a Rocha Pombo, e contou com a participa\u00e7\u00e3o de\u00a023 pessoas.<\/p>\n\n\n\n<p>A a\u00e7\u00e3o teve como objetivo ampliar as oportunidades de acesso ao mercado formal de trabalho, promovendo\u00a0inclus\u00e3o social\u00a0e fortalecendo a cidadania. Nesta edi\u00e7\u00e3o, foram disponibilizadas\u00a0vagas exclusivas para Pessoas com Defici\u00eancia (PcD), al\u00e9m de atendimentos de orienta\u00e7\u00e3o profissional.<\/p>\n\n\n\n<p>A Prefeitura destaca que iniciativas como essa refor\u00e7am o compromisso da Administra\u00e7\u00e3o Municipal com a\u00a0valoriza\u00e7\u00e3o da diversidade e a igualdade de oportunidades, contribuindo para a constru\u00e7\u00e3o de uma Morretes cada vez mais justa e inclusiva.<\/p>\n\n\n\n<p>Prefeitura de Morretes<\/p>\n","protected":false},"excerpt":{"rendered":"<p>A Prefeitura de Morretes, em parceria com a\u00a0Ag\u00eancia do Trabalhador, realizou nesta \u00faltima\u00a0quarta-feira, dia 24 de setembro de 2025, o\u00a0Dia \u201cD\u201d de Inclus\u00e3o da Pessoa com Defici\u00eancia no Mercado de Trabalho. O evento aconteceu na Sala da Cidadania, em frente \u00e0 Pra\u00e7a Rocha Pombo, e contou com a participa\u00e7\u00e3o de\u00a023 pessoas. A a\u00e7\u00e3o teve como [&hellip;]<\/p>\n","protected":false},"author":2,"featured_media":72677,"comment_status":"open","ping_status":"open","sticky":false,"template":"","format":"standard","meta":{"advanced_seo_description":"","jetpack_seo_html_title":"","jetpack_seo_noindex":false,"_jetpack_memberships_contains_paid_content":false,"footnotes":""},"categories":[125],"tags":[],"class_list":{"0":"post-72676","1":"post","2":"type-post","3":"status-publish","4":"format-standard","5":"has-post-thumbnail","7":"category-morretes"},"jetpack_featured_media_url":"https:\/\/www.paranapraia.com.br\/wp-content\/uploads\/2025\/09\/img0617.jpg","jetpack_sharing_enabled":true,"_links":{"self":[{"href":"https:\/\/www.paranapraia.com.br\/index.php\/wp-json\/wp\/v2\/posts\/72676"}],"collection":[{"href":"https:\/\/www.paranapraia.com.br\/index.php\/wp-json\/wp\/v2\/posts"}],"about":[{"href":"https:\/\/www.paranapraia.com.br\/index.php\/wp-json\/wp\/v2\/types\/post"}],"author":[{"embeddable":true,"href":"https:\/\/www.paranapraia.com.br\/index.php\/wp-json\/wp\/v2\/users\/2"}],"replies":[{"embeddable":true,"href":"https:\/\/www.paranapraia.com.br\/index.php\/wp-json\/wp\/v2\/comments?post=72676"}],"version-history":[{"count":1,"href":"https:\/\/www.paranapraia.com.br\/index.php\/wp-json\/wp\/v2\/posts\/72676\/revisions"}],"predecessor-version":[{"id":72678,"href":"https:\/\/www.paranapraia.com.br\/index.php\/wp-json\/wp\/v2\/posts\/72676\/revisions\/72678"}],"wp:featuredmedia":[{"embeddable":true,"href":"https:\/\/www.paranapraia.com.br\/index.php\/wp-json\/wp\/v2\/media\/72677"}],"wp:attachment":[{"href":"https:\/\/www.paranapraia.com.br\/index.php\/wp-json\/wp\/v2\/media?parent=72676"}],"wp:term":[{"taxonomy":"category","embeddable":true,"href":"https:\/\/www.paranapraia.com.br\/index.php\/wp-json\/wp\/v2\/categories?post=72676"},{"taxonomy":"post_tag","embeddable":true,"href":"https:\/\/www.paranapraia.com.br\/index.php\/wp-json\/wp\/v2\/tags?post=72676"}],"curies":[{"name":"wp","href":"https:\/\/api.w.org\/{rel}","templated":true}]}}