{"id":72673,"date":"2025-09-26T11:29:23","date_gmt":"2025-09-26T14:29:23","guid":{"rendered":"https:\/\/www.paranapraia.com.br\/?p=72673"},"modified":"2025-09-27T08:24:54","modified_gmt":"2025-09-27T11:24:54","slug":"litoral-do-parana-tera-atendimento-do-samu-integrado-a-central-de-curitiba-a-partir-de-outubro","status":"publish","type":"post","link":"https:\/\/www.paranapraia.com.br\/index.php\/2025\/09\/26\/litoral-do-parana-tera-atendimento-do-samu-integrado-a-central-de-curitiba-a-partir-de-outubro\/","title":{"rendered":"Litoral do Paran\u00e1 ter\u00e1 atendimento do SAMU integrado \u00e0 central de Curitiba a partir de outubro"},"content":{"rendered":"\n<p><a><\/a>Centro de Regula\u00e7\u00e3o do SAMU vai atender chamadas do litoral com tecnologia avan\u00e7ada e agilidade no servi\u00e7o<\/p>\n\n\n\n<p>O prefeito de Pontal do Paran\u00e1, Rud\u00e3o Gimenes, presidente da Amlipa (Associa\u00e7\u00e3o dos Munic\u00edpios do Litoral do Paran\u00e1), representando os prefeitos do litoral, visitou ontem (25) o Centro de Regula\u00e7\u00e3o de Urg\u00eancia de Curitiba, acompanhado da secret\u00e1ria municipal de Sa\u00fade e presidente do CRESEMS (Conselho Regional de Secretarias Municipais de Sa\u00fade do Litoral do Paran\u00e1), Michele Straub.<\/p>\n\n\n\n<p>A visita teve como objetivo conhecer de perto a estrutura e a equipe respons\u00e1vel pela regula\u00e7\u00e3o do SAMU, que passar\u00e1 por mudan\u00e7as a partir do dia 1\u00ba de outubro.<\/p>\n\n\n\n<p>A mudan\u00e7a vai unificar o atendimento de chamadas de emerg\u00eancia, garantindo maior rapidez e efici\u00eancia no envio de ambul\u00e2ncias e recursos m\u00e9dicos.<\/p>\n\n\n\n<p>Inaugurada no final do ano passado, a nova sede em Curitiba possui 4,3 mil metros quadrados e centraliza diversos servi\u00e7os, incluindo a regula\u00e7\u00e3o de leitos e a log\u00edstica de ambul\u00e2ncias, permitindo respostas mais r\u00e1pidas \u00e0s emerg\u00eancias.<\/p>\n\n\n\n<p>A excel\u00eancia do servi\u00e7o foi reconhecida recentemente com a certifica\u00e7\u00e3o de Curitiba como a primeira capital &#8220;Cidade Angels&#8221; do mundo, selo global de qualifica\u00e7\u00e3o no atendimento ao Acidente Vascular Cerebral (AVC).<\/p>\n\n\n\n<p>Essa experi\u00eancia agora estar\u00e1 dispon\u00edvel para todo o litoral.<\/p>\n\n\n\n<p>A integra\u00e7\u00e3o da central e o uso dessas ferramentas representam um avan\u00e7o significativo para a seguran\u00e7a de moradores e turistas.<\/p>\n\n\n\n<p>Segundo a Secretaria de Estado da Sa\u00fade do Paran\u00e1 (SESA-PR), a Central de Regula\u00e7\u00e3o do SAMU 192 Litoral ser\u00e1 integrada ao Complexo Regulador Metropolitano de Curitiba, tamb\u00e9m chamado de Complexo Regulador Macrorregional Leste.<\/p>\n\n\n\n<p>A regula\u00e7\u00e3o \u00e9 o processo em que as liga\u00e7\u00f5es feitas para o n\u00famero 192 s\u00e3o atendidas, avaliadas e direcionadas para o tipo de atendimento necess\u00e1rio, definindo o envio da ambul\u00e2ncia ou outro recurso adequado.<\/p>\n\n\n\n<p>Com a mudan\u00e7a, as chamadas dos moradores do litoral ser\u00e3o atendidas diretamente pela central em Curitiba, que j\u00e1 opera para 38 munic\u00edpios do Estado. As equipes locais do SAMU permanecem as mesmas, mas a regula\u00e7\u00e3o ser\u00e1 unificada.<\/p>\n\n\n\n<p>A secret\u00e1ria de Sa\u00fade de Pontal, Michele Straub, detalhou o funcionamento:<\/p>\n\n\n\n<p>\u201cQuando ligamos para o 192, a central atende, avalia a situa\u00e7\u00e3o e define qual equipe ou ve\u00edculo deve ser enviado. As equipes do litoral permanecem as mesmas, mas agora as chamadas ser\u00e3o atendidas em Curitiba, o que deve trazer mais agilidade ao atendimento.\u201d<\/p>\n\n\n\n<p>O prefeito Rud\u00e3o Gimenes destacou os benef\u00edcios da integra\u00e7\u00e3o:<\/p>\n\n\n\n<p>\u201cCom essa mudan\u00e7a, o atendimento de urg\u00eancia e emerg\u00eancia no litoral vai ganhar mais rapidez e efici\u00eancia. \u00c9 uma a\u00e7\u00e3o que visa salvar vidas e melhorar o servi\u00e7o prestado \u00e0 popula\u00e7\u00e3o.\u201d<\/p>\n\n\n\n<p>O prefeito tamb\u00e9m agradeceu o apoio do Governo do Estado, do secret\u00e1rio estadual de Sa\u00fade Beto Preto, do prefeito de Curitiba Eduardo Pimentel e do governador Carlos Massa Ratinho Junior.<\/p>\n\n\n\n<p>A iniciativa faz parte de uma pol\u00edtica estadual que envolve os sete munic\u00edpios do litoral, a capital e demais cidades atendidas pela central, garantindo um atendimento de urg\u00eancia mais eficiente e integrado em toda a regi\u00e3o.<\/p>\n\n\n\n<p>Prefeitura de Pontal do Paran\u00e1<\/p>\n","protected":false},"excerpt":{"rendered":"<p>Centro de Regula\u00e7\u00e3o do SAMU vai atender chamadas do litoral com tecnologia avan\u00e7ada e agilidade no servi\u00e7o O prefeito de Pontal do Paran\u00e1, Rud\u00e3o Gimenes, presidente da Amlipa (Associa\u00e7\u00e3o dos Munic\u00edpios do Litoral do Paran\u00e1), representando os prefeitos do litoral, visitou ontem (25) o Centro de Regula\u00e7\u00e3o de Urg\u00eancia de Curitiba, acompanhado da secret\u00e1ria municipal [&hellip;]<\/p>\n","protected":false},"author":2,"featured_media":72674,"comment_status":"open","ping_status":"open","sticky":false,"template":"","format":"standard","meta":{"advanced_seo_description":"","jetpack_seo_html_title":"","jetpack_seo_noindex":false,"_jetpack_memberships_contains_paid_content":false,"footnotes":""},"categories":[91],"tags":[],"class_list":{"0":"post-72673","1":"post","2":"type-post","3":"status-publish","4":"format-standard","5":"has-post-thumbnail","7":"category-litoral"},"jetpack_featured_media_url":"https:\/\/www.paranapraia.com.br\/wp-content\/uploads\/2025\/09\/556263253_1141825291379760_6496104216631258962_n.jpg","jetpack_sharing_enabled":true,"_links":{"self":[{"href":"https:\/\/www.paranapraia.com.br\/index.php\/wp-json\/wp\/v2\/posts\/72673"}],"collection":[{"href":"https:\/\/www.paranapraia.com.br\/index.php\/wp-json\/wp\/v2\/posts"}],"about":[{"href":"https:\/\/www.paranapraia.com.br\/index.php\/wp-json\/wp\/v2\/types\/post"}],"author":[{"embeddable":true,"href":"https:\/\/www.paranapraia.com.br\/index.php\/wp-json\/wp\/v2\/users\/2"}],"replies":[{"embeddable":true,"href":"https:\/\/www.paranapraia.com.br\/index.php\/wp-json\/wp\/v2\/comments?post=72673"}],"version-history":[{"count":2,"href":"https:\/\/www.paranapraia.com.br\/index.php\/wp-json\/wp\/v2\/posts\/72673\/revisions"}],"predecessor-version":[{"id":72695,"href":"https:\/\/www.paranapraia.com.br\/index.php\/wp-json\/wp\/v2\/posts\/72673\/revisions\/72695"}],"wp:featuredmedia":[{"embeddable":true,"href":"https:\/\/www.paranapraia.com.br\/index.php\/wp-json\/wp\/v2\/media\/72674"}],"wp:attachment":[{"href":"https:\/\/www.paranapraia.com.br\/index.php\/wp-json\/wp\/v2\/media?parent=72673"}],"wp:term":[{"taxonomy":"category","embeddable":true,"href":"https:\/\/www.paranapraia.com.br\/index.php\/wp-json\/wp\/v2\/categories?post=72673"},{"taxonomy":"post_tag","embeddable":true,"href":"https:\/\/www.paranapraia.com.br\/index.php\/wp-json\/wp\/v2\/tags?post=72673"}],"curies":[{"name":"wp","href":"https:\/\/api.w.org\/{rel}","templated":true}]}}