{"id":72670,"date":"2025-09-26T11:26:30","date_gmt":"2025-09-26T14:26:30","guid":{"rendered":"https:\/\/www.paranapraia.com.br\/?p=72670"},"modified":"2025-09-26T11:26:32","modified_gmt":"2025-09-26T14:26:32","slug":"grupo-maos-que-acolhem-participa-de-acoes-do-setembro-amarelo-em-morretes","status":"publish","type":"post","link":"https:\/\/www.paranapraia.com.br\/index.php\/2025\/09\/26\/grupo-maos-que-acolhem-participa-de-acoes-do-setembro-amarelo-em-morretes\/","title":{"rendered":"Grupo M\u00e3os que Acolhem participa de a\u00e7\u00f5es do Setembro Amarelo em Morretes"},"content":{"rendered":"\n<p>No dia\u00a024 de setembro de 2025, a Prefeitura de Morretes, por meio da\u00a0Secretaria Municipal de Assist\u00eancia Social, realizou uma atividade especial com o\u00a0Grupo &#8220;M\u00e3os que Acolhem&#8221;, em continuidade \u00e0s a\u00e7\u00f5es de conscientiza\u00e7\u00e3o da campanha\u00a0Setembro Amarelo.<\/p>\n\n\n\n<p>A programa\u00e7\u00e3o contou com a participa\u00e7\u00e3o da psic\u00f3loga do\u00a0CRAS, que conduziu palestras e din\u00e2micas com foco na\u00a0preven\u00e7\u00e3o do suic\u00eddio e valoriza\u00e7\u00e3o da vida. Durante o encontro, os participantes tiveram a oportunidade de ampliar seus conhecimentos sobre sa\u00fade mental, aprendendo a reconhecer sinais de sofrimento psicol\u00f3gico e a import\u00e2ncia de buscar apoio em momentos de dificuldade.<\/p>\n\n\n\n<p>As atividades refor\u00e7aram a necessidade de promover ambientes de\u00a0acolhimento, escuta ativa e solidariedade, demonstrando que o di\u00e1logo \u00e9 uma ferramenta essencial para a constru\u00e7\u00e3o de uma comunidade mais saud\u00e1vel e emp\u00e1tica.<\/p>\n\n\n\n<p>Com iniciativas como esta, a Prefeitura de Morretes reafirma seu compromisso com a\u00a0promo\u00e7\u00e3o do bem-estar social\u00a0e o fortalecimento das pol\u00edticas p\u00fablicas voltadas \u00e0 sa\u00fade mental e \u00e0 valoriza\u00e7\u00e3o da vida.<\/p>\n\n\n\n<p>Prefeitura de Morretes<\/p>\n","protected":false},"excerpt":{"rendered":"<p>No dia\u00a024 de setembro de 2025, a Prefeitura de Morretes, por meio da\u00a0Secretaria Municipal de Assist\u00eancia Social, realizou uma atividade especial com o\u00a0Grupo &#8220;M\u00e3os que Acolhem&#8221;, em continuidade \u00e0s a\u00e7\u00f5es de conscientiza\u00e7\u00e3o da campanha\u00a0Setembro Amarelo. A programa\u00e7\u00e3o contou com a participa\u00e7\u00e3o da psic\u00f3loga do\u00a0CRAS, que conduziu palestras e din\u00e2micas com foco na\u00a0preven\u00e7\u00e3o do suic\u00eddio e [&hellip;]<\/p>\n","protected":false},"author":2,"featured_media":72671,"comment_status":"open","ping_status":"open","sticky":false,"template":"","format":"standard","meta":{"advanced_seo_description":"","jetpack_seo_html_title":"","jetpack_seo_noindex":false,"_jetpack_memberships_contains_paid_content":false,"footnotes":""},"categories":[125],"tags":[],"class_list":{"0":"post-72670","1":"post","2":"type-post","3":"status-publish","4":"format-standard","5":"has-post-thumbnail","7":"category-morretes"},"jetpack_featured_media_url":"https:\/\/www.paranapraia.com.br\/wp-content\/uploads\/2025\/09\/whatsapp-image-2025-09-24-at-164858.jpg","jetpack_sharing_enabled":true,"_links":{"self":[{"href":"https:\/\/www.paranapraia.com.br\/index.php\/wp-json\/wp\/v2\/posts\/72670"}],"collection":[{"href":"https:\/\/www.paranapraia.com.br\/index.php\/wp-json\/wp\/v2\/posts"}],"about":[{"href":"https:\/\/www.paranapraia.com.br\/index.php\/wp-json\/wp\/v2\/types\/post"}],"author":[{"embeddable":true,"href":"https:\/\/www.paranapraia.com.br\/index.php\/wp-json\/wp\/v2\/users\/2"}],"replies":[{"embeddable":true,"href":"https:\/\/www.paranapraia.com.br\/index.php\/wp-json\/wp\/v2\/comments?post=72670"}],"version-history":[{"count":1,"href":"https:\/\/www.paranapraia.com.br\/index.php\/wp-json\/wp\/v2\/posts\/72670\/revisions"}],"predecessor-version":[{"id":72672,"href":"https:\/\/www.paranapraia.com.br\/index.php\/wp-json\/wp\/v2\/posts\/72670\/revisions\/72672"}],"wp:featuredmedia":[{"embeddable":true,"href":"https:\/\/www.paranapraia.com.br\/index.php\/wp-json\/wp\/v2\/media\/72671"}],"wp:attachment":[{"href":"https:\/\/www.paranapraia.com.br\/index.php\/wp-json\/wp\/v2\/media?parent=72670"}],"wp:term":[{"taxonomy":"category","embeddable":true,"href":"https:\/\/www.paranapraia.com.br\/index.php\/wp-json\/wp\/v2\/categories?post=72670"},{"taxonomy":"post_tag","embeddable":true,"href":"https:\/\/www.paranapraia.com.br\/index.php\/wp-json\/wp\/v2\/tags?post=72670"}],"curies":[{"name":"wp","href":"https:\/\/api.w.org\/{rel}","templated":true}]}}