{"id":72664,"date":"2025-09-26T10:57:11","date_gmt":"2025-09-26T13:57:11","guid":{"rendered":"https:\/\/www.paranapraia.com.br\/?p=72664"},"modified":"2025-09-26T10:57:13","modified_gmt":"2025-09-26T13:57:13","slug":"estudantes-vivenciam-rotina-legislativa-em-visita-a-camara-de-pontal","status":"publish","type":"post","link":"https:\/\/www.paranapraia.com.br\/index.php\/2025\/09\/26\/estudantes-vivenciam-rotina-legislativa-em-visita-a-camara-de-pontal\/","title":{"rendered":"Estudantes vivenciam rotina legislativa em visita \u00e0 C\u00e2mara de Pontal"},"content":{"rendered":"\n<p>Na manh\u00e3 desta quinta-feira (25), a C\u00e2mara de Vereadores recebeu os alunos dos 5\u00ba A e 5\u00ba B da Escola Benvinda de Miranda Lopes Corr\u00eaa, dentro do projeto \u201cConhecendo <a><\/a>Pontal sob o olhar cai\u00e7ara\u201d.<\/p>\n\n\n\n<p>As crian\u00e7as participaram de uma din\u00e2mica que simulou uma sess\u00e3o legislativa, experi\u00eancia que servir\u00e1 de base para suas reda\u00e7\u00f5es no concurso do final do ano.<\/p>\n\n\n\n<p>Estavam presentes a presidente da Casa de Leis, vereadora Elinete Guimar\u00e3es Rocha, e a 1\u00aa secret\u00e1ria, vereadora Cleonice, que acompanharam a atividade, prestigiaram os alunos e puderam compartilhar um pouco de sua viv\u00eancia como representantes do povo.<\/p>\n\n\n\n<p>Ao vivenciarem de perto como acontecem os debates e vota\u00e7\u00f5es que definem os rumos da cidade, os estudantes se sentiram valorizados em um ambiente que simboliza a democracia e a constru\u00e7\u00e3o do futuro de Pontal do Paran\u00e1.<\/p>\n\n\n\n<p>Iniciativas como esta aproximam os jovens da vida p\u00fablica, despertam o senso de cidadania e fortalecem a compreens\u00e3o de que cada decis\u00e3o tomada na C\u00e2mara tem impacto direto na vida da comunidade.<\/p>\n\n\n\n<p>C\u00e2mara Municipal de Pontal do Paran\u00e1<\/p>\n","protected":false},"excerpt":{"rendered":"<p>Na manh\u00e3 desta quinta-feira (25), a C\u00e2mara de Vereadores recebeu os alunos dos 5\u00ba A e 5\u00ba B da Escola Benvinda de Miranda Lopes Corr\u00eaa, dentro do projeto \u201cConhecendo Pontal sob o olhar cai\u00e7ara\u201d. As crian\u00e7as participaram de uma din\u00e2mica que simulou uma sess\u00e3o legislativa, experi\u00eancia que servir\u00e1 de base para suas reda\u00e7\u00f5es no concurso [&hellip;]<\/p>\n","protected":false},"author":2,"featured_media":72665,"comment_status":"open","ping_status":"open","sticky":false,"template":"","format":"standard","meta":{"advanced_seo_description":"","jetpack_seo_html_title":"","jetpack_seo_noindex":false,"_jetpack_memberships_contains_paid_content":false,"footnotes":""},"categories":[65],"tags":[],"class_list":{"0":"post-72664","1":"post","2":"type-post","3":"status-publish","4":"format-standard","5":"has-post-thumbnail","7":"category-pontal-do-parana"},"jetpack_featured_media_url":"https:\/\/www.paranapraia.com.br\/wp-content\/uploads\/2025\/09\/555449808_1246037314234880_5022478993539730299_n-e1758894937151.jpg","jetpack_sharing_enabled":true,"_links":{"self":[{"href":"https:\/\/www.paranapraia.com.br\/index.php\/wp-json\/wp\/v2\/posts\/72664"}],"collection":[{"href":"https:\/\/www.paranapraia.com.br\/index.php\/wp-json\/wp\/v2\/posts"}],"about":[{"href":"https:\/\/www.paranapraia.com.br\/index.php\/wp-json\/wp\/v2\/types\/post"}],"author":[{"embeddable":true,"href":"https:\/\/www.paranapraia.com.br\/index.php\/wp-json\/wp\/v2\/users\/2"}],"replies":[{"embeddable":true,"href":"https:\/\/www.paranapraia.com.br\/index.php\/wp-json\/wp\/v2\/comments?post=72664"}],"version-history":[{"count":1,"href":"https:\/\/www.paranapraia.com.br\/index.php\/wp-json\/wp\/v2\/posts\/72664\/revisions"}],"predecessor-version":[{"id":72666,"href":"https:\/\/www.paranapraia.com.br\/index.php\/wp-json\/wp\/v2\/posts\/72664\/revisions\/72666"}],"wp:featuredmedia":[{"embeddable":true,"href":"https:\/\/www.paranapraia.com.br\/index.php\/wp-json\/wp\/v2\/media\/72665"}],"wp:attachment":[{"href":"https:\/\/www.paranapraia.com.br\/index.php\/wp-json\/wp\/v2\/media?parent=72664"}],"wp:term":[{"taxonomy":"category","embeddable":true,"href":"https:\/\/www.paranapraia.com.br\/index.php\/wp-json\/wp\/v2\/categories?post=72664"},{"taxonomy":"post_tag","embeddable":true,"href":"https:\/\/www.paranapraia.com.br\/index.php\/wp-json\/wp\/v2\/tags?post=72664"}],"curies":[{"name":"wp","href":"https:\/\/api.w.org\/{rel}","templated":true}]}}