{"id":72619,"date":"2025-09-25T12:59:16","date_gmt":"2025-09-25T15:59:16","guid":{"rendered":"https:\/\/www.paranapraia.com.br\/?p=72619"},"modified":"2025-09-25T12:59:18","modified_gmt":"2025-09-25T15:59:18","slug":"vice-prefeita-de-pontal-do-parana-participa-de-semana-academica-em-matinhos","status":"publish","type":"post","link":"https:\/\/www.paranapraia.com.br\/index.php\/2025\/09\/25\/vice-prefeita-de-pontal-do-parana-participa-de-semana-academica-em-matinhos\/","title":{"rendered":"Vice-prefeita de Pontal do Paran\u00e1 participa de Semana Acad\u00eamica em Matinhos"},"content":{"rendered":"\n<p>Patricia Millo Marcomini participou da abertura do evento da UFPR Litoral e retorna hoje com palestra sobre mulheres na gest\u00e3o p\u00fablica <\/p>\n\n\n\n<p>A vice-prefeita de Pontal do Paran\u00e1, Patricia Millo Marcomini, esteve na abertura da III Semana Acad\u00eamica de Administra\u00e7\u00e3o P\u00fablica (SAAP), realizada na segunda-feira (22) em Matinhos pelo Centro Acad\u00eamico de Administra\u00e7\u00e3o P\u00fablica (CAAP).<\/p>\n\n\n\n<p>Com o tema \u201cConex\u00f5es e Caminhos: Perspectivas Profissionais no Setor P\u00fablico e Social\u201d, a programa\u00e7\u00e3o re\u00fane estudantes, professores e profissionais do setor. A abertura contou com a Palestra Magna \u201cO que \u00e9 ser um Administrador P\u00fablico hoje?\u201d e atividades voltadas \u00e0 forma\u00e7\u00e3o acad\u00eamica e \u00e0 troca de experi\u00eancias.<\/p>\n\n\n\n<p>Na ocasi\u00e3o, Patricia esteve acompanhada da vereadora de Pontal do Paran\u00e1, Cleonice do Nascimento, que tamb\u00e9m participou da cerim\u00f4nia de abertura.<\/p>\n\n\n\n<p>Al\u00e9m da participa\u00e7\u00e3o na mesa de abertura, Patricia Millo Marcomini retorna nesta quinta-feira (25) com a palestra \u201cA Import\u00e2ncia da Participa\u00e7\u00e3o das Mulheres na Gest\u00e3o P\u00fablica\u201d, ampliando o debate sobre representatividade.<\/p>\n\n\n\n<p>A III SAAP segue at\u00e9 o fim desta semana com programa\u00e7\u00e3o aberta \u00e0 comunidade acad\u00eamica e interessados em discutir pr\u00e1ticas e perspectivas da administra\u00e7\u00e3o p\u00fablica .<\/p>\n\n\n\n<p>Prefeitura de Pontal do Paran\u00e1<\/p>\n","protected":false},"excerpt":{"rendered":"<p>Patricia Millo Marcomini participou da abertura do evento da UFPR Litoral e retorna hoje com palestra sobre mulheres na gest\u00e3o p\u00fablica A vice-prefeita de Pontal do Paran\u00e1, Patricia Millo Marcomini, esteve na abertura da III Semana Acad\u00eamica de Administra\u00e7\u00e3o P\u00fablica (SAAP), realizada na segunda-feira (22) em Matinhos pelo Centro Acad\u00eamico de Administra\u00e7\u00e3o P\u00fablica (CAAP). Com [&hellip;]<\/p>\n","protected":false},"author":2,"featured_media":72620,"comment_status":"open","ping_status":"open","sticky":false,"template":"","format":"standard","meta":{"advanced_seo_description":"","jetpack_seo_html_title":"","jetpack_seo_noindex":false,"_jetpack_memberships_contains_paid_content":false,"footnotes":""},"categories":[65],"tags":[],"class_list":{"0":"post-72619","1":"post","2":"type-post","3":"status-publish","4":"format-standard","5":"has-post-thumbnail","7":"category-pontal-do-parana"},"jetpack_featured_media_url":"https:\/\/www.paranapraia.com.br\/wp-content\/uploads\/2025\/09\/554798774_1140959068133049_435160112579852913_n-e1758815920769.jpg","jetpack_sharing_enabled":true,"_links":{"self":[{"href":"https:\/\/www.paranapraia.com.br\/index.php\/wp-json\/wp\/v2\/posts\/72619"}],"collection":[{"href":"https:\/\/www.paranapraia.com.br\/index.php\/wp-json\/wp\/v2\/posts"}],"about":[{"href":"https:\/\/www.paranapraia.com.br\/index.php\/wp-json\/wp\/v2\/types\/post"}],"author":[{"embeddable":true,"href":"https:\/\/www.paranapraia.com.br\/index.php\/wp-json\/wp\/v2\/users\/2"}],"replies":[{"embeddable":true,"href":"https:\/\/www.paranapraia.com.br\/index.php\/wp-json\/wp\/v2\/comments?post=72619"}],"version-history":[{"count":1,"href":"https:\/\/www.paranapraia.com.br\/index.php\/wp-json\/wp\/v2\/posts\/72619\/revisions"}],"predecessor-version":[{"id":72621,"href":"https:\/\/www.paranapraia.com.br\/index.php\/wp-json\/wp\/v2\/posts\/72619\/revisions\/72621"}],"wp:featuredmedia":[{"embeddable":true,"href":"https:\/\/www.paranapraia.com.br\/index.php\/wp-json\/wp\/v2\/media\/72620"}],"wp:attachment":[{"href":"https:\/\/www.paranapraia.com.br\/index.php\/wp-json\/wp\/v2\/media?parent=72619"}],"wp:term":[{"taxonomy":"category","embeddable":true,"href":"https:\/\/www.paranapraia.com.br\/index.php\/wp-json\/wp\/v2\/categories?post=72619"},{"taxonomy":"post_tag","embeddable":true,"href":"https:\/\/www.paranapraia.com.br\/index.php\/wp-json\/wp\/v2\/tags?post=72619"}],"curies":[{"name":"wp","href":"https:\/\/api.w.org\/{rel}","templated":true}]}}