{"id":72616,"date":"2025-09-24T17:27:15","date_gmt":"2025-09-24T20:27:15","guid":{"rendered":"https:\/\/www.paranapraia.com.br\/?p=72616"},"modified":"2025-09-24T17:27:18","modified_gmt":"2025-09-24T20:27:18","slug":"prefeitura-de-pontal-do-parana-amplia-frota-da-secretaria-de-obras-com-novos-equipamentos","status":"publish","type":"post","link":"https:\/\/www.paranapraia.com.br\/index.php\/2025\/09\/24\/prefeitura-de-pontal-do-parana-amplia-frota-da-secretaria-de-obras-com-novos-equipamentos\/","title":{"rendered":"Prefeitura de Pontal do Paran\u00e1 amplia frota da Secretaria de Obras com novos equipamentos"},"content":{"rendered":"\n<p>A Prefeitura de Pontal do Paran\u00e1 deu mais um passo para aprimorar os servi\u00e7os p\u00fablicos municipais com a entrega de duas retroescavadeiras e tr\u00eas caminh\u00f5es basculantes novos, zero-quil\u00f4metro, \u00e0 Secretaria Municipal de Obras e Servi\u00e7os P\u00fablicos.<\/p>\n\n\n\n<p><br>O valor total dos equipamentos \u00e9 de R$ 2.555.700,00. O prefeito Rud\u00e3o Gimenes esteve presente e entregou pessoalmente as chaves ao secret\u00e1rio Vitor Santana.<br>\u201cEstamos entregando essas m\u00e1quinas para dar mais velocidade e for\u00e7a aos trabalhos da Secretaria de Obras, beneficiando diretamente a popula\u00e7\u00e3o\u201d, destacou o prefeito.<\/p>\n\n\n\n<p>O ato contou ainda com a presen\u00e7a do vereador Nei da Pesca, do secret\u00e1rio Municipal de Governo F\u00e1bio de Oliveira, do diretor-geral do diretor-geral Anderson Nakayama e da equipe t\u00e9cnica respons\u00e1vel pela entrega e orienta\u00e7\u00e3o sobre os equipamentos.<\/p>\n\n\n\n<p>Segundo a Prefeitura, a frota ser\u00e1 ampliada em breve com a entrega de mais um caminh\u00e3o basculante e uma retroescavadeira hidr\u00e1ulica, completando o programa de moderniza\u00e7\u00e3o da Secretaria de Obras.<\/p>\n\n\n\n<p>Com os novos maquin\u00e1rios, a Prefeitura refor\u00e7a a capacidade de execu\u00e7\u00e3o de obras e servi\u00e7os p\u00fablicos, garantindo efici\u00eancia e agilidade nas a\u00e7\u00f5es que atendem a popula\u00e7\u00e3o de Pontal do Paran\u00e1.<\/p>\n\n\n\n<p>Fotos: Prefeitura de Pontal do Paran\u00e1\/ Clovis Santos<\/p>\n","protected":false},"excerpt":{"rendered":"<p>A Prefeitura de Pontal do Paran\u00e1 deu mais um passo para aprimorar os servi\u00e7os p\u00fablicos municipais com a entrega de duas retroescavadeiras e tr\u00eas caminh\u00f5es basculantes novos, zero-quil\u00f4metro, \u00e0 Secretaria Municipal de Obras e Servi\u00e7os P\u00fablicos. O valor total dos equipamentos \u00e9 de R$ 2.555.700,00. O prefeito Rud\u00e3o Gimenes esteve presente e entregou pessoalmente as [&hellip;]<\/p>\n","protected":false},"author":2,"featured_media":72617,"comment_status":"open","ping_status":"open","sticky":false,"template":"","format":"standard","meta":{"advanced_seo_description":"","jetpack_seo_html_title":"","jetpack_seo_noindex":false,"_jetpack_memberships_contains_paid_content":false,"footnotes":""},"categories":[65],"tags":[316,319,318],"class_list":{"0":"post-72616","1":"post","2":"type-post","3":"status-publish","4":"format-standard","5":"has-post-thumbnail","7":"category-pontal-do-parana","8":"tag-litoral","9":"tag-parana","10":"tag-pontal-do-parana"},"jetpack_featured_media_url":"https:\/\/www.paranapraia.com.br\/wp-content\/uploads\/2025\/09\/FB_IMG_1758745506584.jpg","jetpack_sharing_enabled":true,"_links":{"self":[{"href":"https:\/\/www.paranapraia.com.br\/index.php\/wp-json\/wp\/v2\/posts\/72616"}],"collection":[{"href":"https:\/\/www.paranapraia.com.br\/index.php\/wp-json\/wp\/v2\/posts"}],"about":[{"href":"https:\/\/www.paranapraia.com.br\/index.php\/wp-json\/wp\/v2\/types\/post"}],"author":[{"embeddable":true,"href":"https:\/\/www.paranapraia.com.br\/index.php\/wp-json\/wp\/v2\/users\/2"}],"replies":[{"embeddable":true,"href":"https:\/\/www.paranapraia.com.br\/index.php\/wp-json\/wp\/v2\/comments?post=72616"}],"version-history":[{"count":1,"href":"https:\/\/www.paranapraia.com.br\/index.php\/wp-json\/wp\/v2\/posts\/72616\/revisions"}],"predecessor-version":[{"id":72618,"href":"https:\/\/www.paranapraia.com.br\/index.php\/wp-json\/wp\/v2\/posts\/72616\/revisions\/72618"}],"wp:featuredmedia":[{"embeddable":true,"href":"https:\/\/www.paranapraia.com.br\/index.php\/wp-json\/wp\/v2\/media\/72617"}],"wp:attachment":[{"href":"https:\/\/www.paranapraia.com.br\/index.php\/wp-json\/wp\/v2\/media?parent=72616"}],"wp:term":[{"taxonomy":"category","embeddable":true,"href":"https:\/\/www.paranapraia.com.br\/index.php\/wp-json\/wp\/v2\/categories?post=72616"},{"taxonomy":"post_tag","embeddable":true,"href":"https:\/\/www.paranapraia.com.br\/index.php\/wp-json\/wp\/v2\/tags?post=72616"}],"curies":[{"name":"wp","href":"https:\/\/api.w.org\/{rel}","templated":true}]}}