{"id":72613,"date":"2025-09-24T15:18:14","date_gmt":"2025-09-24T18:18:14","guid":{"rendered":"https:\/\/www.paranapraia.com.br\/?p=72613"},"modified":"2025-09-24T15:18:17","modified_gmt":"2025-09-24T18:18:17","slug":"inscricoes-para-rede-de-colegios-da-policia-militar-do-parana-encerram-em-6-de-outubro","status":"publish","type":"post","link":"https:\/\/www.paranapraia.com.br\/index.php\/2025\/09\/24\/inscricoes-para-rede-de-colegios-da-policia-militar-do-parana-encerram-em-6-de-outubro\/","title":{"rendered":"Inscri\u00e7\u00f5es para rede de Col\u00e9gios da Pol\u00edcia Militar do Paran\u00e1 encerram em 6 de outubro"},"content":{"rendered":"\n<p>Os Col\u00e9gios da Pol\u00edcia Militar do Paran\u00e1 est\u00e3o com inscri\u00e7\u00f5es abertas para o processo seletivo de ingresso em 2026. O prazo para se candidatar vai at\u00e9 6 de outubro de 2025. Conforme o edital, s\u00e3o 1.030 vagas no total, sendo 720 para o Ensino Fundamental e 310 para o Ensino M\u00e9dio.<\/p>\n\n\n\n<p>O processo seletivo oferece vagas para o 6\u00ba ano do Ensino Fundamental e para a 1\u00aa s\u00e9rie do Ensino M\u00e9dio. Do total de vagas, 50% s\u00e3o preferenciais, destinadas a filhos ou dependentes legais de militares estaduais da ativa, da reserva remunerada ou reformados do Paran\u00e1. Al\u00e9m disso, 5% das vagas s\u00e3o reservadas para candidatos com defici\u00eancia.<\/p>\n\n\n\n<p>Em Curitiba, s\u00e3o 120 vagas para o 6\u00ba ano do Ensino Fundamental e 90 para a 1\u00aa s\u00e9rie do Ensino M\u00e9dio. Londrina ter\u00e1 90 vagas no Fundamental e 30 no M\u00e9dio, enquanto Corn\u00e9lio Proc\u00f3pio abre 90 no 6\u00ba ano, 30 no Ensino M\u00e9dio e outras 24 no Ensino M\u00e9dio Profissional.<\/p>\n\n\n\n<p>J\u00e1 em Maring\u00e1, ser\u00e3o 150 vagas para o Fundamental e 40 para o M\u00e9dio. Em Foz do Igua\u00e7u, a oferta \u00e9 de 90 para o 6\u00ba ano e 40 para o M\u00e9dio, e em Pato Branco, 120 para o Fundamental e 20 para o M\u00e9dio. Por fim, Uni\u00e3o da Vit\u00f3ria ter\u00e1 60 vagas para o 6\u00ba ano e 36 para o Ensino M\u00e9dio.<\/p>\n\n\n\n<p>As&nbsp;<a href=\"https:\/\/cpmpr.processoclassificatoriocpm.com.br\/cadastro\" target=\"_blank\" rel=\"noreferrer noopener\">inscri\u00e7\u00f5es<\/a>&nbsp;devem ser feitas exclusivamente pela internet. O formul\u00e1rio exige o envio de documentos digitais, incluindo RG, CPF, declara\u00e7\u00e3o escolar e fotografia atualizada. A taxa \u00e9 de R$ 95 e pode ser paga via PIX ou boleto banc\u00e1rio at\u00e9 6 de outubro. H\u00e1 possibilidade de isen\u00e7\u00e3o para candidatos cadastrados no Cad\u00danico, com pedido realizado dentro do per\u00edodo previsto em&nbsp;<a href=\"https:\/\/cpmpr.processoclassificatoriocpm.com.br\/storage\/2025\/admin\/dec1cpmpc2025-2026editaln001pdf-1754589766.pdf\" target=\"_blank\" rel=\"noreferrer noopener\">edital<\/a>.<\/p>\n\n\n\n<p><strong>QUEM PODE PARTICIPAR&nbsp;<\/strong>\u2013&nbsp;Para o 6\u00ba ano do Ensino Fundamental, podem se inscrever estudantes que estejam cursando o 5\u00ba ano em 2025 e tenham nascido entre 2013 e 2016. Para a 1\u00aa s\u00e9rie do Ensino M\u00e9dio, alunos que estejam no 9\u00ba ano em 2025 e tenham nascido entre 2009 e 2012.<\/p>\n\n\n\n<p><strong>CRONOGRAMA<\/strong>&nbsp;\u2013 A prova objetiva ser\u00e1 aplicada simultaneamente em 30 de novembro em cada cidade que possui a unidade de ensino. O exame ter\u00e1 quest\u00f5es de L\u00edngua Portuguesa, Matem\u00e1tica, Ci\u00eancias, Geografia e Hist\u00f3ria.<\/p>\n\n\n\n<p>O gabarito preliminar ser\u00e1 divulgado no mesmo dia da prova, a partir das 18h. O resultado com a lista de aprovados est\u00e1 previsto para 16 de dezembro, e as matr\u00edculas ocorrer\u00e3o em dezembro, conforme cronograma oficial.<\/p>\n\n\n\n<p>Mais informa\u00e7\u00f5es, incluindo conte\u00fado program\u00e1tico e regras detalhadas, est\u00e3o dispon\u00edveis no edital do processo classificat\u00f3rio no site&nbsp;<a href=\"https:\/\/cpmpr.processoclassificatoriocpm.com.br\/\" target=\"_blank\" rel=\"noreferrer noopener\">cpmpr.processoclassificatoriocpm.com.br<\/a>.<\/p>\n\n\n\n<p>AEN\/PR<\/p>\n","protected":false},"excerpt":{"rendered":"<p>Os Col\u00e9gios da Pol\u00edcia Militar do Paran\u00e1 est\u00e3o com inscri\u00e7\u00f5es abertas para o processo seletivo de ingresso em 2026. O prazo para se candidatar vai at\u00e9 6 de outubro de 2025. Conforme o edital, s\u00e3o 1.030 vagas no total, sendo 720 para o Ensino Fundamental e 310 para o Ensino M\u00e9dio. O processo seletivo oferece [&hellip;]<\/p>\n","protected":false},"author":2,"featured_media":72614,"comment_status":"open","ping_status":"open","sticky":false,"template":"","format":"standard","meta":{"advanced_seo_description":"","jetpack_seo_html_title":"","jetpack_seo_noindex":false,"_jetpack_memberships_contains_paid_content":false,"footnotes":""},"categories":[40],"tags":[],"class_list":{"0":"post-72613","1":"post","2":"type-post","3":"status-publish","4":"format-standard","5":"has-post-thumbnail","7":"category-destaques"},"jetpack_featured_media_url":"https:\/\/www.paranapraia.com.br\/wp-content\/uploads\/2025\/09\/whatsapp_image_2025-09-24_at_14.58.34.jpg","jetpack_sharing_enabled":true,"_links":{"self":[{"href":"https:\/\/www.paranapraia.com.br\/index.php\/wp-json\/wp\/v2\/posts\/72613"}],"collection":[{"href":"https:\/\/www.paranapraia.com.br\/index.php\/wp-json\/wp\/v2\/posts"}],"about":[{"href":"https:\/\/www.paranapraia.com.br\/index.php\/wp-json\/wp\/v2\/types\/post"}],"author":[{"embeddable":true,"href":"https:\/\/www.paranapraia.com.br\/index.php\/wp-json\/wp\/v2\/users\/2"}],"replies":[{"embeddable":true,"href":"https:\/\/www.paranapraia.com.br\/index.php\/wp-json\/wp\/v2\/comments?post=72613"}],"version-history":[{"count":1,"href":"https:\/\/www.paranapraia.com.br\/index.php\/wp-json\/wp\/v2\/posts\/72613\/revisions"}],"predecessor-version":[{"id":72615,"href":"https:\/\/www.paranapraia.com.br\/index.php\/wp-json\/wp\/v2\/posts\/72613\/revisions\/72615"}],"wp:featuredmedia":[{"embeddable":true,"href":"https:\/\/www.paranapraia.com.br\/index.php\/wp-json\/wp\/v2\/media\/72614"}],"wp:attachment":[{"href":"https:\/\/www.paranapraia.com.br\/index.php\/wp-json\/wp\/v2\/media?parent=72613"}],"wp:term":[{"taxonomy":"category","embeddable":true,"href":"https:\/\/www.paranapraia.com.br\/index.php\/wp-json\/wp\/v2\/categories?post=72613"},{"taxonomy":"post_tag","embeddable":true,"href":"https:\/\/www.paranapraia.com.br\/index.php\/wp-json\/wp\/v2\/tags?post=72613"}],"curies":[{"name":"wp","href":"https:\/\/api.w.org\/{rel}","templated":true}]}}