{"id":72610,"date":"2025-09-24T15:14:55","date_gmt":"2025-09-24T18:14:55","guid":{"rendered":"https:\/\/www.paranapraia.com.br\/?p=72610"},"modified":"2025-09-24T15:14:58","modified_gmt":"2025-09-24T18:14:58","slug":"espetaculo-infantil-chega-a-pontal-do-parana-com-oficinas-gratuitas-e-acessibilidade","status":"publish","type":"post","link":"https:\/\/www.paranapraia.com.br\/index.php\/2025\/09\/24\/espetaculo-infantil-chega-a-pontal-do-parana-com-oficinas-gratuitas-e-acessibilidade\/","title":{"rendered":"Espet\u00e1culo infantil chega a Pontal do Paran\u00e1 com oficinas gratuitas e acessibilidade"},"content":{"rendered":"\n<p><a><\/a>Cia Cultural Rainha Ma\u00e7\u00e3 apresenta \u201cO Arauto Conta: A Hist\u00f3ria de todas as Hist\u00f3rias\u201d de 1\u00ba a 3 de outubro no munic\u00edpio<\/p>\n\n\n\n<p>Pontal do Paran\u00e1 recebe, entre 1\u00ba e 3 de outubro, a circula\u00e7\u00e3o do espet\u00e1culo \u201cO Arauto Conta: A Hist\u00f3ria de todas as Hist\u00f3rias\u201d, da Cia Cultural Rainha Ma\u00e7\u00e3. As atividades ser\u00e3o realizadas na Escola Especial Municipal Ilha do Saber, no Balne\u00e1rio Praia de Leste, e no CMEI Cavalo Marinho, no Balne\u00e1rio Primavera, com apresenta\u00e7\u00f5es gratuitas e oficinas abertas \u00e0 comunidade escolar.<\/p>\n\n\n\n<p>A iniciativa faz parte do projeto itinerante que percorre cidades do litoral paranaense desde agosto. At\u00e9 sua conclus\u00e3o, ser\u00e3o 30 apresenta\u00e7\u00f5es e 15 oficinas, com estimativa de alcance a cerca de 3.500 pessoas. Em Pontal do Paran\u00e1, a programa\u00e7\u00e3o inclui conta\u00e7\u00e3o de hist\u00f3rias, t\u00e9cnicas vocais e corporais, com a participa\u00e7\u00e3o de estudantes, professores e funcion\u00e1rios das institui\u00e7\u00f5es de ensino.<\/p>\n\n\n\n<p>Todas as atividades contam com tradu\u00e7\u00e3o em Libras e audiodescri\u00e7\u00e3o, garantindo a participa\u00e7\u00e3o de pessoas surdas, cegas e com mobilidade reduzida. O projeto foi viabilizado pela Pol\u00edtica Nacional Aldir Blanc (PNAB), por meio da Secretaria de Cultura do Paran\u00e1, e j\u00e1 passou por Paranagu\u00e1, Antonina, Morretes, Guaratuba e Matinhos.<\/p>\n\n\n\n<p>O espet\u00e1culo, em cartaz h\u00e1 dez anos, narra a origem das hist\u00f3rias segundo a tradi\u00e7\u00e3o Ashanti, quando Ananse, o tecel\u00e3o, enfrenta desafios para conquistar o ba\u00fa dourado de Nyame, o Deus do C\u00e9u. Desde 2015, a pe\u00e7a j\u00e1 foi apresentada mais de mil vezes em estados como Paran\u00e1, S\u00e3o Paulo e Santa Catarina.<\/p>\n\n\n\n<p>Programa\u00e7\u00e3o em Pontal do Paran\u00e1<\/p>\n\n\n\n<p>* 01\/10\/2025 9h e 14h \u2013 Apresenta\u00e7\u00f5es no CMEI Cavalo Marinho \u2013 Balne\u00e1rio Primavera<\/p>\n\n\n\n<p>* 02\/10\/2025 10h e 15h \u2013 Apresenta\u00e7\u00f5es na Escola Especial Municipal Ilha do Saber<\/p>\n\n\n\n<p>* 03\/10\/2025 10h \u2013 Oficina na Escola Especial Municipal Ilha do Saber<\/p>\n\n\n\n<p>* 03\/10\/2025 \u2013 Oficina no CMEI Cavalo Marinho \u2013 Balne\u00e1rio Primavera<\/p>\n\n\n\n<p>Com Pontal do Paran\u00e1 no roteiro, a circula\u00e7\u00e3o amplia o acesso da comunidade escolar do munic\u00edpio \u00e0s artes c\u00eanicas, unindo apresenta\u00e7\u00f5es, oficinas e recursos de acessibilidade.<\/p>\n\n\n\n<p>Prefeitura de Pontal do Paran\u00e1<\/p>\n","protected":false},"excerpt":{"rendered":"<p>Cia Cultural Rainha Ma\u00e7\u00e3 apresenta \u201cO Arauto Conta: A Hist\u00f3ria de todas as Hist\u00f3rias\u201d de 1\u00ba a 3 de outubro no munic\u00edpio Pontal do Paran\u00e1 recebe, entre 1\u00ba e 3 de outubro, a circula\u00e7\u00e3o do espet\u00e1culo \u201cO Arauto Conta: A Hist\u00f3ria de todas as Hist\u00f3rias\u201d, da Cia Cultural Rainha Ma\u00e7\u00e3. As atividades ser\u00e3o realizadas na [&hellip;]<\/p>\n","protected":false},"author":2,"featured_media":72611,"comment_status":"open","ping_status":"open","sticky":false,"template":"","format":"standard","meta":{"advanced_seo_description":"","jetpack_seo_html_title":"","jetpack_seo_noindex":false,"_jetpack_memberships_contains_paid_content":false,"footnotes":""},"categories":[65],"tags":[1487,316,319,318],"class_list":{"0":"post-72610","1":"post","2":"type-post","3":"status-publish","4":"format-standard","5":"has-post-thumbnail","7":"category-pontal-do-parana","8":"tag-espetaculo-infantil-chega-a-pontal-do-parana-com-oficinas-gratuitas-e-acessibilidade","9":"tag-litoral","10":"tag-parana","11":"tag-pontal-do-parana"},"jetpack_featured_media_url":"https:\/\/www.paranapraia.com.br\/wp-content\/uploads\/2025\/09\/552842355_1140317141530575_8278114552106045767_n.jpg","jetpack_sharing_enabled":true,"_links":{"self":[{"href":"https:\/\/www.paranapraia.com.br\/index.php\/wp-json\/wp\/v2\/posts\/72610"}],"collection":[{"href":"https:\/\/www.paranapraia.com.br\/index.php\/wp-json\/wp\/v2\/posts"}],"about":[{"href":"https:\/\/www.paranapraia.com.br\/index.php\/wp-json\/wp\/v2\/types\/post"}],"author":[{"embeddable":true,"href":"https:\/\/www.paranapraia.com.br\/index.php\/wp-json\/wp\/v2\/users\/2"}],"replies":[{"embeddable":true,"href":"https:\/\/www.paranapraia.com.br\/index.php\/wp-json\/wp\/v2\/comments?post=72610"}],"version-history":[{"count":1,"href":"https:\/\/www.paranapraia.com.br\/index.php\/wp-json\/wp\/v2\/posts\/72610\/revisions"}],"predecessor-version":[{"id":72612,"href":"https:\/\/www.paranapraia.com.br\/index.php\/wp-json\/wp\/v2\/posts\/72610\/revisions\/72612"}],"wp:featuredmedia":[{"embeddable":true,"href":"https:\/\/www.paranapraia.com.br\/index.php\/wp-json\/wp\/v2\/media\/72611"}],"wp:attachment":[{"href":"https:\/\/www.paranapraia.com.br\/index.php\/wp-json\/wp\/v2\/media?parent=72610"}],"wp:term":[{"taxonomy":"category","embeddable":true,"href":"https:\/\/www.paranapraia.com.br\/index.php\/wp-json\/wp\/v2\/categories?post=72610"},{"taxonomy":"post_tag","embeddable":true,"href":"https:\/\/www.paranapraia.com.br\/index.php\/wp-json\/wp\/v2\/tags?post=72610"}],"curies":[{"name":"wp","href":"https:\/\/api.w.org\/{rel}","templated":true}]}}