{"id":72607,"date":"2025-09-24T15:03:47","date_gmt":"2025-09-24T18:03:47","guid":{"rendered":"https:\/\/www.paranapraia.com.br\/?p=72607"},"modified":"2025-09-24T15:03:49","modified_gmt":"2025-09-24T18:03:49","slug":"peregrinacao-a-pe-ao-rocio-cresce-e-ganha-mais-participantes-a-cada-edicao-em-pontal-do-parana","status":"publish","type":"post","link":"https:\/\/www.paranapraia.com.br\/index.php\/2025\/09\/24\/peregrinacao-a-pe-ao-rocio-cresce-e-ganha-mais-participantes-a-cada-edicao-em-pontal-do-parana\/","title":{"rendered":"Peregrina\u00e7\u00e3o a P\u00e9 ao Rocio cresce e ganha mais participantes a cada edi\u00e7\u00e3o em Pontal do Paran\u00e1"},"content":{"rendered":"\n<p>A Peregrina\u00e7\u00e3o a P\u00e9 ao Santu\u00e1rio Estadual Nossa Senhora do Rocio chega \u00e0 sua segunda edi\u00e7\u00e3o no dia 15 de novembro de 2025 e j\u00e1 demonstra um crescimento expressivo na participa\u00e7\u00e3o, revelando como a devo\u00e7\u00e3o \u00e0 padroeira do Paran\u00e1 vem reunindo cada vez mais peregrinos a cada ano.<\/p>\n\n\n\n<p>O trajeto de 32 km tem in\u00edcio na Rua Nossa Senhora do Rocio, no Balne\u00e1rio Santa Terezinha, em Pontal do Paran\u00e1, e segue at\u00e9 seu Santu\u00e1rio, em Paranagu\u00e1. Neste ano, cerca de 100 peregrinos j\u00e1 est\u00e3o inscritos \u2014 o maior n\u00famero desde que a caminhada come\u00e7ou \u2014 e a expectativa \u00e9 de que novas ades\u00f5es aconte\u00e7am at\u00e9 a data do evento. Esse crescimento reflete a for\u00e7a da f\u00e9 e o envolvimento da comunidade, al\u00e9m de refor\u00e7ar o potencial da peregrina\u00e7\u00e3o como express\u00e3o religiosa e cultural no munic\u00edpio.<\/p>\n\n\n\n<p>A hist\u00f3ria da peregrina\u00e7\u00e3o est\u00e1 ligada \u00e0 f\u00e9 da fam\u00edlia de Maraliz Lopes Somar e de seu esposo, Luiz Stefan Somar, unidos \u00e0 prima C\u00e9lia Regina Silva Teles. Com a participa\u00e7\u00e3o de Joyce Maus Mischur \u2014 que j\u00e1 percorreu os 800 km do Caminho de Santiago de Compostela e trouxe essa experi\u00eancia para somar a uma caminhada que j\u00e1 vinha sendo constru\u00edda ao longo dos anos \u2014 a organiza\u00e7\u00e3o do evento ganhou novos elementos e inspira\u00e7\u00e3o. A promessa feita pela m\u00e3e de Maraliz, cumprida com devo\u00e7\u00e3o at\u00e9 seus \u00faltimos dias, e as gra\u00e7as recebidas pela fam\u00edlia inspiraram outras pessoas a se unirem \u00e0 caminhada, transformando uma iniciativa familiar em um movimento coletivo de f\u00e9.<\/p>\n\n\n\n<p>Em 2013, amigos come\u00e7aram a acompanhar o grupo de bicicleta. Em 2023, Luiz fez o percurso a p\u00e9 sozinho. J\u00e1 em 2024, a caminhada foi organizada de forma mais estruturada, reunindo cerca de 50 participantes. Agora, em 2025, o n\u00famero de inscritos dobrou, demonstrando que a f\u00e9 compartilhada tem o poder de unir e fortalecer cada vez mais pessoas.<\/p>\n\n\n\n<p>Um dos objetivos deste ano \u00e9 permitir que os peregrinos conhe\u00e7am as igrejas cat\u00f3licas ao longo do trajeto, fazendo paradas para ora\u00e7\u00e3o e descanso. O primeiro ponto de parada ser\u00e1 na localidade do Guaragua\u00e7u, onde os participantes ser\u00e3o recebidos com um caf\u00e9 da manh\u00e3 cai\u00e7ara preparado pela Dona Concei\u00e7\u00e3o.<\/p>\n\n\n\n<p>A organiza\u00e7\u00e3o ir\u00e1 oficiar os \u00f3rg\u00e3os de seguran\u00e7a e equipes de suporte para garantir a tranquilidade dos peregrinos, que utilizar\u00e3o exclusivamente o acostamento da via.<\/p>\n\n\n\n<p>O objetivo principal \u00e9 chegar ao Santu\u00e1rio do Rocio para unir-se \u00e0 tradicional prociss\u00e3o do dia 15 de novembro. Est\u00e1 sendo alinhada, mas ainda n\u00e3o confirmada, uma acolhida especial com o Padre Thiago da Silva, da Par\u00f3quia Nossa Senhora da Paz, para marcar a chegada do grupo.<\/p>\n\n\n\n<p>Nossa Senhora do Rocio, padroeira do Paran\u00e1, \u00e9 considerada a protetora dos pescadores e das fam\u00edlias. Sua devo\u00e7\u00e3o teve in\u00edcio em meados do s\u00e9culo XVII, quando uma pequena imagem foi encontrada nas \u00e1guas da Ba\u00eda de Paranagu\u00e1. Desde ent\u00e3o, in\u00fameros fi\u00e9is atribuem a ela gra\u00e7as e milagres, e o Santu\u00e1rio em sua homenagem se tornou um dos mais importantes destinos de peregrina\u00e7\u00e3o do estado, atraindo milhares de devotos todos os anos.<\/p>\n\n\n\n<p>Mais do que uma caminhada, a peregrina\u00e7\u00e3o representa uma experi\u00eancia coletiva de f\u00e9, constru\u00edda a partir de promessas, milagres e hist\u00f3rias de devo\u00e7\u00e3o. Com o crescimento que vem apresentando, o prop\u00f3sito \u00e9 que cada vez mais pessoas participem da prociss\u00e3o e conhe\u00e7am o Santu\u00e1rio do Rocio, fortalecendo a devo\u00e7\u00e3o \u00e0 padroeira do Paran\u00e1.<\/p>\n\n\n\n<p>Reda\u00e7\u00e3o <\/p>\n","protected":false},"excerpt":{"rendered":"<p>A Peregrina\u00e7\u00e3o a P\u00e9 ao Santu\u00e1rio Estadual Nossa Senhora do Rocio chega \u00e0 sua segunda edi\u00e7\u00e3o no dia 15 de novembro de 2025 e j\u00e1 demonstra um crescimento expressivo na participa\u00e7\u00e3o, revelando como a devo\u00e7\u00e3o \u00e0 padroeira do Paran\u00e1 vem reunindo cada vez mais peregrinos a cada ano. O trajeto de 32 km tem in\u00edcio [&hellip;]<\/p>\n","protected":false},"author":2,"featured_media":72608,"comment_status":"open","ping_status":"open","sticky":false,"template":"","format":"standard","meta":{"advanced_seo_description":"","jetpack_seo_html_title":"","jetpack_seo_noindex":false,"_jetpack_memberships_contains_paid_content":false,"footnotes":""},"categories":[40,65],"tags":[321,1486,318],"class_list":{"0":"post-72607","1":"post","2":"type-post","3":"status-publish","4":"format-standard","5":"has-post-thumbnail","7":"category-destaques","8":"category-pontal-do-parana","9":"tag-paranagua","10":"tag-peregrinacao-a-pe-ao-rocio-cresce-e-ganha-mais-participantes-a-cada-edicao-em-pontal-do-parana","11":"tag-pontal-do-parana"},"jetpack_featured_media_url":"https:\/\/www.paranapraia.com.br\/wp-content\/uploads\/2025\/09\/IMG-20250924-WA0218.jpg","jetpack_sharing_enabled":true,"_links":{"self":[{"href":"https:\/\/www.paranapraia.com.br\/index.php\/wp-json\/wp\/v2\/posts\/72607"}],"collection":[{"href":"https:\/\/www.paranapraia.com.br\/index.php\/wp-json\/wp\/v2\/posts"}],"about":[{"href":"https:\/\/www.paranapraia.com.br\/index.php\/wp-json\/wp\/v2\/types\/post"}],"author":[{"embeddable":true,"href":"https:\/\/www.paranapraia.com.br\/index.php\/wp-json\/wp\/v2\/users\/2"}],"replies":[{"embeddable":true,"href":"https:\/\/www.paranapraia.com.br\/index.php\/wp-json\/wp\/v2\/comments?post=72607"}],"version-history":[{"count":1,"href":"https:\/\/www.paranapraia.com.br\/index.php\/wp-json\/wp\/v2\/posts\/72607\/revisions"}],"predecessor-version":[{"id":72609,"href":"https:\/\/www.paranapraia.com.br\/index.php\/wp-json\/wp\/v2\/posts\/72607\/revisions\/72609"}],"wp:featuredmedia":[{"embeddable":true,"href":"https:\/\/www.paranapraia.com.br\/index.php\/wp-json\/wp\/v2\/media\/72608"}],"wp:attachment":[{"href":"https:\/\/www.paranapraia.com.br\/index.php\/wp-json\/wp\/v2\/media?parent=72607"}],"wp:term":[{"taxonomy":"category","embeddable":true,"href":"https:\/\/www.paranapraia.com.br\/index.php\/wp-json\/wp\/v2\/categories?post=72607"},{"taxonomy":"post_tag","embeddable":true,"href":"https:\/\/www.paranapraia.com.br\/index.php\/wp-json\/wp\/v2\/tags?post=72607"}],"curies":[{"name":"wp","href":"https:\/\/api.w.org\/{rel}","templated":true}]}}