{"id":72600,"date":"2025-09-24T13:31:55","date_gmt":"2025-09-24T16:31:55","guid":{"rendered":"https:\/\/www.paranapraia.com.br\/?p=72600"},"modified":"2025-09-24T13:31:58","modified_gmt":"2025-09-24T16:31:58","slug":"capacitacao-para-vendedores-ambulantes-em-pontal-do-parana-chega-ao-setor-4","status":"publish","type":"post","link":"https:\/\/www.paranapraia.com.br\/index.php\/2025\/09\/24\/capacitacao-para-vendedores-ambulantes-em-pontal-do-parana-chega-ao-setor-4\/","title":{"rendered":"Capacita\u00e7\u00e3o para vendedores ambulantes em Pontal do Paran\u00e1 chega ao Setor 4"},"content":{"rendered":"\n<p>Hoje (24), o Setor 4 participa do ciclo de capacita\u00e7\u00f5es voltado aos vendedores ambulantes, com a palestra \u201cBoas pr\u00e1ticas em manipula\u00e7\u00e3o de alimentos\u201d, ministrada pela Dra. Ana Paula Augusto de Araujo, da Vigil\u00e2ncia Sanit\u00e1ria.<br>O encontro ocorrer\u00e1 das 18h \u00e0s 20h, na SubPrefeitura de Pontal do Sul, e abordar\u00e1 orienta\u00e7\u00f5es essenciais sobre qualidade, seguran\u00e7a e atendimento ao p\u00fablico.<\/p>\n\n\n\n<p>Nesta semana, o Setor 3 tamb\u00e9m participou das atividades, realizadas nos dias 22 e 23 de setembro, no Centro de Conviv\u00eancia do Idoso, em Shangri-l\u00e1.<\/p>\n\n\n\n<p>Na segunda-feira (22), a palestra abordou \u201cBoas pr\u00e1ticas em manipula\u00e7\u00e3o de alimentos\u201d, com instru\u00e7\u00f5es sobre higiene, conserva\u00e7\u00e3o dos alimentos e formas de garantir mais seguran\u00e7a e qualidade no atendimento ao p\u00fablico.<\/p>\n\n\n\n<p>Na ter\u00e7a-feira (23), o tema foi \u201cMundo Digital \u2013 Sebrae: acesso a cr\u00e9dito com rodada das institui\u00e7\u00f5es\u201d, com participa\u00e7\u00e3o das cooperativas Crevisc, Cresol e Ampec, apresentando alternativas de cr\u00e9dito e esclarecendo d\u00favidas dos ambulantes.<\/p>\n\n\n\n<p>Vale lembrar que os Setores 1 e 2 tamb\u00e9m participaram das capacita\u00e7\u00f5es.<br>No dia 15 de setembro, o Setor 1 recebeu a palestra \u201cBoas pr\u00e1ticas em manipula\u00e7\u00e3o de alimentos\u201d, promovida pela Vigil\u00e2ncia Sanit\u00e1ria da Prefeitura de Pontal do Paran\u00e1.<br>J\u00e1 no dia 18, o Setor 2 participou, no Centro de Capacita\u00e7\u00e3o em Praia de Leste, da palestra \u201cAcesso a cr\u00e9dito com rodada das institui\u00e7\u00f5es\u201d.<\/p>\n\n\n\n<p>O prefeito de Pontal do Paran\u00e1, Rud\u00e3o Gimenes, comentou:<br>\u201cA cada etapa conseguimos aproximar ainda mais o poder p\u00fablico dos trabalhadores da orla. Essas capacita\u00e7\u00f5es ajudam a organizar o setor, ampliam oportunidades e geram benef\u00edcios tanto para os vendedores quanto para a popula\u00e7\u00e3o e os turistas que frequentam nossa cidade.\u201d<\/p>\n\n\n\n<p>A consultora de Neg\u00f3cios do Sebrae\/PR, Catiane dos Santos, explicou que o foco das capacita\u00e7\u00f5es tem sido mostrar possibilidades de cr\u00e9dito consciente e orientado, para que os vendedores empreendam melhor e aumentem o capital de giro.<br>\u201cEssa parceria com a prefeitura \u00e9 essencial, pois permite alcan\u00e7ar um grande p\u00fablico\u201d, completou.<\/p>\n\n\n\n<p>Atualmente, os vendedores ambulantes est\u00e3o organizados em cinco setores ao longo da orla do munic\u00edpio: Setor 1, Setor 2, Setor 3, Setor 4 e o Setor Livre.<\/p>\n\n\n\n<p>A a\u00e7\u00e3o \u00e9 promovida pela Prefeitura de Pontal do Paran\u00e1, por meio da Secretaria Municipal de Turismo e Desenvolvimento Econ\u00f4mico e da Sala do Empreendedor, em parceria com o Sebrae.<\/p>\n\n\n\n<p>Foto: Prefeitura de Pontal do Paran\u00e1 \/ Amanda Gouveia<\/p>\n","protected":false},"excerpt":{"rendered":"<p>Hoje (24), o Setor 4 participa do ciclo de capacita\u00e7\u00f5es voltado aos vendedores ambulantes, com a palestra \u201cBoas pr\u00e1ticas em manipula\u00e7\u00e3o de alimentos\u201d, ministrada pela Dra. Ana Paula Augusto de Araujo, da Vigil\u00e2ncia Sanit\u00e1ria.O encontro ocorrer\u00e1 das 18h \u00e0s 20h, na SubPrefeitura de Pontal do Sul, e abordar\u00e1 orienta\u00e7\u00f5es essenciais sobre qualidade, seguran\u00e7a e atendimento [&hellip;]<\/p>\n","protected":false},"author":2,"featured_media":72601,"comment_status":"open","ping_status":"open","sticky":false,"template":"","format":"standard","meta":{"advanced_seo_description":"","jetpack_seo_html_title":"","jetpack_seo_noindex":false,"_jetpack_memberships_contains_paid_content":false,"footnotes":""},"categories":[65],"tags":[316,319,318],"class_list":{"0":"post-72600","1":"post","2":"type-post","3":"status-publish","4":"format-standard","5":"has-post-thumbnail","7":"category-pontal-do-parana","8":"tag-litoral","9":"tag-parana","10":"tag-pontal-do-parana"},"jetpack_featured_media_url":"https:\/\/www.paranapraia.com.br\/wp-content\/uploads\/2025\/09\/FB_IMG_1758731425505.jpg","jetpack_sharing_enabled":true,"_links":{"self":[{"href":"https:\/\/www.paranapraia.com.br\/index.php\/wp-json\/wp\/v2\/posts\/72600"}],"collection":[{"href":"https:\/\/www.paranapraia.com.br\/index.php\/wp-json\/wp\/v2\/posts"}],"about":[{"href":"https:\/\/www.paranapraia.com.br\/index.php\/wp-json\/wp\/v2\/types\/post"}],"author":[{"embeddable":true,"href":"https:\/\/www.paranapraia.com.br\/index.php\/wp-json\/wp\/v2\/users\/2"}],"replies":[{"embeddable":true,"href":"https:\/\/www.paranapraia.com.br\/index.php\/wp-json\/wp\/v2\/comments?post=72600"}],"version-history":[{"count":1,"href":"https:\/\/www.paranapraia.com.br\/index.php\/wp-json\/wp\/v2\/posts\/72600\/revisions"}],"predecessor-version":[{"id":72602,"href":"https:\/\/www.paranapraia.com.br\/index.php\/wp-json\/wp\/v2\/posts\/72600\/revisions\/72602"}],"wp:featuredmedia":[{"embeddable":true,"href":"https:\/\/www.paranapraia.com.br\/index.php\/wp-json\/wp\/v2\/media\/72601"}],"wp:attachment":[{"href":"https:\/\/www.paranapraia.com.br\/index.php\/wp-json\/wp\/v2\/media?parent=72600"}],"wp:term":[{"taxonomy":"category","embeddable":true,"href":"https:\/\/www.paranapraia.com.br\/index.php\/wp-json\/wp\/v2\/categories?post=72600"},{"taxonomy":"post_tag","embeddable":true,"href":"https:\/\/www.paranapraia.com.br\/index.php\/wp-json\/wp\/v2\/tags?post=72600"}],"curies":[{"name":"wp","href":"https:\/\/api.w.org\/{rel}","templated":true}]}}