{"id":72594,"date":"2025-09-24T13:23:17","date_gmt":"2025-09-24T16:23:17","guid":{"rendered":"https:\/\/www.paranapraia.com.br\/?p=72594"},"modified":"2025-09-24T13:23:20","modified_gmt":"2025-09-24T16:23:20","slug":"paranagua-peca-teatral-cafes-malditos-acontece-na-estacao-ferroviaria-com-duas-apresentacoes-gratuitas","status":"publish","type":"post","link":"https:\/\/www.paranapraia.com.br\/index.php\/2025\/09\/24\/paranagua-peca-teatral-cafes-malditos-acontece-na-estacao-ferroviaria-com-duas-apresentacoes-gratuitas\/","title":{"rendered":"Paranagu\u00e1: Pe\u00e7a teatral \u201cCaf\u00e9s Malditos\u201d acontece na Esta\u00e7\u00e3o Ferrovi\u00e1ria com duas apresenta\u00e7\u00f5es gratuitas"},"content":{"rendered":"\n<p>Paranagu\u00e1 recebe no pr\u00f3ximo dia 27 de setembro, a pe\u00e7a teatral \u201cCaf\u00e9s Malditos\u201d, com duas apresenta\u00e7\u00f5es gratuitas na Esta\u00e7\u00e3o Ferrovi\u00e1ria, \u00e0s 14h e \u00e0s 17h. As sess\u00f5es ter\u00e3o tradu\u00e7\u00e3o simult\u00e2nea em Libras, garantindo acessibilidade ao p\u00fablico surdo.<\/p>\n\n\n\n<p>O espet\u00e1culo conta a hist\u00f3ria de Rute, uma mulher que sempre cuidou de tudo na fam\u00edlia e que, desta vez, decide organizar o pr\u00f3prio vel\u00f3rio para garantir que tudo saia como ela deseja. Para isso, convida amigos e parentes para um ensaio da cerim\u00f4nia, mas os acontecimentos fogem do controle, levando o p\u00fablico a refletir sobre vida, morte e rela\u00e7\u00f5es familiares, com doses de humor e emo\u00e7\u00e3o.<\/p>\n\n\n\n<p>A dramaturgia \u00e9 assinada por Amande Macedo, com dire\u00e7\u00e3o de Max Reinert (in memoriam) e elenco formado por Larissa Prestes, Crist\u00f3v\u00e3o de Oliveira, Jeff Franco, Daphne Garcez, Heleno Rohn, Leandro Oliveira e Vanessa Strelow.<\/p>\n\n\n\n<p>A realiza\u00e7\u00e3o conta com o apoio da Prefeitura Municipal de Paranagu\u00e1. O projeto \u00e9 aprovado pela Secretaria de Estado da Cultura, do Governo do Paran\u00e1, com recursos da Lei Paulo Gustavo, do Minist\u00e9rio da Cultura \u2013 Governo Federal.<\/p>\n\n\n\n<p><strong>Servi\u00e7o<\/strong><\/p>\n\n\n\n<p>Pe\u00e7a teatral \u201cCaf\u00e9s Malditos\u201d<\/p>\n\n\n\n<p>Data: 27\/09<\/p>\n\n\n\n<p>Hor\u00e1rios: 14h e 17h<\/p>\n\n\n\n<p>Local: Esta\u00e7\u00e3o Ferrovi\u00e1ria \u2013 Av. Arthur de Abreu, 44 \u2013 Centro Hist\u00f3rico<\/p>\n\n\n\n<p>Entrada gratuita.<\/p>\n\n\n\n<p>Prefeitura de Paranagu\u00e1 <\/p>\n","protected":false},"excerpt":{"rendered":"<p>Paranagu\u00e1 recebe no pr\u00f3ximo dia 27 de setembro, a pe\u00e7a teatral \u201cCaf\u00e9s Malditos\u201d, com duas apresenta\u00e7\u00f5es gratuitas na Esta\u00e7\u00e3o Ferrovi\u00e1ria, \u00e0s 14h e \u00e0s 17h. As sess\u00f5es ter\u00e3o tradu\u00e7\u00e3o simult\u00e2nea em Libras, garantindo acessibilidade ao p\u00fablico surdo. O espet\u00e1culo conta a hist\u00f3ria de Rute, uma mulher que sempre cuidou de tudo na fam\u00edlia e que, [&hellip;]<\/p>\n","protected":false},"author":2,"featured_media":72595,"comment_status":"open","ping_status":"open","sticky":false,"template":"","format":"standard","meta":{"advanced_seo_description":"","jetpack_seo_html_title":"","jetpack_seo_noindex":false,"_jetpack_memberships_contains_paid_content":false,"footnotes":""},"categories":[77],"tags":[316,319,321,1484],"class_list":{"0":"post-72594","1":"post","2":"type-post","3":"status-publish","4":"format-standard","5":"has-post-thumbnail","7":"category-paranagua","8":"tag-litoral","9":"tag-parana","10":"tag-paranagua","11":"tag-paranagua-peca-teatral-cafes-malditos-acontece-na-estacao-ferroviaria-com-duas-apresentacoes-gratuitas"},"jetpack_featured_media_url":"https:\/\/www.paranapraia.com.br\/wp-content\/uploads\/2025\/09\/19039.jpg","jetpack_sharing_enabled":true,"_links":{"self":[{"href":"https:\/\/www.paranapraia.com.br\/index.php\/wp-json\/wp\/v2\/posts\/72594"}],"collection":[{"href":"https:\/\/www.paranapraia.com.br\/index.php\/wp-json\/wp\/v2\/posts"}],"about":[{"href":"https:\/\/www.paranapraia.com.br\/index.php\/wp-json\/wp\/v2\/types\/post"}],"author":[{"embeddable":true,"href":"https:\/\/www.paranapraia.com.br\/index.php\/wp-json\/wp\/v2\/users\/2"}],"replies":[{"embeddable":true,"href":"https:\/\/www.paranapraia.com.br\/index.php\/wp-json\/wp\/v2\/comments?post=72594"}],"version-history":[{"count":1,"href":"https:\/\/www.paranapraia.com.br\/index.php\/wp-json\/wp\/v2\/posts\/72594\/revisions"}],"predecessor-version":[{"id":72596,"href":"https:\/\/www.paranapraia.com.br\/index.php\/wp-json\/wp\/v2\/posts\/72594\/revisions\/72596"}],"wp:featuredmedia":[{"embeddable":true,"href":"https:\/\/www.paranapraia.com.br\/index.php\/wp-json\/wp\/v2\/media\/72595"}],"wp:attachment":[{"href":"https:\/\/www.paranapraia.com.br\/index.php\/wp-json\/wp\/v2\/media?parent=72594"}],"wp:term":[{"taxonomy":"category","embeddable":true,"href":"https:\/\/www.paranapraia.com.br\/index.php\/wp-json\/wp\/v2\/categories?post=72594"},{"taxonomy":"post_tag","embeddable":true,"href":"https:\/\/www.paranapraia.com.br\/index.php\/wp-json\/wp\/v2\/tags?post=72594"}],"curies":[{"name":"wp","href":"https:\/\/api.w.org\/{rel}","templated":true}]}}