{"id":72591,"date":"2025-09-23T18:08:44","date_gmt":"2025-09-23T21:08:44","guid":{"rendered":"https:\/\/www.paranapraia.com.br\/?p=72591"},"modified":"2025-09-23T18:08:47","modified_gmt":"2025-09-23T21:08:47","slug":"prefeito-adriano-ramos-recebe-representantes-da-nova-loja-havan","status":"publish","type":"post","link":"https:\/\/www.paranapraia.com.br\/index.php\/2025\/09\/23\/prefeito-adriano-ramos-recebe-representantes-da-nova-loja-havan\/","title":{"rendered":"Prefeito Adriano Ramos recebe representantes da nova loja Havan"},"content":{"rendered":"\n<p>O prefeito de Paranagu\u00e1, Adriano Ramos, recebeu nesta ter\u00e7a-feira, dia 23, no Pal\u00e1cio S\u00e3o Jos\u00e9, representantes da Havan, que prepara para inaugurar no pr\u00f3ximo dia 4 de outubro sua segunda unidade no munic\u00edpio. A nova loja, localizada na Avenida Bento Munhoz da Rocha Neto, no bairro Jardim Yamaguchi, deve gerar 200 empregos diretos, al\u00e9m de diversas vagas indiretas.<\/p>\n\n\n\n<p>Segundo o prefeito Adriano Ramos, a chegada da Havan fortalece a economia local e amplia as oportunidades para a popula\u00e7\u00e3o.<\/p>\n\n\n\n<p>\u201cDesde o in\u00edcio da gest\u00e3o, buscamos atrair investimentos. S\u00f3 nos seis primeiros meses foram 1.610 vagas abertas. A aproxima\u00e7\u00e3o com a Havan \u00e9 um exemplo disso. Estamos felizes porque s\u00e3o novos empregos, renda e desenvolvimento para Paranagu\u00e1\u201d, afirmou Adriano Ramos.<\/p>\n\n\n\n<p>O crescimento da regi\u00e3o sul, onde o empreendimento est\u00e1 localizado, tamb\u00e9m \u00e9 visto como um atrativo para novas empresas. \u201cQuando o Luciano Hang fala bem de Paranagu\u00e1 em seus v\u00eddeos, isso desperta interesse de outros investidores. A Havan ser\u00e1 um polo de movimenta\u00e7\u00e3o econ\u00f4mica na regi\u00e3o\u201d, destacou o prefeito.<\/p>\n\n\n\n<p>\u201cEssa visita fortaleceu nossos la\u00e7os. Estamos contentes com a parceria com a prefeitura, que tem olhado tanto para nossos colaboradores quanto para a popula\u00e7\u00e3o\u201d, ressaltou Jairo Figueiredo, gerente da unidade 1.<\/p>\n\n\n\n<p>J\u00e1 Jo\u00e3o Manuel, gerente da nova loja, refor\u00e7ou a expectativa para a inaugura\u00e7\u00e3o. \u201cA Havan j\u00e1 conquistou o cora\u00e7\u00e3o dos parnanguaras. Esse investimento \u00e9 uma retribui\u00e7\u00e3o ao crescimento da cidade. Temos certeza que ser\u00e1 um grande sucesso\u201d, afirmou.<\/p>\n\n\n\n<p>Jo\u00e3o Manoel tamb\u00e9m destacou a import\u00e2ncia do apoio da gest\u00e3o municipal. \u201cEssa parceria gera emprego, renda e desenvolvimento. Quando uma empresa \u00e9 bem recebida, todos ganham. Acreditamos que essa mentalidade de pensar no futuro far\u00e1 Paranagu\u00e1 continuar prosperando\u201d, destacou.<\/p>\n\n\n\n<p>Prefeitura de Paranagu\u00e1<\/p>\n","protected":false},"excerpt":{"rendered":"<p>O prefeito de Paranagu\u00e1, Adriano Ramos, recebeu nesta ter\u00e7a-feira, dia 23, no Pal\u00e1cio S\u00e3o Jos\u00e9, representantes da Havan, que prepara para inaugurar no pr\u00f3ximo dia 4 de outubro sua segunda unidade no munic\u00edpio. A nova loja, localizada na Avenida Bento Munhoz da Rocha Neto, no bairro Jardim Yamaguchi, deve gerar 200 empregos diretos, al\u00e9m de [&hellip;]<\/p>\n","protected":false},"author":2,"featured_media":72592,"comment_status":"open","ping_status":"open","sticky":false,"template":"","format":"standard","meta":{"advanced_seo_description":"","jetpack_seo_html_title":"","jetpack_seo_noindex":false,"_jetpack_memberships_contains_paid_content":false,"footnotes":""},"categories":[77],"tags":[],"class_list":{"0":"post-72591","1":"post","2":"type-post","3":"status-publish","4":"format-standard","5":"has-post-thumbnail","7":"category-paranagua"},"jetpack_featured_media_url":"https:\/\/www.paranapraia.com.br\/wp-content\/uploads\/2025\/09\/19028.jpg","jetpack_sharing_enabled":true,"_links":{"self":[{"href":"https:\/\/www.paranapraia.com.br\/index.php\/wp-json\/wp\/v2\/posts\/72591"}],"collection":[{"href":"https:\/\/www.paranapraia.com.br\/index.php\/wp-json\/wp\/v2\/posts"}],"about":[{"href":"https:\/\/www.paranapraia.com.br\/index.php\/wp-json\/wp\/v2\/types\/post"}],"author":[{"embeddable":true,"href":"https:\/\/www.paranapraia.com.br\/index.php\/wp-json\/wp\/v2\/users\/2"}],"replies":[{"embeddable":true,"href":"https:\/\/www.paranapraia.com.br\/index.php\/wp-json\/wp\/v2\/comments?post=72591"}],"version-history":[{"count":1,"href":"https:\/\/www.paranapraia.com.br\/index.php\/wp-json\/wp\/v2\/posts\/72591\/revisions"}],"predecessor-version":[{"id":72593,"href":"https:\/\/www.paranapraia.com.br\/index.php\/wp-json\/wp\/v2\/posts\/72591\/revisions\/72593"}],"wp:featuredmedia":[{"embeddable":true,"href":"https:\/\/www.paranapraia.com.br\/index.php\/wp-json\/wp\/v2\/media\/72592"}],"wp:attachment":[{"href":"https:\/\/www.paranapraia.com.br\/index.php\/wp-json\/wp\/v2\/media?parent=72591"}],"wp:term":[{"taxonomy":"category","embeddable":true,"href":"https:\/\/www.paranapraia.com.br\/index.php\/wp-json\/wp\/v2\/categories?post=72591"},{"taxonomy":"post_tag","embeddable":true,"href":"https:\/\/www.paranapraia.com.br\/index.php\/wp-json\/wp\/v2\/tags?post=72591"}],"curies":[{"name":"wp","href":"https:\/\/api.w.org\/{rel}","templated":true}]}}