{"id":72588,"date":"2025-09-23T18:06:58","date_gmt":"2025-09-23T21:06:58","guid":{"rendered":"https:\/\/www.paranapraia.com.br\/?p=72588"},"modified":"2025-09-23T18:07:02","modified_gmt":"2025-09-23T21:07:02","slug":"prefeitura-de-paranagua-promove-encontro-do-conselho-da-pessoa-idosa-e-anuncia-novos-programas-de-atendimento","status":"publish","type":"post","link":"https:\/\/www.paranapraia.com.br\/index.php\/2025\/09\/23\/prefeitura-de-paranagua-promove-encontro-do-conselho-da-pessoa-idosa-e-anuncia-novos-programas-de-atendimento\/","title":{"rendered":"Prefeitura de Paranagu\u00e1 promove encontro do Conselho da Pessoa Idosa e anuncia novos programas de atendimento"},"content":{"rendered":"\n<p>A Prefeitura de Paranagu\u00e1 promove nesta quarta-feira, dia 24, \u00e0s 15h, a reuni\u00e3o ordin\u00e1ria do Conselho Municipal dos Direitos da Pessoa Idosa (CMDPI). O encontro ser\u00e1 realizado na sede da Secretaria Municipal da Mulher, Desenvolvimento Social e Igualdade Racial (Semdir), localizada na Rua Baronesa do Cerro Azul, 2382, no bairro Palmital.<\/p>\n\n\n\n<p>Segundo a secret\u00e1ria municipal Carolina Miranda de Louren\u00e7o, a reuni\u00e3o ser\u00e1 um espa\u00e7o de di\u00e1logo e de constru\u00e7\u00e3o conjunta com a popula\u00e7\u00e3o. \u201cEsse \u00e9 um momento em que vamos discutir os servi\u00e7os j\u00e1 existentes e os que ser\u00e3o implantados pela gest\u00e3o para o atendimento \u00e0 pessoa idosa no munic\u00edpio. Contamos com a participa\u00e7\u00e3o da comunidade para acompanhar as propostas e dialogar com as diferentes secretarias que estar\u00e3o presentes, como a da Sa\u00fade\u201d, explicou.<\/p>\n\n\n\n<p>Al\u00e9m da an\u00e1lise de projetos que buscam aprova\u00e7\u00e3o para capta\u00e7\u00e3o de recursos, o encontro servir\u00e1 de prepara\u00e7\u00e3o para o lan\u00e7amento de um novo programa voltado \u00e0 popula\u00e7\u00e3o idosa. A iniciativa prev\u00ea um conjunto de a\u00e7\u00f5es integradas, como atendimento e orienta\u00e7\u00e3o social, oficinas educativas, servi\u00e7o de conviv\u00eancia e fortalecimento de v\u00ednculos, orienta\u00e7\u00e3o jur\u00eddica, encaminhamentos para atividades esportivas \u2014 entre elas caminhada, nata\u00e7\u00e3o e exerc\u00edcios laborais \u2014, al\u00e9m da organiza\u00e7\u00e3o de atendimentos m\u00e9dicos em parceria com a Secretaria Municipal de Sa\u00fade.<\/p>\n\n\n\n<p>\u201cEm breve, vamos apresentar oficialmente esse programa, que busca dar suporte integral \u00e0s pessoas idosas, promovendo autonomia, qualidade de vida e prote\u00e7\u00e3o social\u201d, destacou Carolina.<\/p>\n\n\n\n<p><strong>Caminhada em prol da pessoa idosa<\/strong><\/p>\n\n\n\n<p>Al\u00e9m disso, na sexta-feira, dia 26, a Prefeitura de Paranagu\u00e1 tamb\u00e9m realiza a Caminhada em Prol da Pessoa Idosa, com o objetivo de mobilizar a sociedade e dar visibilidade aos direitos dessa popula\u00e7\u00e3o. A concentra\u00e7\u00e3o ser\u00e1 \u00e0s 9h30, em frente ao Lar dos Idosos Perseveran\u00e7a, na Rua dos Expedicion\u00e1rios, 782, e a sa\u00edda est\u00e1 prevista para \u00e0s 10h, com destino \u00e0 sede da Prefeitura de Paranagu\u00e1.<\/p>\n\n\n\n<p>De acordo com a secret\u00e1ria, a mobiliza\u00e7\u00e3o ser\u00e1 um ato simb\u00f3lico de conscientiza\u00e7\u00e3o. \u201cQueremos estimular a preven\u00e7\u00e3o, os cuidados e a prote\u00e7\u00e3o \u00e0 pessoa idosa. Essa caminhada \u00e9 um gesto coletivo de valoriza\u00e7\u00e3o e respeito \u00e0queles que tanto contribu\u00edram para a nossa cidade\u201d, concluiu Carolina Miranda de Louren\u00e7o.<\/p>\n\n\n\n<p>Prefeitura de Paranagu\u00e1<\/p>\n","protected":false},"excerpt":{"rendered":"<p>A Prefeitura de Paranagu\u00e1 promove nesta quarta-feira, dia 24, \u00e0s 15h, a reuni\u00e3o ordin\u00e1ria do Conselho Municipal dos Direitos da Pessoa Idosa (CMDPI). O encontro ser\u00e1 realizado na sede da Secretaria Municipal da Mulher, Desenvolvimento Social e Igualdade Racial (Semdir), localizada na Rua Baronesa do Cerro Azul, 2382, no bairro Palmital. Segundo a secret\u00e1ria municipal [&hellip;]<\/p>\n","protected":false},"author":2,"featured_media":72589,"comment_status":"open","ping_status":"open","sticky":false,"template":"","format":"standard","meta":{"advanced_seo_description":"","jetpack_seo_html_title":"","jetpack_seo_noindex":false,"_jetpack_memberships_contains_paid_content":false,"footnotes":""},"categories":[77],"tags":[],"class_list":{"0":"post-72588","1":"post","2":"type-post","3":"status-publish","4":"format-standard","5":"has-post-thumbnail","7":"category-paranagua"},"jetpack_featured_media_url":"https:\/\/www.paranapraia.com.br\/wp-content\/uploads\/2025\/09\/19038.jpg","jetpack_sharing_enabled":true,"_links":{"self":[{"href":"https:\/\/www.paranapraia.com.br\/index.php\/wp-json\/wp\/v2\/posts\/72588"}],"collection":[{"href":"https:\/\/www.paranapraia.com.br\/index.php\/wp-json\/wp\/v2\/posts"}],"about":[{"href":"https:\/\/www.paranapraia.com.br\/index.php\/wp-json\/wp\/v2\/types\/post"}],"author":[{"embeddable":true,"href":"https:\/\/www.paranapraia.com.br\/index.php\/wp-json\/wp\/v2\/users\/2"}],"replies":[{"embeddable":true,"href":"https:\/\/www.paranapraia.com.br\/index.php\/wp-json\/wp\/v2\/comments?post=72588"}],"version-history":[{"count":1,"href":"https:\/\/www.paranapraia.com.br\/index.php\/wp-json\/wp\/v2\/posts\/72588\/revisions"}],"predecessor-version":[{"id":72590,"href":"https:\/\/www.paranapraia.com.br\/index.php\/wp-json\/wp\/v2\/posts\/72588\/revisions\/72590"}],"wp:featuredmedia":[{"embeddable":true,"href":"https:\/\/www.paranapraia.com.br\/index.php\/wp-json\/wp\/v2\/media\/72589"}],"wp:attachment":[{"href":"https:\/\/www.paranapraia.com.br\/index.php\/wp-json\/wp\/v2\/media?parent=72588"}],"wp:term":[{"taxonomy":"category","embeddable":true,"href":"https:\/\/www.paranapraia.com.br\/index.php\/wp-json\/wp\/v2\/categories?post=72588"},{"taxonomy":"post_tag","embeddable":true,"href":"https:\/\/www.paranapraia.com.br\/index.php\/wp-json\/wp\/v2\/tags?post=72588"}],"curies":[{"name":"wp","href":"https:\/\/api.w.org\/{rel}","templated":true}]}}