{"id":72585,"date":"2025-09-23T18:05:18","date_gmt":"2025-09-23T21:05:18","guid":{"rendered":"https:\/\/www.paranapraia.com.br\/?p=72585"},"modified":"2025-09-23T18:05:20","modified_gmt":"2025-09-23T21:05:20","slug":"vice-prefeita-e-a-primeira-dama-de-paranagua-receberao-luciana-massa-em-evento-beneficente-em-prol-das-mulheres","status":"publish","type":"post","link":"https:\/\/www.paranapraia.com.br\/index.php\/2025\/09\/23\/vice-prefeita-e-a-primeira-dama-de-paranagua-receberao-luciana-massa-em-evento-beneficente-em-prol-das-mulheres\/","title":{"rendered":"Vice-prefeita e a primeira-dama de Paranagu\u00e1 receber\u00e3o Luciana Massa em evento beneficente em prol das mulheres"},"content":{"rendered":"\n<p>A vice-prefeita de Paranagu\u00e1, Fabiana Parro, e a primeira-dama da cidade, Patr\u00edcia Bamvakiades Ramos, recepcionar\u00e3o a primeira-dama do Estado, Luciana Saito Massa, nesta quarta-feira, dia 24, \u00e0s 19h30, no Camboa Hotel, em Paranagu\u00e1.<\/p>\n\n\n\n<p>O encontro tem como objetivo em comum a causa pela sa\u00fade das mulheres. A iniciativa acontecer\u00e1 durante o Caf\u00e9 da Primavera, evento que \u00e9 realizado pelo Conselho da Mulher Empreendedora e da Cultura (CMEC) da Associa\u00e7\u00e3o Comercial, Industrial e Agr\u00edcola de Paranagu\u00e1 (Aciap), e que marca o Dia do Florescer da Autoestima da Mulher. O evento tem car\u00e1ter beneficente.<\/p>\n\n\n\n<p><strong>Integra\u00e7\u00e3o entre Governo e Munic\u00edpio<\/strong><\/p>\n\n\n\n<p>Para a vice-prefeita Fabiana Parro, receber a primeira-dama do Estado em Paranagu\u00e1 mostra a integra\u00e7\u00e3o entre o Munic\u00edpio e as a\u00e7\u00f5es do Paran\u00e1, bem como a prioridade por pol\u00edticas p\u00fablicas voltadas para as mulheres.<\/p>\n\n\n\n<p>\u201cA import\u00e2ncia do encontro com a primeira-dama Luciana Massa \u00e9 fortalecer o di\u00e1logo entre o Munic\u00edpio e o Estado. A primeira-dama do Estado, assim como a nossa primeira-dama do munic\u00edpio, Patr\u00edcia Ramos e eu, somos muito atuantes, principalmente em quest\u00f5es relacionadas \u00e0 sa\u00fade da mulher. Essa parceria reflete nas a\u00e7\u00f5es desenvolvidas em nossa cidade\u201d, destaca a vice-prefeita.<\/p>\n\n\n\n<p>A primeira-dama de Paranagu\u00e1, Patr\u00edcia Bamvakiades Ramos, explica que o momento \u00e9 de harmonia e em prol \u00e0 causa da mulher.<\/p>\n\n\n\n<p>\u201c\u00c9 uma alegria imensa receber em Paranagu\u00e1 a primeira-dama do Estado, Luciana Saito Massa, para juntas celebrarmos um momento de uni\u00e3o em prol das mulheres. Que este encontro seja inspira\u00e7\u00e3o para a integra\u00e7\u00e3o cada vez maior entre Munic\u00edpio e Estado e que cada vez mais mulheres se sintam amparadas e confiantes para florescer em todos os aspectos da sua vida\u201d, destaca.<\/p>\n\n\n\n<p>A presidente do Conselho da Mulher Empreendedora e da Cultura de Paranagu\u00e1 (CMEC) da Aciap, Jacqueline Guimbala, detalhou sobre a iniciativa do evento beneficente.<\/p>\n\n\n\n<p>\u201cNesta edi\u00e7\u00e3o, temos a alegria de homenagear a primeira-dama do Estado, Luciana Saito Massa, uma mulher que inspira e fortalece a causa feminina no Paran\u00e1, com sua trajet\u00f3ria e dedica\u00e7\u00e3o\u201d, ressalta. \u201cO Dia do Florescer da Autoestima da Mulher \u00e9 a inspira\u00e7\u00e3o para este grande movimento, que chega \u00e0 sua terceira edi\u00e7\u00e3o. Neste ano, unimos for\u00e7as para valorizar a autoestima feminina e refor\u00e7ar a import\u00e2ncia do cuidado integral com a mulher e abrir as a\u00e7\u00f5es do Outubro Rosa\u201d, destaca a presidente.<\/p>\n\n\n\n<p><strong>Uni\u00e3o&nbsp;<\/strong><\/p>\n\n\n\n<p>Em maio deste ano, representantes do munic\u00edpio de Paranagu\u00e1 participaram de uma reuni\u00e3o institucional com Luciana Saito Massa, no Pal\u00e1cio Igua\u00e7u, em Curitiba.<\/p>\n\n\n\n<p>A pauta central do encontro das representantes, liderada pela primeira-dama de Paranagu\u00e1, Patr\u00edcia Ramos e a vice-prefeita Fabiana Parro, foi o fortalecimento das pol\u00edticas p\u00fablicas voltadas \u00e0s mulheres, com \u00eanfase nas a\u00e7\u00f5es do Outubro Rosa e na amplia\u00e7\u00e3o do acesso \u00e0 sa\u00fade feminina.<\/p>\n\n\n\n<p>Naquela ocasi\u00e3o, foi feito tamb\u00e9m o convite para que a primeira-dama do Estado participasse do evento desta quarta-feira, 24.<\/p>\n\n\n\n<p><strong>A\u00e7\u00f5es do Outubro Rosa da Prefeitura de Paranagu\u00e1<\/strong><\/p>\n\n\n\n<p>A Prefeitura Paranagu\u00e1 realizar\u00e1 neste ano, o Outubro Rosa em formato regionalizado, abrangendo todas as macro-regi\u00f5es do munic\u00edpio.<\/p>\n\n\n\n<p>As a\u00e7\u00f5es de sa\u00fade ocorrer\u00e3o em espa\u00e7os comunit\u00e1rios e ser\u00e3o acompanhadas pelo Dia do Preventivo com hor\u00e1rio estendido em todas as Unidades de Sa\u00fade da Fam\u00edlia da regi\u00e3o correspondente.<\/p>\n\n\n\n<p>Haver\u00e1 tamb\u00e9m coleta do exame preventivo do colo do \u00fatero, solicita\u00e7\u00e3o de mamografia, testes r\u00e1pidos (HIV, S\u00edfilis, Hepatites) \u2013 CTA, aferi\u00e7\u00e3o de press\u00e3o arterial, teste de glicemia (diabetes), vacina\u00e7\u00e3o, atendimento odontol\u00f3gico, Odontom\u00f3vel, \u00d4nibus da Vacina, entre outras iniciativas.<\/p>\n\n\n\n<p>Prefeitura de Paranagu\u00e1<\/p>\n","protected":false},"excerpt":{"rendered":"<p>A vice-prefeita de Paranagu\u00e1, Fabiana Parro, e a primeira-dama da cidade, Patr\u00edcia Bamvakiades Ramos, recepcionar\u00e3o a primeira-dama do Estado, Luciana Saito Massa, nesta quarta-feira, dia 24, \u00e0s 19h30, no Camboa Hotel, em Paranagu\u00e1. O encontro tem como objetivo em comum a causa pela sa\u00fade das mulheres. A iniciativa acontecer\u00e1 durante o Caf\u00e9 da Primavera, evento [&hellip;]<\/p>\n","protected":false},"author":2,"featured_media":72586,"comment_status":"open","ping_status":"open","sticky":false,"template":"","format":"standard","meta":{"advanced_seo_description":"","jetpack_seo_html_title":"","jetpack_seo_noindex":false,"_jetpack_memberships_contains_paid_content":false,"footnotes":""},"categories":[77],"tags":[],"class_list":{"0":"post-72585","1":"post","2":"type-post","3":"status-publish","4":"format-standard","5":"has-post-thumbnail","7":"category-paranagua"},"jetpack_featured_media_url":"https:\/\/www.paranapraia.com.br\/wp-content\/uploads\/2025\/09\/19026-scaled.jpg","jetpack_sharing_enabled":true,"_links":{"self":[{"href":"https:\/\/www.paranapraia.com.br\/index.php\/wp-json\/wp\/v2\/posts\/72585"}],"collection":[{"href":"https:\/\/www.paranapraia.com.br\/index.php\/wp-json\/wp\/v2\/posts"}],"about":[{"href":"https:\/\/www.paranapraia.com.br\/index.php\/wp-json\/wp\/v2\/types\/post"}],"author":[{"embeddable":true,"href":"https:\/\/www.paranapraia.com.br\/index.php\/wp-json\/wp\/v2\/users\/2"}],"replies":[{"embeddable":true,"href":"https:\/\/www.paranapraia.com.br\/index.php\/wp-json\/wp\/v2\/comments?post=72585"}],"version-history":[{"count":1,"href":"https:\/\/www.paranapraia.com.br\/index.php\/wp-json\/wp\/v2\/posts\/72585\/revisions"}],"predecessor-version":[{"id":72587,"href":"https:\/\/www.paranapraia.com.br\/index.php\/wp-json\/wp\/v2\/posts\/72585\/revisions\/72587"}],"wp:featuredmedia":[{"embeddable":true,"href":"https:\/\/www.paranapraia.com.br\/index.php\/wp-json\/wp\/v2\/media\/72586"}],"wp:attachment":[{"href":"https:\/\/www.paranapraia.com.br\/index.php\/wp-json\/wp\/v2\/media?parent=72585"}],"wp:term":[{"taxonomy":"category","embeddable":true,"href":"https:\/\/www.paranapraia.com.br\/index.php\/wp-json\/wp\/v2\/categories?post=72585"},{"taxonomy":"post_tag","embeddable":true,"href":"https:\/\/www.paranapraia.com.br\/index.php\/wp-json\/wp\/v2\/tags?post=72585"}],"curies":[{"name":"wp","href":"https:\/\/api.w.org\/{rel}","templated":true}]}}