{"id":72582,"date":"2025-09-23T18:02:02","date_gmt":"2025-09-23T21:02:02","guid":{"rendered":"https:\/\/www.paranapraia.com.br\/?p=72582"},"modified":"2025-09-23T18:02:05","modified_gmt":"2025-09-23T21:02:05","slug":"prefeitura-de-paranagua-dialoga-com-familias-da-vila-do-povo-sobre-solucoes-habitacionais","status":"publish","type":"post","link":"https:\/\/www.paranapraia.com.br\/index.php\/2025\/09\/23\/prefeitura-de-paranagua-dialoga-com-familias-da-vila-do-povo-sobre-solucoes-habitacionais\/","title":{"rendered":"Prefeitura de Paranagu\u00e1 dialoga com fam\u00edlias da Vila do Povo sobre solu\u00e7\u00f5es habitacionais"},"content":{"rendered":"\n<p>Na segunda-feira, dia 22, o prefeito Adriano Ramos recebeu em seu gabinete 15 fam\u00edlias da Vila do Povo, notificadas pelo Minist\u00e9rio P\u00fablico Federal no \u00e2mbito da A\u00e7\u00e3o Integrada de Fiscaliza\u00e7\u00e3o Ambiental (AIFA). A opera\u00e7\u00e3o, realizada desde 2023, em parceria entre \u00f3rg\u00e3os federais, estaduais e municipais, busca combater ocupa\u00e7\u00f5es irregulares e preservar \u00e1reas de prote\u00e7\u00e3o permanente, como os manguezais, onde vivem essas fam\u00edlias.<\/p>\n\n\n\n<p>O encontro teve como objetivo apresentar os encaminhamentos adotados pela atual gest\u00e3o municipal para garantir o direito \u00e0 moradia digna e refor\u00e7ar o compromisso de desenvolver solu\u00e7\u00f5es habitacionais seguras para as fam\u00edlias que vivem em \u00e1reas de risco.<\/p>\n\n\n\n<p>Durante a reuni\u00e3o, o prefeito destacou que a prioridade \u00e9 garantir moradia adequada para todos os moradores afetados. \u201cA nossa miss\u00e3o \u00e9 tirar voc\u00eas da vida que t\u00eam hoje, colocar em um lugar onde possam ter uma moradia digna. N\u00e3o \u00e9 poss\u00edvel continuar vivendo nessas condi\u00e7\u00f5es. N\u00f3s queremos dar uma condi\u00e7\u00e3o digna para todos\u201d, afirmou Adriano Ramos.<\/p>\n\n\n\n<p>Ele ressaltou ainda que a meta da administra\u00e7\u00e3o \u00e9 concluir o processo at\u00e9 o fim do mandato. \u201cEu quero ter o prazer, antes de terminar o meu mandato em 2028, de estar numa cerim\u00f4nia com todos voc\u00eas, entregando a chave de cada casa. Vou me sentir realizado se atingir esse objetivo\u201d, disse o prefeito.<\/p>\n\n\n\n<p><strong>Recursos e projetos habitacionais<\/strong><\/p>\n\n\n\n<p>Desde o in\u00edcio do ano, a Prefeitura tem buscado apoio do Governo do Estado e do Governo Federal para viabilizar projetos habitacionais. Segundo Adriano Ramos, j\u00e1 h\u00e1 avan\u00e7os concretos.<\/p>\n\n\n\n<p>\u201cRecentemente conseguimos, em audi\u00eancia com ju\u00edzes federais, um recurso de R$ 4,2 milh\u00f5es para executar projetos habitacionais. J\u00e1 temos \u00e1reas mapeadas, projeto aprovado na Cohapar, e no dia 2 de outubro estaremos com o procurador-geral do Estado para tratar desses projetos&#8221;, explicou o chefe do Executivo.<\/p>\n\n\n\n<p>O prefeito destacou que a prioridade das novas unidades habitacionais ser\u00e1 atender as fam\u00edlias da Vila do Povo e de outras comunidades que enfrentam a mesma realidade de risco e vulnerabilidade, como a Ilha dos Valadares, Labra, S\u00e3o Vicente e Jardim Guaraituba.<\/p>\n\n\n\n<p>Adriano Ramos afirmou que a gest\u00e3o busca proximidade com a popula\u00e7\u00e3o, com transpar\u00eancia nas informa\u00e7\u00f5es e abertura ao di\u00e1logo. \u201cNunca ningu\u00e9m foi l\u00e1 visitar voc\u00eas. A \u00fanica coisa que fizeram foi mandar projeto para a C\u00e2mara para tirar voc\u00eas de onde est\u00e3o. N\u00f3s, ao contr\u00e1rio, convidamos voc\u00eas para vir at\u00e9 o gabinete, conversar de forma franca e transparente\u201d, disse.<\/p>\n\n\n\n<p><strong>Aluguel Social<\/strong><\/p>\n\n\n\n<p>Outro ponto abordado foi a atualiza\u00e7\u00e3o da legisla\u00e7\u00e3o municipal sobre o programa de aluguel social. Hoje, os contratos s\u00e3o firmados em nome da Prefeitura, mas muitas imobili\u00e1rias da cidade se recusam a participar desse formato.<\/p>\n\n\n\n<p>Para resolver o problema, a Prefeitura encaminhar\u00e1 \u00e0 C\u00e2mara Municipal um projeto de lei que permitir\u00e1 o repasse direto do benef\u00edcio \u00e0s fam\u00edlias, que poder\u00e3o firmar contratos em seus pr\u00f3prios nomes.<\/p>\n\n\n\n<p>\u201cN\u00e3o queremos deixar ningu\u00e9m desamparado. A Prefeitura vai fazer o repasse do dinheiro para voc\u00eas e voc\u00eas v\u00e3o locar diretamente. Assim fica mais f\u00e1cil, porque muitas vezes as imobili\u00e1rias n\u00e3o aceitam alugar para a Prefeitura, mas aceitam alugar para a fam\u00edlia\u201d, explicou o prefeito.<\/p>\n\n\n\n<p>O novo modelo tamb\u00e9m prev\u00ea a amplia\u00e7\u00e3o do prazo do aluguel social, que poder\u00e1 chegar a at\u00e9 dois anos em situa\u00e7\u00f5es de risco, garantindo tempo h\u00e1bil para a entrega das novas moradias.<\/p>\n\n\n\n<p><strong>Planejamento habitacional<\/strong><\/p>\n\n\n\n<p>A secret\u00e1ria de Desenvolvimento Econ\u00f4mico, Habita\u00e7\u00e3o e Regulariza\u00e7\u00e3o Fundi\u00e1ria (Sedehab), Leonice Lara Lacerda, explicou que a gest\u00e3o j\u00e1 aprovou o primeiro projeto para constru\u00e7\u00e3o de 96 unidades habitacionais no bairro Parque S\u00e3o Jo\u00e3o, em terreno p\u00fablico de 5 mil metros quadrados. Al\u00e9m disso, a parceria com a Universidade Federal do Paran\u00e1, por meio do Laborat\u00f3rio de Geoprocessamento e Estudos Ambientais (Lageamb) da Universidade Federal do Paran\u00e1 (UFPR), est\u00e1 produzindo estudos que ir\u00e3o indicar com precis\u00e3o quais casas da Vila do Povo precisar\u00e3o ser realocadas.<\/p>\n\n\n\n<p>\u201c\u00c9 importante deixar claro que n\u00e3o s\u00e3o todas as casas que precisar\u00e3o sair. Alguns pontos t\u00eam risco mais elevado, outros n\u00e3o. Esses estudos v\u00e3o trazer essa defini\u00e7\u00e3o\u201d, detalhou a secret\u00e1ria.<\/p>\n\n\n\n<p>O morador Josias Santos Machado, mais conhecido como Polaco, relatou as dificuldades enfrentadas pelas fam\u00edlias ap\u00f3s as a\u00e7\u00f5es de fiscaliza\u00e7\u00e3o. \u201cHoje a gente tem dificuldade at\u00e9 para entrar em casa. Quando a mar\u00e9 enche, fica imposs\u00edvel. As m\u00e1quinas retiraram o aterro do nosso quintal e a \u00e1gua avan\u00e7a. Viemos pedir apoio porque fomos abandonados depois da opera\u00e7\u00e3o. Agora ficamos mais tranquilos ao saber que a Prefeitura est\u00e1 trabalhando em novos projetos de moradia\u201d, disse.<\/p>\n\n\n\n<p><strong>Orienta\u00e7\u00f5es \u00e0 comunidade<\/strong><\/p>\n\n\n\n<p>O prefeito refor\u00e7ou que a colabora\u00e7\u00e3o das fam\u00edlias \u00e9 essencial para o avan\u00e7o das negocia\u00e7\u00f5es com os \u00f3rg\u00e3os ambientais. \u201cPe\u00e7o que n\u00e3o deixem acumular lixo, n\u00e3o permitam que novas casas sejam erguidas. Qualquer mudan\u00e7a pode comprometer nossa negocia\u00e7\u00e3o com o Minist\u00e9rio P\u00fablico Federal e os \u00f3rg\u00e3os ambientais\u201d, explicou Adriano Ramos.<\/p>\n\n\n\n<p>Em casos de risco imediato, a orienta\u00e7\u00e3o \u00e9 que as fam\u00edlias comuniquem a situa\u00e7\u00e3o \u00e0 Prefeitura, que poder\u00e1 acionar \u00f3rg\u00e3os como Ibama e Instituto \u00c1gua e Terra para medidas emergenciais.<\/p>\n\n\n\n<p>Tamb\u00e9m participaram da reuni\u00e3o a vice-prefeita Fabiana Parro, o chefe de Gabinete Andr\u00e9 Ferruci e a superintendente de Gest\u00e3o Fundi\u00e1ria, Agatha Louisie Frederico.<\/p>\n\n\n\n<p>Prefeitura de Paranagu\u00e1<\/p>\n","protected":false},"excerpt":{"rendered":"<p>Na segunda-feira, dia 22, o prefeito Adriano Ramos recebeu em seu gabinete 15 fam\u00edlias da Vila do Povo, notificadas pelo Minist\u00e9rio P\u00fablico Federal no \u00e2mbito da A\u00e7\u00e3o Integrada de Fiscaliza\u00e7\u00e3o Ambiental (AIFA). A opera\u00e7\u00e3o, realizada desde 2023, em parceria entre \u00f3rg\u00e3os federais, estaduais e municipais, busca combater ocupa\u00e7\u00f5es irregulares e preservar \u00e1reas de prote\u00e7\u00e3o permanente, [&hellip;]<\/p>\n","protected":false},"author":2,"featured_media":72583,"comment_status":"open","ping_status":"open","sticky":false,"template":"","format":"standard","meta":{"advanced_seo_description":"","jetpack_seo_html_title":"","jetpack_seo_noindex":false,"_jetpack_memberships_contains_paid_content":false,"footnotes":""},"categories":[77],"tags":[],"class_list":{"0":"post-72582","1":"post","2":"type-post","3":"status-publish","4":"format-standard","5":"has-post-thumbnail","7":"category-paranagua"},"jetpack_featured_media_url":"https:\/\/www.paranapraia.com.br\/wp-content\/uploads\/2025\/09\/19022.jpg","jetpack_sharing_enabled":true,"_links":{"self":[{"href":"https:\/\/www.paranapraia.com.br\/index.php\/wp-json\/wp\/v2\/posts\/72582"}],"collection":[{"href":"https:\/\/www.paranapraia.com.br\/index.php\/wp-json\/wp\/v2\/posts"}],"about":[{"href":"https:\/\/www.paranapraia.com.br\/index.php\/wp-json\/wp\/v2\/types\/post"}],"author":[{"embeddable":true,"href":"https:\/\/www.paranapraia.com.br\/index.php\/wp-json\/wp\/v2\/users\/2"}],"replies":[{"embeddable":true,"href":"https:\/\/www.paranapraia.com.br\/index.php\/wp-json\/wp\/v2\/comments?post=72582"}],"version-history":[{"count":1,"href":"https:\/\/www.paranapraia.com.br\/index.php\/wp-json\/wp\/v2\/posts\/72582\/revisions"}],"predecessor-version":[{"id":72584,"href":"https:\/\/www.paranapraia.com.br\/index.php\/wp-json\/wp\/v2\/posts\/72582\/revisions\/72584"}],"wp:featuredmedia":[{"embeddable":true,"href":"https:\/\/www.paranapraia.com.br\/index.php\/wp-json\/wp\/v2\/media\/72583"}],"wp:attachment":[{"href":"https:\/\/www.paranapraia.com.br\/index.php\/wp-json\/wp\/v2\/media?parent=72582"}],"wp:term":[{"taxonomy":"category","embeddable":true,"href":"https:\/\/www.paranapraia.com.br\/index.php\/wp-json\/wp\/v2\/categories?post=72582"},{"taxonomy":"post_tag","embeddable":true,"href":"https:\/\/www.paranapraia.com.br\/index.php\/wp-json\/wp\/v2\/tags?post=72582"}],"curies":[{"name":"wp","href":"https:\/\/api.w.org\/{rel}","templated":true}]}}