{"id":72579,"date":"2025-09-23T17:59:51","date_gmt":"2025-09-23T20:59:51","guid":{"rendered":"https:\/\/www.paranapraia.com.br\/?p=72579"},"modified":"2025-09-23T17:59:54","modified_gmt":"2025-09-23T20:59:54","slug":"prefeitura-de-paranagua-leva-cras-em-movimento-a-comunidade-do-jardim-iguacu","status":"publish","type":"post","link":"https:\/\/www.paranapraia.com.br\/index.php\/2025\/09\/23\/prefeitura-de-paranagua-leva-cras-em-movimento-a-comunidade-do-jardim-iguacu\/","title":{"rendered":"Prefeitura de Paranagu\u00e1 leva CRAS em Movimento \u00e0 comunidade do Jardim Igua\u00e7u"},"content":{"rendered":"\n<p>Nesta ter\u00e7a-feira, dia 23, o Jardim Igua\u00e7u recebeu mais uma edi\u00e7\u00e3o do CRAS em Movimento, a\u00e7\u00e3o estrat\u00e9gica da Prefeitura de Paranagu\u00e1 para aproximar a popula\u00e7\u00e3o de servi\u00e7os essenciais.<\/p>\n\n\n\n<p>Realizado na Rua dos Jatob\u00e1s, 560, das 9h \u00e0s 15h30, o evento ofereceu gratuitamente Cadastro \u00danico, emiss\u00e3o da Carteirinha do Idoso, inscri\u00e7\u00e3o no programa Leite das Crian\u00e7as e solicita\u00e7\u00e3o de certid\u00f5es, al\u00e9m da atualiza\u00e7\u00e3o do calend\u00e1rio vacinal infantil pela Secretaria Municipal de Sa\u00fade (Semsa).<\/p>\n\n\n\n<p>Humaniza\u00e7\u00e3o da sa\u00fade e praticidade<br>Fl\u00e1via Moreira Pinto, gestora da Prote\u00e7\u00e3o Social B\u00e1sica, explica que o projeto foi criado para descentralizar atendimentos e facilitar o acesso a programas sociais.<\/p>\n\n\n\n<p>\u201cAo inv\u00e9s de esperar que as pessoas venham at\u00e9 n\u00f3s, levamos os servi\u00e7os at\u00e9 elas. \u00c9 uma a\u00e7\u00e3o que reflete o humanismo da gest\u00e3o do prefeito Adriano Ramos, alinhada \u00e0 proposta de uma Paranagu\u00e1 para todos\u201d, afirmou.<\/p>\n\n\n\n<p>Entre as op\u00e7\u00f5es dispon\u00edveis est\u00e3o o Bolsa Fam\u00edlia, Baixa Renda da Luz, Resgate de Documenta\u00e7\u00e3o e outros, variando conforme as necessidades de cada fam\u00edlia.<\/p>\n\n\n\n<p>\u201cO Cadastro \u00danico \u00e9 a porta de entrada para orienta\u00e7\u00f5es sobre direitos e benef\u00edcios\u201d, completou Fl\u00e1via.<\/p>\n\n\n\n<p>Recep\u00e7\u00e3o positiva no bairro<br>A presidente comunit\u00e1ria Daniele Belo celebrou a iniciativa. \u201cEssa a\u00e7\u00e3o \u00e9 maravilhosa. O povo daqui precisa muito de aux\u00edlio e orienta\u00e7\u00e3o. J\u00e1 estamos ansiosos pelas pr\u00f3ximas edi\u00e7\u00f5es\u201d, destacou. O evento foi aberto \u00e0 comunidade em geral, mas priorit\u00e1rio para fam\u00edlias com renda de at\u00e9 tr\u00eas sal\u00e1rios m\u00ednimos cadastradas ou que precisavam atualizar seus dados.<\/p>\n\n\n\n<p>Com o CRAS em Movimento, a Prefeitura de Paranagu\u00e1 refor\u00e7a seu compromisso com a inclus\u00e3o social, garantindo que pol\u00edticas p\u00fablicas cheguem de forma \u00e1gil e acolhedora a quem mais precisa.<\/p>\n\n\n\n<p>Prefeitura de Paranagu\u00e1<\/p>\n","protected":false},"excerpt":{"rendered":"<p>Nesta ter\u00e7a-feira, dia 23, o Jardim Igua\u00e7u recebeu mais uma edi\u00e7\u00e3o do CRAS em Movimento, a\u00e7\u00e3o estrat\u00e9gica da Prefeitura de Paranagu\u00e1 para aproximar a popula\u00e7\u00e3o de servi\u00e7os essenciais. Realizado na Rua dos Jatob\u00e1s, 560, das 9h \u00e0s 15h30, o evento ofereceu gratuitamente Cadastro \u00danico, emiss\u00e3o da Carteirinha do Idoso, inscri\u00e7\u00e3o no programa Leite das Crian\u00e7as [&hellip;]<\/p>\n","protected":false},"author":2,"featured_media":72580,"comment_status":"open","ping_status":"open","sticky":false,"template":"","format":"standard","meta":{"advanced_seo_description":"","jetpack_seo_html_title":"","jetpack_seo_noindex":false,"_jetpack_memberships_contains_paid_content":false,"footnotes":""},"categories":[77],"tags":[],"class_list":{"0":"post-72579","1":"post","2":"type-post","3":"status-publish","4":"format-standard","5":"has-post-thumbnail","7":"category-paranagua"},"jetpack_featured_media_url":"https:\/\/www.paranapraia.com.br\/wp-content\/uploads\/2025\/09\/19016.jpg","jetpack_sharing_enabled":true,"_links":{"self":[{"href":"https:\/\/www.paranapraia.com.br\/index.php\/wp-json\/wp\/v2\/posts\/72579"}],"collection":[{"href":"https:\/\/www.paranapraia.com.br\/index.php\/wp-json\/wp\/v2\/posts"}],"about":[{"href":"https:\/\/www.paranapraia.com.br\/index.php\/wp-json\/wp\/v2\/types\/post"}],"author":[{"embeddable":true,"href":"https:\/\/www.paranapraia.com.br\/index.php\/wp-json\/wp\/v2\/users\/2"}],"replies":[{"embeddable":true,"href":"https:\/\/www.paranapraia.com.br\/index.php\/wp-json\/wp\/v2\/comments?post=72579"}],"version-history":[{"count":1,"href":"https:\/\/www.paranapraia.com.br\/index.php\/wp-json\/wp\/v2\/posts\/72579\/revisions"}],"predecessor-version":[{"id":72581,"href":"https:\/\/www.paranapraia.com.br\/index.php\/wp-json\/wp\/v2\/posts\/72579\/revisions\/72581"}],"wp:featuredmedia":[{"embeddable":true,"href":"https:\/\/www.paranapraia.com.br\/index.php\/wp-json\/wp\/v2\/media\/72580"}],"wp:attachment":[{"href":"https:\/\/www.paranapraia.com.br\/index.php\/wp-json\/wp\/v2\/media?parent=72579"}],"wp:term":[{"taxonomy":"category","embeddable":true,"href":"https:\/\/www.paranapraia.com.br\/index.php\/wp-json\/wp\/v2\/categories?post=72579"},{"taxonomy":"post_tag","embeddable":true,"href":"https:\/\/www.paranapraia.com.br\/index.php\/wp-json\/wp\/v2\/tags?post=72579"}],"curies":[{"name":"wp","href":"https:\/\/api.w.org\/{rel}","templated":true}]}}