{"id":72547,"date":"2025-09-23T15:26:14","date_gmt":"2025-09-23T18:26:14","guid":{"rendered":"https:\/\/www.paranapraia.com.br\/?p=72547"},"modified":"2025-09-23T15:26:17","modified_gmt":"2025-09-23T18:26:17","slug":"prefeitura-de-pontal-do-parana-apresenta-projeto-de-requalificacao-urbana-em-reuniao-com-comerciantes-no-balneario-de-ipanema","status":"publish","type":"post","link":"https:\/\/www.paranapraia.com.br\/index.php\/2025\/09\/23\/prefeitura-de-pontal-do-parana-apresenta-projeto-de-requalificacao-urbana-em-reuniao-com-comerciantes-no-balneario-de-ipanema\/","title":{"rendered":"Prefeitura de Pontal do Paran\u00e1 apresenta projeto de requalifica\u00e7\u00e3o urbana em reuni\u00e3o com comerciantes no Balne\u00e1rio de Ipanema"},"content":{"rendered":"\n<p>Ontem (22), mais de 90 comerciantes e moradores participaram de uma reuni\u00e3o no Balne\u00e1rio de Ipanema, em Pontal do Paran\u00e1, para conhecer os detalhes do projeto de requalifica\u00e7\u00e3o urbana que ser\u00e1 executado na regi\u00e3o.<\/p>\n\n\n\n<p>O encontro foi conduzido pelo prefeito Rud\u00e3o Gimenes, que apresentou as mudan\u00e7as previstas para a Avenida S\u00e3o Luiz e seu entorno.<\/p>\n\n\n\n<p>A obra inclui a troca de cal\u00e7adas, pavimenta\u00e7\u00e3o da \u00e1rea pr\u00f3xima \u00e0 pra\u00e7a, drenagem, ilumina\u00e7\u00e3o, instala\u00e7\u00e3o de bancos e melhorias no cal\u00e7ad\u00e3o at\u00e9 a orla.<\/p>\n\n\n\n<p>O projeto tamb\u00e9m prev\u00ea a padroniza\u00e7\u00e3o dos passeios, reforma estrutural do cal\u00e7ad\u00e3o para permitir o acesso de ve\u00edculos, implanta\u00e7\u00e3o de mobili\u00e1rio urbano, instala\u00e7\u00e3o de balizadores e cria\u00e7\u00e3o de uma ciclovia compartilhada com pedestres.<\/p>\n\n\n\n<p><strong>Cal\u00e7ada Legal<\/strong><\/p>\n\n\n\n<p>Para regulamentar o uso dos espa\u00e7os p\u00fablicos, a prefeitura lan\u00e7ou o programa Cal\u00e7ada Lgal.<\/p>\n\n\n\n<p>A iniciativa isenta os comerciantes das taxas anteriores e garante um ano sem cobran\u00e7a.<\/p>\n\n\n\n<p>Ap\u00f3s esse per\u00edodo, o valor ser\u00e1 de R$ 0,35 por metro quadrado. Ser\u00e1 permitido o uso de mesas e cadeiras, desde que recolhidas diariamente e sem obstru\u00e7\u00f5es fixas, como cercas ou pilares. Decks e cercados n\u00e3o poder\u00e3o mais ser mantidos em \u00e1reas p\u00fablicas.<\/p>\n\n\n\n<p>Segundo o prefeito Rud\u00e3o Gimenes, a assinatura de um Termo de Ajustamento de Conduta (TAC) garantir\u00e1 que as cal\u00e7adas sejam desocupadas ap\u00f3s o Carnaval, permitindo que as obras tenham in\u00edcio em fevereiro. Comerciantes que removerem obst\u00e1culos dentro de cinco dias ap\u00f3s o prazo ter\u00e3o acesso aos benef\u00edcios previstos na lei.<\/p>\n\n\n\n<p>A Secretaria de Cidades (SECID) reconheceu que o munic\u00edpio cumpriu as exig\u00eancias do conv\u00eanio, possibilitando a formaliza\u00e7\u00e3o do TAC.<\/p>\n\n\n\n<p>As pr\u00f3ximas etapas incluem a homologa\u00e7\u00e3o da licita\u00e7\u00e3o, emiss\u00e3o da ordem de servi\u00e7o e a reuni\u00e3o inicial da obra.<\/p>\n\n\n\n<p>O secret\u00e1rio municipal de Planejamento Urbano e Infraestrutura, Heitor Kayamori, destacou a import\u00e2ncia da participa\u00e7\u00e3o da comunidade:<\/p>\n\n\n\n<p>\u201cQueremos garantir que todos estejam informados e preparados para essa mudan\u00e7a, que trar\u00e1 mais seguran\u00e7a e organiza\u00e7\u00e3o para o Balne\u00e1rio Ipanema.\u201d<\/p>\n\n\n\n<p>O prefeito Rud\u00e3o Gimenes destacou tamb\u00e9m a expans\u00e3o futura do projeto:<\/p>\n\n\n\n<p>\u201cA requalifica\u00e7\u00e3o ser\u00e1 estendida a outros balne\u00e1rios, como Santa Teresinha e Praia de Leste, onde j\u00e1 existem estudos e notifica\u00e7\u00f5es em andamento. Nosso objetivo \u00e9 modernizar a cidade de forma gradual, priorizando acessibilidade, mobilidade e organiza\u00e7\u00e3o do espa\u00e7o urbano.\u201d<\/p>\n\n\n\n<p>A reuni\u00e3o contou ainda com a presen\u00e7a da vice-prefeita Patr\u00edcia Millo Marcomini, do secret\u00e1rio municipal de Governo F\u00e1bio de Oliveira e de outros representantes da administra\u00e7\u00e3o municipal.<\/p>\n\n\n\n<p>A proposta \u00e9 que os trabalhos tenham in\u00edcio em tempo adequado para reduzir impactos na temporada de ver\u00e3o, permitindo que os comerciantes aproveitem o fluxo tur\u00edstico enquanto a cidade avan\u00e7a em melhorias estruturais.<\/p>\n\n\n\n<p>Prefeitura de Pontal do Paran\u00e1<\/p>\n","protected":false},"excerpt":{"rendered":"<p>Ontem (22), mais de 90 comerciantes e moradores participaram de uma reuni\u00e3o no Balne\u00e1rio de Ipanema, em Pontal do Paran\u00e1, para conhecer os detalhes do projeto de requalifica\u00e7\u00e3o urbana que ser\u00e1 executado na regi\u00e3o. O encontro foi conduzido pelo prefeito Rud\u00e3o Gimenes, que apresentou as mudan\u00e7as previstas para a Avenida S\u00e3o Luiz e seu entorno. [&hellip;]<\/p>\n","protected":false},"author":2,"featured_media":72548,"comment_status":"open","ping_status":"open","sticky":false,"template":"","format":"standard","meta":{"advanced_seo_description":"","jetpack_seo_html_title":"","jetpack_seo_noindex":false,"_jetpack_memberships_contains_paid_content":false,"footnotes":""},"categories":[65],"tags":[],"class_list":{"0":"post-72547","1":"post","2":"type-post","3":"status-publish","4":"format-standard","5":"has-post-thumbnail","7":"category-pontal-do-parana"},"jetpack_featured_media_url":"https:\/\/www.paranapraia.com.br\/wp-content\/uploads\/2025\/09\/551602476_1139529761609313_1663552570609323551_n.jpg","jetpack_sharing_enabled":true,"_links":{"self":[{"href":"https:\/\/www.paranapraia.com.br\/index.php\/wp-json\/wp\/v2\/posts\/72547"}],"collection":[{"href":"https:\/\/www.paranapraia.com.br\/index.php\/wp-json\/wp\/v2\/posts"}],"about":[{"href":"https:\/\/www.paranapraia.com.br\/index.php\/wp-json\/wp\/v2\/types\/post"}],"author":[{"embeddable":true,"href":"https:\/\/www.paranapraia.com.br\/index.php\/wp-json\/wp\/v2\/users\/2"}],"replies":[{"embeddable":true,"href":"https:\/\/www.paranapraia.com.br\/index.php\/wp-json\/wp\/v2\/comments?post=72547"}],"version-history":[{"count":1,"href":"https:\/\/www.paranapraia.com.br\/index.php\/wp-json\/wp\/v2\/posts\/72547\/revisions"}],"predecessor-version":[{"id":72549,"href":"https:\/\/www.paranapraia.com.br\/index.php\/wp-json\/wp\/v2\/posts\/72547\/revisions\/72549"}],"wp:featuredmedia":[{"embeddable":true,"href":"https:\/\/www.paranapraia.com.br\/index.php\/wp-json\/wp\/v2\/media\/72548"}],"wp:attachment":[{"href":"https:\/\/www.paranapraia.com.br\/index.php\/wp-json\/wp\/v2\/media?parent=72547"}],"wp:term":[{"taxonomy":"category","embeddable":true,"href":"https:\/\/www.paranapraia.com.br\/index.php\/wp-json\/wp\/v2\/categories?post=72547"},{"taxonomy":"post_tag","embeddable":true,"href":"https:\/\/www.paranapraia.com.br\/index.php\/wp-json\/wp\/v2\/tags?post=72547"}],"curies":[{"name":"wp","href":"https:\/\/api.w.org\/{rel}","templated":true}]}}