{"id":72481,"date":"2025-09-22T09:46:49","date_gmt":"2025-09-22T12:46:49","guid":{"rendered":"https:\/\/www.paranapraia.com.br\/?p=72481"},"modified":"2025-09-22T09:46:51","modified_gmt":"2025-09-22T12:46:51","slug":"mutirao-reune-voluntarios-e-recolhe-toneladas-de-residuos-dos-manguezais-de-paranagua","status":"publish","type":"post","link":"https:\/\/www.paranapraia.com.br\/index.php\/2025\/09\/22\/mutirao-reune-voluntarios-e-recolhe-toneladas-de-residuos-dos-manguezais-de-paranagua\/","title":{"rendered":"Mutir\u00e3o re\u00fane volunt\u00e1rios e recolhe toneladas de res\u00edduos dos manguezais de Paranagu\u00e1"},"content":{"rendered":"\n<p>A Prefeitura de Paranagu\u00e1 promoveu neste s\u00e1bado, dia 20, um grande mutir\u00e3o de limpeza em alus\u00e3o ao Dia Mundial de Limpeza dos Rios, Praias e Manguezais. A mobiliza\u00e7\u00e3o contou com a participa\u00e7\u00e3o ativa da comunidade em diferentes regi\u00f5es da cidade, incluindo o Canal do Anhaia, Beira Rio, Ilha dos Valadares, Vila do Povo, Rua da Praia, Jardim Igua\u00e7u e Parque Awaji. Na Ilha dos Valadares, por exemplo, cerca de 50 volunt\u00e1rios participaram da mobiliza\u00e7\u00e3o e recolheram aproximadamente 1.120 quilos de res\u00edduos.<\/p>\n\n\n\n<p>Toneladas de res\u00edduos foram retiradas dos 14 pontos de coleta e tiveram destina\u00e7\u00e3o adequada, com grande parte dos recicl\u00e1veis revertida em renda para a Associa\u00e7\u00e3o de Catadores de Materiais Recicl\u00e1veis de Paranagu\u00e1 (Assepar), na Vila Santa Maria.&nbsp;<\/p>\n\n\n\n<p>Para viabilizar o mutir\u00e3o, a Prefeitura forneceu sacos de coleta e garantiu a estrutura log\u00edstica, enquanto empresas parceiras \u2014 como Fospar, TCP, CAP, Rocha, Cargill, Paviservice\/Pavi Ambiental, Paranagu\u00e1 Saneamento, PASA, Sesc e Senac \u2014 ofereceram caf\u00e9 da manh\u00e3, \u00e1gua, equipamentos de prote\u00e7\u00e3o individual e mobilizaram volunt\u00e1rios para participar da iniciativa.<\/p>\n\n\n\n<p><strong>Prefeito destaca integra\u00e7\u00e3o entre poder p\u00fablico e comunidade<\/strong><\/p>\n\n\n\n<p>O prefeito Adriano Ramos ressaltou a import\u00e2ncia do envolvimento da popula\u00e7\u00e3o e do impacto positivo para a cidade. \u201cTodo esse material recolhido, al\u00e9m de limpar os nossos mangues, rios e praias, vai virar dinheiro para a nossa cooperativa de catadores, a Assepar. Foram 14 pontos limpos, com v\u00e1rias ca\u00e7ambas de res\u00edduos retirados. Mais do que isso, estamos refor\u00e7ando um recado importante: n\u00e3o joguem materiais nos mangues, nem nas margens dos rios. A Prefeitura est\u00e1 ampliando os ecopontos, que s\u00e3o locais de f\u00e1cil acesso para o descarte correto. Cuidar de Paranagu\u00e1 \u00e9 uma responsabilidade de todos n\u00f3s. Essa \u00e9 a Paranagu\u00e1 de todos\u201d, afirmou.<\/p>\n\n\n\n<p>Segundo o secret\u00e1rio municipal de Meio Ambiente, Desenvolvimento Rural e Pesca (Semmadesp), M\u00e1rcio Vega, a mobiliza\u00e7\u00e3o vai al\u00e9m da coleta. \u201cMais importante do que limpar \u00e9 n\u00e3o sujar. Temos calend\u00e1rio de coleta de recicl\u00e1veis, de volumosos e de lixo org\u00e2nico, mas \u00e9 essencial que cada cidad\u00e3o fa\u00e7a sua parte. J\u00e1 estamos preparando uma nova a\u00e7\u00e3o para novembro, antes da andada do caranguejo, refor\u00e7ando a necessidade de proteger nossos ecossistemas e garantir o descarte correto\u201d, disse.<\/p>\n\n\n\n<p>O engenheiro de pesca da Semmadesp, Alan Muller Mendon\u00e7a Xavier, destacou os benef\u00edcios da a\u00e7\u00e3o para a biodiversidade. \u201cO manguezal \u00e9 um ber\u00e7\u00e1rio natural, essencial para reprodu\u00e7\u00e3o e alimenta\u00e7\u00e3o de diversas esp\u00e9cies. O lixo prejudica esse equil\u00edbrio. Mais do que limpar, precisamos trabalhar a conscientiza\u00e7\u00e3o para evitar o descarte irregular\u201d, observou.<\/p>\n\n\n\n<p><strong>Parceiros refor\u00e7am consci\u00eancia ambiental<\/strong><\/p>\n\n\n\n<p>O gerente executivo do Sesc Paranagu\u00e1, Joel Viana Rabello J\u00fanior, destacou o simbolismo da data internacional. \u201cHoje \u00e9 um dia especial, de conscientiza\u00e7\u00e3o. Quanto menos lixo retirarmos dos mangues, melhor \u2013 significa que a popula\u00e7\u00e3o est\u00e1 poluindo menos. Este \u00e9 um ato de resist\u00eancia, que precisa se repetir para mostrar que o lixo deve ter destina\u00e7\u00e3o correta e n\u00e3o ocupar nossos rios, praias e matas\u201d, destacou.<\/p>\n\n\n\n<p>A analista de sustentabilidade Mait\u00ea Carlim Moura, volunt\u00e1ria da empresa Rocha, refor\u00e7ou o engajamento pessoal e comunit\u00e1rio. \u201cFazer parte do programa de voluntariado \u00e9 algo incr\u00edvel. Al\u00e9m de representar a empresa, dedicamos nosso tempo para contribuir com a comunidade e com o meio ambiente\u201d, afirmou.<\/p>\n\n\n\n<p>J\u00e1 a auxiliar t\u00e9cnica de enfermagem do Senac, J\u00e9ssica Castanho Francisco, lembrou que a iniciativa tamb\u00e9m levou servi\u00e7os de sa\u00fade \u00e0 popula\u00e7\u00e3o. \u201cRealizamos aferi\u00e7\u00e3o de press\u00e3o e testes de glicemia, unindo cuidado com a sa\u00fade e consci\u00eancia ambiental em um mesmo movimento\u201d, explicou.<\/p>\n\n\n\n<p>Representando a Associa\u00e7\u00e3o de Moradores da Vila Marinho, Danielle Louren\u00e7o Pontes Belo destacou a import\u00e2ncia da iniciativa para mudar h\u00e1bitos. \u201cO que mais pedimos \u00e9 que a popula\u00e7\u00e3o tenha carinho pelos manguezais. Infelizmente ainda \u00e9 comum vermos lixo sendo descartado de forma irregular. A\u00e7\u00f5es como essa ajudam a despertar a consci\u00eancia coletiva e a mostrar que \u00e9 poss\u00edvel construir uma nova cultura de cuidado\u201d, concluiu.<\/p>\n\n\n\n<p>Prefeitura de Paranagu\u00e1<\/p>\n","protected":false},"excerpt":{"rendered":"<p>A Prefeitura de Paranagu\u00e1 promoveu neste s\u00e1bado, dia 20, um grande mutir\u00e3o de limpeza em alus\u00e3o ao Dia Mundial de Limpeza dos Rios, Praias e Manguezais. A mobiliza\u00e7\u00e3o contou com a participa\u00e7\u00e3o ativa da comunidade em diferentes regi\u00f5es da cidade, incluindo o Canal do Anhaia, Beira Rio, Ilha dos Valadares, Vila do Povo, Rua da [&hellip;]<\/p>\n","protected":false},"author":2,"featured_media":72482,"comment_status":"open","ping_status":"open","sticky":false,"template":"","format":"standard","meta":{"advanced_seo_description":"","jetpack_seo_html_title":"","jetpack_seo_noindex":false,"_jetpack_memberships_contains_paid_content":false,"footnotes":""},"categories":[77],"tags":[],"class_list":{"0":"post-72481","1":"post","2":"type-post","3":"status-publish","4":"format-standard","5":"has-post-thumbnail","7":"category-paranagua"},"jetpack_featured_media_url":"https:\/\/www.paranapraia.com.br\/wp-content\/uploads\/2025\/09\/18929-scaled.jpg","jetpack_sharing_enabled":true,"_links":{"self":[{"href":"https:\/\/www.paranapraia.com.br\/index.php\/wp-json\/wp\/v2\/posts\/72481"}],"collection":[{"href":"https:\/\/www.paranapraia.com.br\/index.php\/wp-json\/wp\/v2\/posts"}],"about":[{"href":"https:\/\/www.paranapraia.com.br\/index.php\/wp-json\/wp\/v2\/types\/post"}],"author":[{"embeddable":true,"href":"https:\/\/www.paranapraia.com.br\/index.php\/wp-json\/wp\/v2\/users\/2"}],"replies":[{"embeddable":true,"href":"https:\/\/www.paranapraia.com.br\/index.php\/wp-json\/wp\/v2\/comments?post=72481"}],"version-history":[{"count":1,"href":"https:\/\/www.paranapraia.com.br\/index.php\/wp-json\/wp\/v2\/posts\/72481\/revisions"}],"predecessor-version":[{"id":72483,"href":"https:\/\/www.paranapraia.com.br\/index.php\/wp-json\/wp\/v2\/posts\/72481\/revisions\/72483"}],"wp:featuredmedia":[{"embeddable":true,"href":"https:\/\/www.paranapraia.com.br\/index.php\/wp-json\/wp\/v2\/media\/72482"}],"wp:attachment":[{"href":"https:\/\/www.paranapraia.com.br\/index.php\/wp-json\/wp\/v2\/media?parent=72481"}],"wp:term":[{"taxonomy":"category","embeddable":true,"href":"https:\/\/www.paranapraia.com.br\/index.php\/wp-json\/wp\/v2\/categories?post=72481"},{"taxonomy":"post_tag","embeddable":true,"href":"https:\/\/www.paranapraia.com.br\/index.php\/wp-json\/wp\/v2\/tags?post=72481"}],"curies":[{"name":"wp","href":"https:\/\/api.w.org\/{rel}","templated":true}]}}