{"id":72478,"date":"2025-09-22T09:42:04","date_gmt":"2025-09-22T12:42:04","guid":{"rendered":"https:\/\/www.paranapraia.com.br\/?p=72478"},"modified":"2025-09-22T09:42:06","modified_gmt":"2025-09-22T12:42:06","slug":"blitz-educativa-em-bares-marca-programacao-da-semana-nacional-do-transito-em-paranagua","status":"publish","type":"post","link":"https:\/\/www.paranapraia.com.br\/index.php\/2025\/09\/22\/blitz-educativa-em-bares-marca-programacao-da-semana-nacional-do-transito-em-paranagua\/","title":{"rendered":"Blitz educativa em bares marca programa\u00e7\u00e3o da Semana Nacional do Tr\u00e2nsito em Paranagu\u00e1"},"content":{"rendered":"\n<p>A Prefeitura de Paranagu\u00e1 realizou na madrugada deste s\u00e1bado, dia 20, uma blitz educativa em bares da cidade. A iniciativa fez parte da programa\u00e7\u00e3o da Semana Nacional do Tr\u00e2nsito 2025 e contou com o apoio da Pol\u00edcia Militar e do Servi\u00e7o de Atendimento M\u00f3vel de Urg\u00eancia (SAMU). O objetivo foi conscientizar sobre os riscos da associa\u00e7\u00e3o entre \u00e1lcool e dire\u00e7\u00e3o.<\/p>\n\n\n\n<p>A Semana Nacional do Tr\u00e2nsito \u00e9 realizada em todo o pa\u00eds entre os dias 18 e 25 de setembro, conforme calend\u00e1rio do Conselho Nacional de Tr\u00e2nsito (Contran). Em 2025, o tema \u00e9 \u201cDesacelere. Seu bem maior \u00e9 a vida\u201d, um chamado \u00e0 prud\u00eancia e ao cuidado no tr\u00e2nsito. A escolha do per\u00edodo est\u00e1 ligada ao p\u00fablico mais atingido pelos acidentes: jovens de 18 a 25 anos, faixa et\u00e1ria que concentra o maior n\u00famero de v\u00edtimas fatais.<\/p>\n\n\n\n<p>Segundo Cristiany Maia Paix\u00e3o, respons\u00e1vel pelo setor de Educa\u00e7\u00e3o para o Tr\u00e2nsito da Superintend\u00eancia Municipal de Tr\u00e2nsito (Sumtran), da Secretaria Municipal de Seguran\u00e7a (Semseg), cerca de 50 pessoas foram abordadas. Foram aplicados 20 testes de alcoolemia: em 16 deles o resultado foi positivo, e os participantes receberam a tarja vermelha, sinalizando que n\u00e3o poderiam dirigir. Outros quatro estavam s\u00f3brios e ganharam o adesivo verde, sendo reconhecidos como motoristas da rodada.<\/p>\n\n\n\n<p>\u201cEm todas as mesas que interagimos frisamos que o prop\u00f3sito da campanha \u00e9 que todos chegassem seguros e vivos em casa. O di\u00e1logo direto permitiu levar informa\u00e7\u00f5es de forma clara e impactante\u201d, destacou Cristiany.<\/p>\n\n\n\n<p>A atividade contou ainda com a presen\u00e7a de um personagem caracterizado como \u201cA Morte\u201d, que transmitiu mensagens de alerta contra a imprud\u00eancia, como \u201cBeba e dirija\u2026 te espero na esquina!\u201d. Tamb\u00e9m foi distribu\u00eddo um QR Code com v\u00eddeo educativo elaborado pelo setor de Educa\u00e7\u00e3o para o Tr\u00e2nsito, ampliando o alcance da mensagem.<\/p>\n\n\n\n<p>Para Cristiany, a iniciativa cumpriu seu papel. \u201cA receptividade do p\u00fablico foi muito positiva, com muitos participantes reconhecendo a import\u00e2ncia da a\u00e7\u00e3o para reduzir acidentes e salvar vidas\u201d, concluiu.<\/p>\n\n\n\n<p>A blitz integra a programa\u00e7\u00e3o da Semana Nacional do Tr\u00e2nsito, que segue em Paranagu\u00e1 at\u00e9 o dia 25 de setembro.<\/p>\n\n\n\n<p><strong>Programa\u00e7\u00e3o da semana<\/strong><\/p>\n\n\n\n<p><strong>&#8211; 22\/09 \u2013 Campanha educativa com alunos do projeto \u201cTr\u00e2nsito na Escola\u201d<\/strong><br>Local: Sem\u00e1foro do Hospital Regional \u2013 9h<\/p>\n\n\n\n<p><strong>&#8211; 23\/09 \u2013 Palestra + teatro de fantoches<\/strong><br>Local: Escola R.M. \u2013 14h<\/p>\n\n\n\n<p><strong>&#8211; 24\/09 \u2013 Memorial \u00e0s v\u00edtimas de sinistros de tr\u00e2nsito<\/strong><br>Local: Travessa Nove de Agosto \u2013 a partir das 9h<\/p>\n\n\n\n<p><strong>&#8211; 25\/09 \u2013 Simulado de acidente de tr\u00e2nsito<\/strong><br>Local: Rua Jo\u00e3o Eug\u00eanio x Maximiano da Fonseca \u2013 a partir das 13h<\/p>\n\n\n\n<p>Prefeitura de Paranagu\u00e1<\/p>\n","protected":false},"excerpt":{"rendered":"<p>A Prefeitura de Paranagu\u00e1 realizou na madrugada deste s\u00e1bado, dia 20, uma blitz educativa em bares da cidade. A iniciativa fez parte da programa\u00e7\u00e3o da Semana Nacional do Tr\u00e2nsito 2025 e contou com o apoio da Pol\u00edcia Militar e do Servi\u00e7o de Atendimento M\u00f3vel de Urg\u00eancia (SAMU). O objetivo foi conscientizar sobre os riscos da [&hellip;]<\/p>\n","protected":false},"author":2,"featured_media":72479,"comment_status":"open","ping_status":"open","sticky":false,"template":"","format":"standard","meta":{"advanced_seo_description":"","jetpack_seo_html_title":"","jetpack_seo_noindex":false,"_jetpack_memberships_contains_paid_content":false,"footnotes":""},"categories":[77],"tags":[],"class_list":{"0":"post-72478","1":"post","2":"type-post","3":"status-publish","4":"format-standard","5":"has-post-thumbnail","7":"category-paranagua"},"jetpack_featured_media_url":"https:\/\/www.paranapraia.com.br\/wp-content\/uploads\/2025\/09\/18922.jpg","jetpack_sharing_enabled":true,"_links":{"self":[{"href":"https:\/\/www.paranapraia.com.br\/index.php\/wp-json\/wp\/v2\/posts\/72478"}],"collection":[{"href":"https:\/\/www.paranapraia.com.br\/index.php\/wp-json\/wp\/v2\/posts"}],"about":[{"href":"https:\/\/www.paranapraia.com.br\/index.php\/wp-json\/wp\/v2\/types\/post"}],"author":[{"embeddable":true,"href":"https:\/\/www.paranapraia.com.br\/index.php\/wp-json\/wp\/v2\/users\/2"}],"replies":[{"embeddable":true,"href":"https:\/\/www.paranapraia.com.br\/index.php\/wp-json\/wp\/v2\/comments?post=72478"}],"version-history":[{"count":1,"href":"https:\/\/www.paranapraia.com.br\/index.php\/wp-json\/wp\/v2\/posts\/72478\/revisions"}],"predecessor-version":[{"id":72480,"href":"https:\/\/www.paranapraia.com.br\/index.php\/wp-json\/wp\/v2\/posts\/72478\/revisions\/72480"}],"wp:featuredmedia":[{"embeddable":true,"href":"https:\/\/www.paranapraia.com.br\/index.php\/wp-json\/wp\/v2\/media\/72479"}],"wp:attachment":[{"href":"https:\/\/www.paranapraia.com.br\/index.php\/wp-json\/wp\/v2\/media?parent=72478"}],"wp:term":[{"taxonomy":"category","embeddable":true,"href":"https:\/\/www.paranapraia.com.br\/index.php\/wp-json\/wp\/v2\/categories?post=72478"},{"taxonomy":"post_tag","embeddable":true,"href":"https:\/\/www.paranapraia.com.br\/index.php\/wp-json\/wp\/v2\/tags?post=72478"}],"curies":[{"name":"wp","href":"https:\/\/api.w.org\/{rel}","templated":true}]}}