{"id":72475,"date":"2025-09-22T09:39:59","date_gmt":"2025-09-22T12:39:59","guid":{"rendered":"https:\/\/www.paranapraia.com.br\/?p=72475"},"modified":"2025-09-22T09:40:02","modified_gmt":"2025-09-22T12:40:02","slug":"conselho-comunitario-consultivo-da-ilha-do-mel-e-diplomado-com-a-participacao-de-autoridades-estaduais-e-municipais","status":"publish","type":"post","link":"https:\/\/www.paranapraia.com.br\/index.php\/2025\/09\/22\/conselho-comunitario-consultivo-da-ilha-do-mel-e-diplomado-com-a-participacao-de-autoridades-estaduais-e-municipais\/","title":{"rendered":"Conselho Comunit\u00e1rio Consultivo da Ilha do Mel \u00e9 diplomado com a participa\u00e7\u00e3o de autoridades estaduais e municipais"},"content":{"rendered":"\n<p>Na manh\u00e3 de sexta-feira, dia 19, a Ilha do Mel sediou a diploma\u00e7\u00e3o do Conselho Comunit\u00e1rio Consultivo, evento que reuniu representantes do Governo do Paran\u00e1, Prefeitura de Paranagu\u00e1 e \u00f3rg\u00e3os ambientais. O encontro marca mais um passo na implementa\u00e7\u00e3o da Unidade Administrativa da Ilha do Mel (Unadim), modelo pioneiro de gest\u00e3o compartilhada entre Uni\u00e3o, Estado e Munic\u00edpio.<\/p>\n\n\n\n<p>O secret\u00e1rio municipal de Meio Ambiente, Desenvolvimento Rural e Pesca, M\u00e1rcio Vega, destacou a import\u00e2ncia da uni\u00e3o de esfor\u00e7os para proteger uma das regi\u00f5es mais visitadas do Brasil.<br>\u201cEstamos trabalhando desde janeiro de 2025 na gest\u00e3o do prefeito Adriano Ramos, que nos incumbiu de cuidar da Ilha do Mel e das comunidades pesqueiras. \u00c9 fundamental fortalecer a pesca artesanal e o artesanato local, respeitando a tradi\u00e7\u00e3o cai\u00e7ara e promovendo o desenvolvimento sustent\u00e1vel\u201d, afirmou.<\/p>\n\n\n\n<p>Representando o Governo do Estado, o superintendente geral de Rela\u00e7\u00f5es Institucionais, Renato Adur, ressaltou as conquistas recentes, como a aprova\u00e7\u00e3o da Lei da Ilha do Mel e do Plano de Uso e Ocupa\u00e7\u00e3o do Solo, al\u00e9m do in\u00edcio da execu\u00e7\u00e3o de obras em saneamento, trapiches e acessibilidade.<br>\u201cEsse \u00e9 um processo constru\u00eddo com a comunidade e com apoio da Prefeitura de Paranagu\u00e1, do Minist\u00e9rio P\u00fablico e de diversos \u00f3rg\u00e3os. Agora, com o conselho empossado, os moradores ter\u00e3o participa\u00e7\u00e3o direta na defini\u00e7\u00e3o das prioridades\u201d, explicou.<\/p>\n\n\n\n<p>O chefe de gabinete da presid\u00eancia do IAT, Amilcar Cavalcante Cabral, refor\u00e7ou a import\u00e2ncia da presen\u00e7a permanente do Estado e da Prefeitura na ilha. \u201cA Unadim j\u00e1 est\u00e1 em funcionamento com postos em Nova Bras\u00edlia e Encantadas, garantindo apoio imediato aos moradores e turistas. \u00c9 um modelo de gest\u00e3o inovador, pioneiro no Brasil, que esperamos consolidar como refer\u00eancia\u201d, declarou.<\/p>\n\n\n\n<p>Com o conselho e o comit\u00ea gestor ativos, a expectativa \u00e9 que a Ilha do Mel avance em infraestrutura, preserva\u00e7\u00e3o ambiental e valoriza\u00e7\u00e3o das comunidades tradicionais, conciliando turismo e qualidade de vida para moradores e visitantes.<\/p>\n\n\n\n<p>Cr\u00e9ditos: &nbsp;Mell Polidoro\/Governo Paran\u00e1<\/p>\n","protected":false},"excerpt":{"rendered":"<p>Na manh\u00e3 de sexta-feira, dia 19, a Ilha do Mel sediou a diploma\u00e7\u00e3o do Conselho Comunit\u00e1rio Consultivo, evento que reuniu representantes do Governo do Paran\u00e1, Prefeitura de Paranagu\u00e1 e \u00f3rg\u00e3os ambientais. O encontro marca mais um passo na implementa\u00e7\u00e3o da Unidade Administrativa da Ilha do Mel (Unadim), modelo pioneiro de gest\u00e3o compartilhada entre Uni\u00e3o, Estado [&hellip;]<\/p>\n","protected":false},"author":2,"featured_media":72476,"comment_status":"open","ping_status":"open","sticky":false,"template":"","format":"standard","meta":{"advanced_seo_description":"","jetpack_seo_html_title":"","jetpack_seo_noindex":false,"_jetpack_memberships_contains_paid_content":false,"footnotes":""},"categories":[76],"tags":[],"class_list":{"0":"post-72475","1":"post","2":"type-post","3":"status-publish","4":"format-standard","5":"has-post-thumbnail","7":"category-ilha-do-mel"},"jetpack_featured_media_url":"https:\/\/www.paranapraia.com.br\/wp-content\/uploads\/2025\/09\/18916-scaled.jpg","jetpack_sharing_enabled":true,"_links":{"self":[{"href":"https:\/\/www.paranapraia.com.br\/index.php\/wp-json\/wp\/v2\/posts\/72475"}],"collection":[{"href":"https:\/\/www.paranapraia.com.br\/index.php\/wp-json\/wp\/v2\/posts"}],"about":[{"href":"https:\/\/www.paranapraia.com.br\/index.php\/wp-json\/wp\/v2\/types\/post"}],"author":[{"embeddable":true,"href":"https:\/\/www.paranapraia.com.br\/index.php\/wp-json\/wp\/v2\/users\/2"}],"replies":[{"embeddable":true,"href":"https:\/\/www.paranapraia.com.br\/index.php\/wp-json\/wp\/v2\/comments?post=72475"}],"version-history":[{"count":1,"href":"https:\/\/www.paranapraia.com.br\/index.php\/wp-json\/wp\/v2\/posts\/72475\/revisions"}],"predecessor-version":[{"id":72477,"href":"https:\/\/www.paranapraia.com.br\/index.php\/wp-json\/wp\/v2\/posts\/72475\/revisions\/72477"}],"wp:featuredmedia":[{"embeddable":true,"href":"https:\/\/www.paranapraia.com.br\/index.php\/wp-json\/wp\/v2\/media\/72476"}],"wp:attachment":[{"href":"https:\/\/www.paranapraia.com.br\/index.php\/wp-json\/wp\/v2\/media?parent=72475"}],"wp:term":[{"taxonomy":"category","embeddable":true,"href":"https:\/\/www.paranapraia.com.br\/index.php\/wp-json\/wp\/v2\/categories?post=72475"},{"taxonomy":"post_tag","embeddable":true,"href":"https:\/\/www.paranapraia.com.br\/index.php\/wp-json\/wp\/v2\/tags?post=72475"}],"curies":[{"name":"wp","href":"https:\/\/api.w.org\/{rel}","templated":true}]}}