{"id":72472,"date":"2025-09-22T09:37:28","date_gmt":"2025-09-22T12:37:28","guid":{"rendered":"https:\/\/www.paranapraia.com.br\/?p=72472"},"modified":"2025-09-22T09:37:30","modified_gmt":"2025-09-22T12:37:30","slug":"paranagua-tera-canteiro-de-preservacao-do-patrimonio-historico-em-parceria-com-a-ufpr-e-iphan","status":"publish","type":"post","link":"https:\/\/www.paranapraia.com.br\/index.php\/2025\/09\/22\/paranagua-tera-canteiro-de-preservacao-do-patrimonio-historico-em-parceria-com-a-ufpr-e-iphan\/","title":{"rendered":"Paranagu\u00e1 ter\u00e1 canteiro de preserva\u00e7\u00e3o do Patrim\u00f4nio Hist\u00f3rico em parceria com a UFPR e IPHAN"},"content":{"rendered":"\n<p>Na tarde desta sexta-feira, dia 19, o prefeito de Paranagu\u00e1, Adriano Ramos, recebeu representantes da Universidade Federal do Paran\u00e1 (UFPR) e do Instituto do Patrim\u00f4nio Hist\u00f3rico e Art\u00edstico Nacional (IPHAN) para discutir a implanta\u00e7\u00e3o do Canteiro do Patrim\u00f4nio em Paranagu\u00e1. O encontro contou com a presen\u00e7a da vice-prefeita Fabiana Parro, do chefe de Gabinete Andr\u00e9 Ferruci, da secret\u00e1ria de Planejamento e Gest\u00e3o, V\u00e2nia Pessoa Rodrigues Foes, do secret\u00e1rio de Cultura e Turismo Jos\u00e9 Reis de Freitas Neto, e de outros representantes municipais.<\/p>\n\n\n\n<p>O projeto tem como objetivo fortalecer a preserva\u00e7\u00e3o do Centro Hist\u00f3rico da cidade, com oficinas de restaura\u00e7\u00e3o, levantamento de edifica\u00e7\u00f5es, assist\u00eancia t\u00e9cnica para habita\u00e7\u00e3o de interesse social e capacita\u00e7\u00e3o de m\u00e3o de obra local.<\/p>\n\n\n\n<p>Segundo o professor Rodrigo Sartori Jabor, do Departamento de Arquitetura e Urbanismo da UFPR, a iniciativa vai aproximar a comunidade acad\u00eamica, o IPHAN e o munic\u00edpio, mobilizando estudantes e moradores na conserva\u00e7\u00e3o do patrim\u00f4nio. A previs\u00e3o \u00e9 que as atividades comecem no primeiro semestre de 2026, com recursos de emenda parlamentar do deputado Toninho Wancher.<\/p>\n\n\n\n<p>A superintendente do IPHAN no Paran\u00e1, Fabiana Moro Martins, destacou a relev\u00e2ncia do projeto. \u201cParanagu\u00e1 tem uma hist\u00f3ria riqu\u00edssima e foi uma das primeiras cidades a ter bens tombados pelo IPHAN. A implanta\u00e7\u00e3o desse canteiro vai permitir oficinas, invent\u00e1rios, a\u00e7\u00f5es de conserva\u00e7\u00e3o e a divulga\u00e7\u00e3o da import\u00e2ncia do nosso centro hist\u00f3rico\u201d, afirmou.<\/p>\n\n\n\n<p>Al\u00e9m do canteiro, outro ponto positivo da reuni\u00e3o foi a discuss\u00e3o sobre a retomada do Festival da Primavera, promovido pela UFPR, que deve voltar a acontecer em Paranagu\u00e1 ap\u00f3s 35 anos, com programa\u00e7\u00e3o voltada \u00e0 valoriza\u00e7\u00e3o da cultura local.<\/p>\n\n\n\n<p>Para o secret\u00e1rio municipal de Cultura e Turismo, Jos\u00e9 Reis, a novidade representa um marco para a cidade. \u201cTeremos forma\u00e7\u00e3o de m\u00e3o de obra especializada para atuar no patrim\u00f4nio hist\u00f3rico e a possibilidade da volta do Festival da Primavera. S\u00e3o duas grandes conquistas para Paranagu\u00e1\u201d, celebrou.<\/p>\n\n\n\n<p>Prefeitura de Paranagu\u00e1<\/p>\n","protected":false},"excerpt":{"rendered":"<p>Na tarde desta sexta-feira, dia 19, o prefeito de Paranagu\u00e1, Adriano Ramos, recebeu representantes da Universidade Federal do Paran\u00e1 (UFPR) e do Instituto do Patrim\u00f4nio Hist\u00f3rico e Art\u00edstico Nacional (IPHAN) para discutir a implanta\u00e7\u00e3o do Canteiro do Patrim\u00f4nio em Paranagu\u00e1. O encontro contou com a presen\u00e7a da vice-prefeita Fabiana Parro, do chefe de Gabinete Andr\u00e9 [&hellip;]<\/p>\n","protected":false},"author":2,"featured_media":72473,"comment_status":"open","ping_status":"open","sticky":false,"template":"","format":"standard","meta":{"advanced_seo_description":"","jetpack_seo_html_title":"","jetpack_seo_noindex":false,"_jetpack_memberships_contains_paid_content":false,"footnotes":""},"categories":[77],"tags":[],"class_list":{"0":"post-72472","1":"post","2":"type-post","3":"status-publish","4":"format-standard","5":"has-post-thumbnail","7":"category-paranagua"},"jetpack_featured_media_url":"https:\/\/www.paranapraia.com.br\/wp-content\/uploads\/2025\/09\/18888.jpg","jetpack_sharing_enabled":true,"_links":{"self":[{"href":"https:\/\/www.paranapraia.com.br\/index.php\/wp-json\/wp\/v2\/posts\/72472"}],"collection":[{"href":"https:\/\/www.paranapraia.com.br\/index.php\/wp-json\/wp\/v2\/posts"}],"about":[{"href":"https:\/\/www.paranapraia.com.br\/index.php\/wp-json\/wp\/v2\/types\/post"}],"author":[{"embeddable":true,"href":"https:\/\/www.paranapraia.com.br\/index.php\/wp-json\/wp\/v2\/users\/2"}],"replies":[{"embeddable":true,"href":"https:\/\/www.paranapraia.com.br\/index.php\/wp-json\/wp\/v2\/comments?post=72472"}],"version-history":[{"count":1,"href":"https:\/\/www.paranapraia.com.br\/index.php\/wp-json\/wp\/v2\/posts\/72472\/revisions"}],"predecessor-version":[{"id":72474,"href":"https:\/\/www.paranapraia.com.br\/index.php\/wp-json\/wp\/v2\/posts\/72472\/revisions\/72474"}],"wp:featuredmedia":[{"embeddable":true,"href":"https:\/\/www.paranapraia.com.br\/index.php\/wp-json\/wp\/v2\/media\/72473"}],"wp:attachment":[{"href":"https:\/\/www.paranapraia.com.br\/index.php\/wp-json\/wp\/v2\/media?parent=72472"}],"wp:term":[{"taxonomy":"category","embeddable":true,"href":"https:\/\/www.paranapraia.com.br\/index.php\/wp-json\/wp\/v2\/categories?post=72472"},{"taxonomy":"post_tag","embeddable":true,"href":"https:\/\/www.paranapraia.com.br\/index.php\/wp-json\/wp\/v2\/tags?post=72472"}],"curies":[{"name":"wp","href":"https:\/\/api.w.org\/{rel}","templated":true}]}}