{"id":72469,"date":"2025-09-22T09:35:48","date_gmt":"2025-09-22T12:35:48","guid":{"rendered":"https:\/\/www.paranapraia.com.br\/?p=72469"},"modified":"2025-09-22T09:35:50","modified_gmt":"2025-09-22T12:35:50","slug":"ilha-do-mel-atendimentos-da-unidade-de-saude-de-nova-brasilia-passam-a-acontecer-em-encantadas","status":"publish","type":"post","link":"https:\/\/www.paranapraia.com.br\/index.php\/2025\/09\/22\/ilha-do-mel-atendimentos-da-unidade-de-saude-de-nova-brasilia-passam-a-acontecer-em-encantadas\/","title":{"rendered":"Ilha do Mel: atendimentos da Unidade de Sa\u00fade de Nova Bras\u00edlia passam a acontecer em Encantadas"},"content":{"rendered":"\n<p>A Prefeitura de Paranagu\u00e1 interditou e transferiu os atendimentos da Unidade B\u00e1sica de Sa\u00fade (UBS) Flora Neves da Gra\u00e7a, em Nova Bras\u00edlia, na Ilha do Mel, desde a noite de sexta-feira, dia 19.<\/p>\n\n\n\n<p>A a\u00e7\u00e3o aconteceu devido \u00e0s condi\u00e7\u00f5es estruturais do pr\u00e9dio, e que segundo a Secretaria Municipal de Sa\u00fade (SEMSA), h\u00e1 anos sofre com a falta de infraestrutura.<\/p>\n\n\n\n<p>De acordo com a secret\u00e1ria municipal de Sa\u00fade, Patr\u00edcia Scacalossi, por precau\u00e7\u00e3o, devido a medidas de seguran\u00e7a, e pelo fato de o pr\u00e9dio possuir rachaduras, a decis\u00e3o foi urgente e necess\u00e1ria.&nbsp;<\/p>\n\n\n\n<p>\u201cOs atendimentos de sa\u00fade passam a acontecer agora na Unidade de Sa\u00fade de Encantadas, at\u00e9 porque a prefeitura j\u00e1 tem a previs\u00e3o de assinar a ordem de servi\u00e7o para a constru\u00e7\u00e3o da nova unidade em Nova Bras\u00edlia\u201d, explicou.&nbsp;<\/p>\n\n\n\n<p>\u201cA unidade atual ser\u00e1 demolida e com a constru\u00e7\u00e3o da nova estrutura, os antigos problemas estruturais ser\u00e3o sanados\u201d, destaca a secret\u00e1ria.<\/p>\n\n\n\n<p>Ela explica ainda, que os atendimentos destinados de Nova Bras\u00edlia a Encantadas s\u00e3o tempor\u00e1rios, e na sequ\u00eancia, eles acontecer\u00e3o na casa da Copel, que j\u00e1 foi cedida para a prefeitura.&nbsp;<\/p>\n\n\n\n<p>\u201cEstamos providenciando as adequa\u00e7\u00f5es para atender as condi\u00e7\u00f5es sanit\u00e1rias para o atendimento na casa da Copel. Isso j\u00e1 deve ocorrer a partir de segunda feira\u201d, refor\u00e7ou a secret\u00e1ria.&nbsp;<\/p>\n\n\n\n<p>Enquanto isso, os atendimentos rotineiros ser\u00e3o disponibilizados na UBS em Encantadas.&nbsp;<\/p>\n\n\n\n<p><strong>Apoio da Guarda Municipal&nbsp;<\/strong><\/p>\n\n\n\n<p>\u201cTeremos apoio da Guarda Municipal e para as urg\u00eancias e emerg\u00eancias, a Guarda na Ilha do Mel acionar\u00e1 Corpo de Bombeiros e o Samu para o socorro\u201d, pontuou. Ap\u00f3s a constru\u00e7\u00e3o e entrega da nova unidade de sa\u00fade, os atendimentos de Nova Bras\u00edlia acontecer\u00e3o exclusivamente na nova sede.<\/p>\n\n\n\n<p>A Secretaria de Sa\u00fade refor\u00e7a que est\u00e1 realizando as tratativas necess\u00e1rias para que todo atendimento seja mantido com qualidade \u00e0 popula\u00e7\u00e3o. \u201cContamos com a colabora\u00e7\u00e3o e compreens\u00e3o dos insulanos e que prontamente est\u00e3o sempre \u00e0 disposi\u00e7\u00e3o\u201d, completa a secret\u00e1ria de Sa\u00fade.&nbsp;<\/p>\n\n\n\n<p><strong>Constru\u00e7\u00e3o da Nova Unidade de Sa\u00fade na Ilha do Mel<\/strong><\/p>\n\n\n\n<p>O prefeito Adriano Ramos assinar\u00e1 a ordem de servi\u00e7o para a constru\u00e7\u00e3o de uma nova Unidade B\u00e1sica de Sa\u00fade (UBS), localizada na Ilha do Mel, em Nova Bras\u00edlia. O investimento \u00e9 de R$ 2,8 milh\u00f5es. A nova unidade, que substituir\u00e1 a estrutura atual j\u00e1 deteriorada, ter\u00e1 487,3 m\u00b2 de \u00e1rea constru\u00edda.&nbsp;<\/p>\n\n\n\n<p>O projeto prev\u00ea recep\u00e7\u00e3o ampla, consult\u00f3rios m\u00e9dicos, odontol\u00f3gico e ginecol\u00f3gico, salas de vacina\u00e7\u00e3o, observa\u00e7\u00e3o, curativos e aplica\u00e7\u00e3o\/inala\u00e7\u00e3o, al\u00e9m de farm\u00e1cia, setor administrativo e dormit\u00f3rios para os profissionais de sa\u00fade, entre outros ambientes.<\/p>\n\n\n\n<p>Prefeitura de Paranagu\u00e1<\/p>\n","protected":false},"excerpt":{"rendered":"<p>A Prefeitura de Paranagu\u00e1 interditou e transferiu os atendimentos da Unidade B\u00e1sica de Sa\u00fade (UBS) Flora Neves da Gra\u00e7a, em Nova Bras\u00edlia, na Ilha do Mel, desde a noite de sexta-feira, dia 19. A a\u00e7\u00e3o aconteceu devido \u00e0s condi\u00e7\u00f5es estruturais do pr\u00e9dio, e que segundo a Secretaria Municipal de Sa\u00fade (SEMSA), h\u00e1 anos sofre com [&hellip;]<\/p>\n","protected":false},"author":2,"featured_media":72470,"comment_status":"open","ping_status":"open","sticky":false,"template":"","format":"standard","meta":{"advanced_seo_description":"","jetpack_seo_html_title":"","jetpack_seo_noindex":false,"_jetpack_memberships_contains_paid_content":false,"footnotes":""},"categories":[76],"tags":[],"class_list":{"0":"post-72469","1":"post","2":"type-post","3":"status-publish","4":"format-standard","5":"has-post-thumbnail","7":"category-ilha-do-mel"},"jetpack_featured_media_url":"https:\/\/www.paranapraia.com.br\/wp-content\/uploads\/2025\/09\/18911.jpg","jetpack_sharing_enabled":true,"_links":{"self":[{"href":"https:\/\/www.paranapraia.com.br\/index.php\/wp-json\/wp\/v2\/posts\/72469"}],"collection":[{"href":"https:\/\/www.paranapraia.com.br\/index.php\/wp-json\/wp\/v2\/posts"}],"about":[{"href":"https:\/\/www.paranapraia.com.br\/index.php\/wp-json\/wp\/v2\/types\/post"}],"author":[{"embeddable":true,"href":"https:\/\/www.paranapraia.com.br\/index.php\/wp-json\/wp\/v2\/users\/2"}],"replies":[{"embeddable":true,"href":"https:\/\/www.paranapraia.com.br\/index.php\/wp-json\/wp\/v2\/comments?post=72469"}],"version-history":[{"count":1,"href":"https:\/\/www.paranapraia.com.br\/index.php\/wp-json\/wp\/v2\/posts\/72469\/revisions"}],"predecessor-version":[{"id":72471,"href":"https:\/\/www.paranapraia.com.br\/index.php\/wp-json\/wp\/v2\/posts\/72469\/revisions\/72471"}],"wp:featuredmedia":[{"embeddable":true,"href":"https:\/\/www.paranapraia.com.br\/index.php\/wp-json\/wp\/v2\/media\/72470"}],"wp:attachment":[{"href":"https:\/\/www.paranapraia.com.br\/index.php\/wp-json\/wp\/v2\/media?parent=72469"}],"wp:term":[{"taxonomy":"category","embeddable":true,"href":"https:\/\/www.paranapraia.com.br\/index.php\/wp-json\/wp\/v2\/categories?post=72469"},{"taxonomy":"post_tag","embeddable":true,"href":"https:\/\/www.paranapraia.com.br\/index.php\/wp-json\/wp\/v2\/tags?post=72469"}],"curies":[{"name":"wp","href":"https:\/\/api.w.org\/{rel}","templated":true}]}}