{"id":72466,"date":"2025-09-22T09:32:03","date_gmt":"2025-09-22T12:32:03","guid":{"rendered":"https:\/\/www.paranapraia.com.br\/?p=72466"},"modified":"2025-09-22T09:32:06","modified_gmt":"2025-09-22T12:32:06","slug":"prefeitura-de-paranagua-retoma-protocolo-da-cirurgia-bariatrica-e-lanca-grupo-de-acompanhamento-multidisciplinar","status":"publish","type":"post","link":"https:\/\/www.paranapraia.com.br\/index.php\/2025\/09\/22\/prefeitura-de-paranagua-retoma-protocolo-da-cirurgia-bariatrica-e-lanca-grupo-de-acompanhamento-multidisciplinar\/","title":{"rendered":"Prefeitura de Paranagu\u00e1 retoma protocolo da cirurgia bari\u00e1trica e lan\u00e7a grupo de acompanhamento multidisciplinar"},"content":{"rendered":"\n<p>Na sexta-feira, dia 19, a Prefeitura de Paranagu\u00e1, por meio da Secretaria Municipal de Sa\u00fade (SEMSA), realizou o primeiro encontro do grupo \u201cMais Sa\u00fade, Mais Vida\u201d, voltado ao acompanhamento multidisciplinar de pacientes que buscam a cirurgia bari\u00e1trica pelo Sistema \u00danico de Sa\u00fade (SUS). O encontro marca a retomada de um fluxo que estava paralisado desde a pandemia de 2020 e que, agora, volta a oferecer perspectivas de tratamento para pessoas que convivem com a obesidade.<\/p>\n\n\n\n<p>Segundo a m\u00e9dica reguladora da SEMSA, Dra. Ol\u00edvia Permegiani Vilarinho, a aus\u00eancia de acompanhamento especializado havia interrompido a entrada de novos pacientes na fila estadual da cirurgia bari\u00e1trica. \u201cA fila estava estacionada desde a pandemia. Esse ano retomamos os fluxos, adequando o protocolo estadual \u00e0 nossa realidade local. O processo exige aten\u00e7\u00e3o a cada detalhe, porque toda documenta\u00e7\u00e3o passa pela auditoria de um m\u00e9dico do Estado, e qualquer falha pode indeferir o pedido. Hoje damos um passo hist\u00f3rico ao iniciar este grupo em Paranagu\u00e1\u201d, afirmou.<\/p>\n\n\n\n<p>A secret\u00e1ria municipal de Sa\u00fade, Patr\u00edcia Scacalossi, ressaltou o empenho da equipe. \u201cA retomada do fluxo da bari\u00e1trica era um dos nossos maiores desafios. O que vemos hoje \u00e9 resultado de muito esfor\u00e7o e dedica\u00e7\u00e3o de servidores que n\u00e3o mediram esfor\u00e7os para garantir esse avan\u00e7o. Seguiremos aprimorando o processo, sempre com foco em oferecer mais sa\u00fade e qualidade de vida para a popula\u00e7\u00e3o\u201d, comentou.<\/p>\n\n\n\n<p><strong>Duas formas de acesso \u00e0 bari\u00e1trica<\/strong><\/p>\n\n\n\n<p>O protocolo estadual estabelece dois caminhos para quem busca a cirurgia:<\/p>\n\n\n\n<p><strong>&#8211; Pacientes com IMC abaixo de 50:&nbsp;<\/strong>ap\u00f3s avalia\u00e7\u00e3o cl\u00ednica na Unidade B\u00e1sica de Sa\u00fade (UBS), os pacientes precisam obrigatoriamente cumprir dois anos de acompanhamento psicol\u00f3gico e nutricional. Esse acompanhamento ser\u00e1 realizado dentro do grupo \u201cMais Sa\u00fade, Mais Vida\u201d, com 10 encontros anuais, orienta\u00e7\u00f5es coletivas e troca de experi\u00eancias. Ao fim do per\u00edodo, se persistir a necessidade da cirurgia, o paciente \u00e9 encaminhado \u00e0 fila estadual.<\/p>\n\n\n\n<p><strong>&#8211; Pacientes com IMC igual ou superior a 50:&nbsp;<\/strong>ap\u00f3s encaminhamento m\u00e9dico, o processo exige tr\u00eas consultas psicol\u00f3gicas e uma avalia\u00e7\u00e3o com especialista. Com a documenta\u00e7\u00e3o completa, o paciente pode ser inserido na fila em at\u00e9 dois meses, desde que todos os crit\u00e9rios sejam cumpridos.<br>Import\u00e2ncia do grupo<\/p>\n\n\n\n<p><strong>Import\u00e2ncia do grupo<\/strong><\/p>\n\n\n\n<p>Para a nutricionista Rafaela Carvalho de Amorim, o formato em grupo oferece ganhos pr\u00e1ticos e emocionais. \u201cQuando trabalhamos em grupo, conseguimos resolver entraves de agenda e, principalmente, criar v\u00ednculos. O paciente percebe que sua dificuldade \u00e9 semelhante \u00e0 do colega e encontra apoio para manter a motiva\u00e7\u00e3o. A cirurgia \u00e9 apenas uma das ferramentas poss\u00edveis; o foco \u00e9 na mudan\u00e7a de h\u00e1bitos e de vida, que tamb\u00e9m reflete na fam\u00edlia e no entorno do paciente\u201d, avaliou.<\/p>\n\n\n\n<p>A psic\u00f3loga J\u00e9ssica Teixeira refor\u00e7ou a import\u00e2ncia da corresponsabilidade. \u201cO processo de transforma\u00e7\u00e3o j\u00e1 come\u00e7ou no momento em que cada paciente decidiu estar aqui. A cirurgia pode ser necess\u00e1ria, mas a mudan\u00e7a de vida depende de escolhas di\u00e1rias. Nosso papel \u00e9 apoiar esse processo e oferecer o suporte necess\u00e1rio para que cada um seja protagonista da sua pr\u00f3pria hist\u00f3ria\u201d, argumentou.<\/p>\n\n\n\n<p><strong>Um novo come\u00e7o<\/strong><\/p>\n\n\n\n<p>O aut\u00f4nomo Josimar Oliveira Miranda, um dos participantes do primeiro grupo, relatou sua expectativa ap\u00f3s anos de espera. \u201cEm 2021, meu m\u00e9dico indicou a cirurgia, mas nada avan\u00e7ou. Hoje, depois de quatro anos, vejo essa retomada como uma oportunidade real. Sei que o processo exige paci\u00eancia e dedica\u00e7\u00e3o, mas quero fazer tudo certo, aprender com os profissionais e garantir que, no p\u00f3s-operat\u00f3rio, eu consiga manter os resultados. Para mim, este grupo significa esperan\u00e7a\u201d, disse.<\/p>\n\n\n\n<p>Com 12 pacientes j\u00e1 inseridos no primeiro ciclo, a SEMSA prev\u00ea a abertura de novos grupos para ampliar o atendimento. O diretor cl\u00ednico da secretaria, Dr. Jorge Pinho Woll, destacou que o momento \u00e9 simb\u00f3lico. \u201cEsse \u00e9 um marco para o munic\u00edpio. Trabalhar a obesidade de forma estruturada e dentro do protocolo estadual garante n\u00e3o apenas o acesso \u00e0 cirurgia, mas principalmente a constru\u00e7\u00e3o de uma rede de cuidado mais eficiente e resolutiva\u201d, afirmou.<\/p>\n\n\n\n<p>Presente no encontro, o vereador Marcelo Correa da Costa, o Peke Bocudo, que realizou a cirurgia bari\u00e1trica em 2017, compartilhou sua viv\u00eancia e destacou a relev\u00e2ncia do acompanhamento multidisciplinar. \u201cQuando eu fiz a cirurgia, pesava 146 quilos e perdi mais de 40. Mas aprendi que a bari\u00e1trica n\u00e3o \u00e9 s\u00f3 sobre o corpo, \u00e9 sobre a cabe\u00e7a. A luta contra a obesidade \u00e9 para a vida toda. Por isso, participar desses grupos faz toda a diferen\u00e7a: fortalece a mente, prepara para os desafios e ajuda a evitar reca\u00eddas. Tenho certeza que este processo vai mudar a vida de todos que est\u00e3o aqui, como mudou a minha\u201d, disse.<\/p>\n\n\n\n<p><strong>Equipe mobilizada<\/strong><\/p>\n\n\n\n<p>O in\u00edcio do grupo foi poss\u00edvel gra\u00e7as ao empenho conjunto de diversos profissionais. A nutricionista Rafaela Carvalho de Amorim, as psic\u00f3logas Cl\u00e1udia Michelon da Luz Wildner e J\u00e9ssica Teixeira, e o m\u00e9dico especialista Dr. Abdul Kadri atuaram diretamente no desenho e organiza\u00e7\u00e3o do projeto, com apoio do diretor cl\u00ednico da SEMSA, Dr. Jorge Pinho Woll, e da equipe do Departamento de Aten\u00e7\u00e3o \u00e0 Sa\u00fade (DAS).<\/p>\n\n\n\n<p>\u201cOs profissionais se dispuseram a dedicar parte de sua carga hor\u00e1ria para que esse processo pudesse acontecer. \u00c9 um esfor\u00e7o coletivo da SEMSA, com apoio da nossa secret\u00e1ria Patr\u00edcia Scacalossi, do Dr. Wilson Moraes, da Funda\u00e7\u00e3o de Assist\u00eancia \u00e0 Sa\u00fade de Paranagu\u00e1 (FASP), e tamb\u00e9m da primeira-dama Patr\u00edcia Banvakiades, que atendeu nossa solicita\u00e7\u00e3o de cadeiras refor\u00e7adas para o grupo\u201d, concluiu a Dra. Ol\u00edvia.<\/p>\n\n\n\n<p>Tamb\u00e9m acompanharam o encontro o diretor-geral da FASP, Dr. Wilson Moraes, o diretor do Complexo Nazir Chimura Borba, Jaime Ferreira dos Santos, e o diretor cl\u00ednico da SEMSA, Dr. Jorge Pinho Woll, al\u00e9m de outros profissionais envolvidos no processo.<\/p>\n\n\n\n<p>Prefeitura de Paranagu\u00e1<\/p>\n","protected":false},"excerpt":{"rendered":"<p>Na sexta-feira, dia 19, a Prefeitura de Paranagu\u00e1, por meio da Secretaria Municipal de Sa\u00fade (SEMSA), realizou o primeiro encontro do grupo \u201cMais Sa\u00fade, Mais Vida\u201d, voltado ao acompanhamento multidisciplinar de pacientes que buscam a cirurgia bari\u00e1trica pelo Sistema \u00danico de Sa\u00fade (SUS). O encontro marca a retomada de um fluxo que estava paralisado desde [&hellip;]<\/p>\n","protected":false},"author":2,"featured_media":72467,"comment_status":"open","ping_status":"open","sticky":false,"template":"","format":"standard","meta":{"advanced_seo_description":"","jetpack_seo_html_title":"","jetpack_seo_noindex":false,"_jetpack_memberships_contains_paid_content":false,"footnotes":""},"categories":[77],"tags":[],"class_list":{"0":"post-72466","1":"post","2":"type-post","3":"status-publish","4":"format-standard","5":"has-post-thumbnail","7":"category-paranagua"},"jetpack_featured_media_url":"https:\/\/www.paranapraia.com.br\/wp-content\/uploads\/2025\/09\/18896.jpg","jetpack_sharing_enabled":true,"_links":{"self":[{"href":"https:\/\/www.paranapraia.com.br\/index.php\/wp-json\/wp\/v2\/posts\/72466"}],"collection":[{"href":"https:\/\/www.paranapraia.com.br\/index.php\/wp-json\/wp\/v2\/posts"}],"about":[{"href":"https:\/\/www.paranapraia.com.br\/index.php\/wp-json\/wp\/v2\/types\/post"}],"author":[{"embeddable":true,"href":"https:\/\/www.paranapraia.com.br\/index.php\/wp-json\/wp\/v2\/users\/2"}],"replies":[{"embeddable":true,"href":"https:\/\/www.paranapraia.com.br\/index.php\/wp-json\/wp\/v2\/comments?post=72466"}],"version-history":[{"count":1,"href":"https:\/\/www.paranapraia.com.br\/index.php\/wp-json\/wp\/v2\/posts\/72466\/revisions"}],"predecessor-version":[{"id":72468,"href":"https:\/\/www.paranapraia.com.br\/index.php\/wp-json\/wp\/v2\/posts\/72466\/revisions\/72468"}],"wp:featuredmedia":[{"embeddable":true,"href":"https:\/\/www.paranapraia.com.br\/index.php\/wp-json\/wp\/v2\/media\/72467"}],"wp:attachment":[{"href":"https:\/\/www.paranapraia.com.br\/index.php\/wp-json\/wp\/v2\/media?parent=72466"}],"wp:term":[{"taxonomy":"category","embeddable":true,"href":"https:\/\/www.paranapraia.com.br\/index.php\/wp-json\/wp\/v2\/categories?post=72466"},{"taxonomy":"post_tag","embeddable":true,"href":"https:\/\/www.paranapraia.com.br\/index.php\/wp-json\/wp\/v2\/tags?post=72466"}],"curies":[{"name":"wp","href":"https:\/\/api.w.org\/{rel}","templated":true}]}}