{"id":72460,"date":"2025-09-22T09:26:41","date_gmt":"2025-09-22T12:26:41","guid":{"rendered":"https:\/\/www.paranapraia.com.br\/?p=72460"},"modified":"2025-09-22T09:26:43","modified_gmt":"2025-09-22T12:26:43","slug":"prefeitura-promove-acoes-educativas-na-semana-nacional-do-transito-em-paranagua","status":"publish","type":"post","link":"https:\/\/www.paranapraia.com.br\/index.php\/2025\/09\/22\/prefeitura-promove-acoes-educativas-na-semana-nacional-do-transito-em-paranagua\/","title":{"rendered":"Prefeitura promove a\u00e7\u00f5es educativas na Semana Nacional do Tr\u00e2nsito em Paranagu\u00e1"},"content":{"rendered":"\n<p>A Prefeitura de Paranagu\u00e1 iniciou nesta quinta-feira, dia 18, as atividades da Semana Nacional do Tr\u00e2nsito, que segue at\u00e9 25 de setembro com o tema \u201cDesacelere. Seu bem maior \u00e9 a vida\u201d.<\/p>\n\n\n\n<p>Nesta sexta-feira, dia 19, uma a\u00e7\u00e3o foi realizada na Pra\u00e7a Cyro Abal\u00e9m, na Ilha dos Valadares, reunindo moradores em atividades de conscientiza\u00e7\u00e3o sobre os riscos de infra\u00e7\u00f5es no tr\u00e2nsito. Entre os destaques esteve o uso dos \u00f3culos simuladores de embriaguez, que permitem ao participante vivenciar os efeitos da bebida alco\u00f3lica no corpo, como vis\u00e3o turva, confus\u00e3o mental e lentid\u00e3o de reflexos.<\/p>\n\n\n\n<p>De acordo com Cristiany Maia Paix\u00e3o, respons\u00e1vel pelo setor de Educa\u00e7\u00e3o para o Tr\u00e2nsito da Superintend\u00eancia de Tr\u00e2nsito (Sumtran), o objetivo das a\u00e7\u00f5es \u00e9 orientar motoristas, motociclistas, ciclistas e pedestres para que o tr\u00e2nsito se torne mais seguro e organizado.<\/p>\n\n\n\n<p>\u201cPequenas infra\u00e7\u00f5es, como atender o celular rapidinho, passar no sinal amarelo ou furar a placa de prefer\u00eancia, est\u00e3o entre as mais perigosas e s\u00e3o as que mais causam sinistros na cidade\u201d, ressaltou Cristiany.<\/p>\n\n\n\n<p>A programa\u00e7\u00e3o tamb\u00e9m contou com a parceria do Sest Senat, que ofereceu servi\u00e7os de sa\u00fade, lazer e orienta\u00e7\u00f5es de seguran\u00e7a.<\/p>\n\n\n\n<p>Segundo Manoela de Farias, compradora da institui\u00e7\u00e3o, a presen\u00e7a do Sest Senat busca somar com a\u00e7\u00f5es voltadas ao transporte e \u00e0 comunidade em geral.<\/p>\n\n\n\n<p>\u201cEstamos aqui para conscientizar sobre a import\u00e2ncia de dirigir com seguran\u00e7a, al\u00e9m de oferecer servi\u00e7os de sa\u00fade, odontologia, fisioterapia, psicologia e nutri\u00e7\u00e3o. A guarda vem para agregar, trazendo dicas pr\u00e1ticas para evitar acidentes\u201d, destacou.<\/p>\n\n\n\n<p><strong>Cronograma da Semana Nacional do Tr\u00e2nsito em Paranagu\u00e1<\/strong><\/p>\n\n\n\n<p>19\/09 \u2013 Blitz educativa em bares<\/p>\n\n\n\n<p>Av. Jos\u00e9 Lobo | 22h | A\u00e7\u00e3o da Pol\u00edcia Militar<\/p>\n\n\n\n<p>22\/09 \u2013 Campanha educativa com alunos do projeto \u201cTr\u00e2nsito na Escola\u201d<\/p>\n\n\n\n<p>Sem\u00e1foro do Hospital Regional | 9h<\/p>\n\n\n\n<p>23\/09 \u2013 Palestra sobre seguran\u00e7a no tr\u00e2nsito + teatro de fantoches<\/p>\n\n\n\n<p>Escola R.M. | &nbsp;14h<\/p>\n\n\n\n<p>24\/09 \u2013 Memorial \u00e0s v\u00edtimas de sinistros de tr\u00e2nsito<\/p>\n\n\n\n<p>Travessa Nove de Agosto (ao lado da Caixa Econ\u00f4mica Federal) | &nbsp;9h<\/p>\n\n\n\n<p>Participa\u00e7\u00e3o: Guarda Civil Municipal, Corpo de Bombeiros, SAMU, PM e Sest\/Senat<\/p>\n\n\n\n<p>25\/09 \u2013 Simulado de acidente de tr\u00e2nsito<\/p>\n\n\n\n<p>Rua Jo\u00e3o Eug\u00eanio x Maximiliano da Fonseca | &nbsp;13h<\/p>\n\n\n\n<p>Envolvendo Corpo de Bombeiros, Guarda Civil Municipal, SAMU e Pol\u00edcia Militar<\/p>\n\n\n\n<p>Prefeitura de Paranagu\u00e1<\/p>\n","protected":false},"excerpt":{"rendered":"<p>A Prefeitura de Paranagu\u00e1 iniciou nesta quinta-feira, dia 18, as atividades da Semana Nacional do Tr\u00e2nsito, que segue at\u00e9 25 de setembro com o tema \u201cDesacelere. Seu bem maior \u00e9 a vida\u201d. Nesta sexta-feira, dia 19, uma a\u00e7\u00e3o foi realizada na Pra\u00e7a Cyro Abal\u00e9m, na Ilha dos Valadares, reunindo moradores em atividades de conscientiza\u00e7\u00e3o sobre [&hellip;]<\/p>\n","protected":false},"author":2,"featured_media":72461,"comment_status":"open","ping_status":"open","sticky":false,"template":"","format":"standard","meta":{"advanced_seo_description":"","jetpack_seo_html_title":"","jetpack_seo_noindex":false,"_jetpack_memberships_contains_paid_content":false,"footnotes":""},"categories":[77],"tags":[],"class_list":{"0":"post-72460","1":"post","2":"type-post","3":"status-publish","4":"format-standard","5":"has-post-thumbnail","7":"category-paranagua"},"jetpack_featured_media_url":"https:\/\/www.paranapraia.com.br\/wp-content\/uploads\/2025\/09\/18877.jpg","jetpack_sharing_enabled":true,"_links":{"self":[{"href":"https:\/\/www.paranapraia.com.br\/index.php\/wp-json\/wp\/v2\/posts\/72460"}],"collection":[{"href":"https:\/\/www.paranapraia.com.br\/index.php\/wp-json\/wp\/v2\/posts"}],"about":[{"href":"https:\/\/www.paranapraia.com.br\/index.php\/wp-json\/wp\/v2\/types\/post"}],"author":[{"embeddable":true,"href":"https:\/\/www.paranapraia.com.br\/index.php\/wp-json\/wp\/v2\/users\/2"}],"replies":[{"embeddable":true,"href":"https:\/\/www.paranapraia.com.br\/index.php\/wp-json\/wp\/v2\/comments?post=72460"}],"version-history":[{"count":1,"href":"https:\/\/www.paranapraia.com.br\/index.php\/wp-json\/wp\/v2\/posts\/72460\/revisions"}],"predecessor-version":[{"id":72462,"href":"https:\/\/www.paranapraia.com.br\/index.php\/wp-json\/wp\/v2\/posts\/72460\/revisions\/72462"}],"wp:featuredmedia":[{"embeddable":true,"href":"https:\/\/www.paranapraia.com.br\/index.php\/wp-json\/wp\/v2\/media\/72461"}],"wp:attachment":[{"href":"https:\/\/www.paranapraia.com.br\/index.php\/wp-json\/wp\/v2\/media?parent=72460"}],"wp:term":[{"taxonomy":"category","embeddable":true,"href":"https:\/\/www.paranapraia.com.br\/index.php\/wp-json\/wp\/v2\/categories?post=72460"},{"taxonomy":"post_tag","embeddable":true,"href":"https:\/\/www.paranapraia.com.br\/index.php\/wp-json\/wp\/v2\/tags?post=72460"}],"curies":[{"name":"wp","href":"https:\/\/api.w.org\/{rel}","templated":true}]}}