{"id":72434,"date":"2025-09-22T09:12:21","date_gmt":"2025-09-22T12:12:21","guid":{"rendered":"https:\/\/www.paranapraia.com.br\/?p=72434"},"modified":"2025-09-22T09:12:23","modified_gmt":"2025-09-22T12:12:23","slug":"secretaria-da-saude-reforca-importancia-da-vacinacao-contra-meningococica","status":"publish","type":"post","link":"https:\/\/www.paranapraia.com.br\/index.php\/2025\/09\/22\/secretaria-da-saude-reforca-importancia-da-vacinacao-contra-meningococica\/","title":{"rendered":"Secretaria da Sa\u00fade refor\u00e7a import\u00e2ncia da vacina\u00e7\u00e3o contra meningoc\u00f3cica"},"content":{"rendered":"\n<p>Nesta semana, a Secretaria de Estado da Sa\u00fade emitiu um alerta sobre os casos de doen\u00e7a meningoc\u00f3cica registrados pela 9\u00aa Regional de Sa\u00fade de Foz do Igua\u00e7u, que no m\u00eas de agosto teve sete casos confirmados da Doen\u00e7a Meningoc\u00f3cica (DM), sem registro de \u00f3bitos.<\/p>\n\n\n\n<p>Em 2025, a n\u00edvel estadual, foram registrados 47 casos de doen\u00e7a meningoc\u00f3cica, com 12 \u00f3bitos. Na Regional de Foz do Igua\u00e7u, foram 9 casos confirmados, com 2 \u00f3bitos.<\/p>\n\n\n\n<p>\u201cA meningite \u00e9 uma doen\u00e7a que pode ser prevenida pela vacina\u00e7\u00e3o e com cuidados no dia a dia, como manter os ambientes ventilados e adotando medidas de higiene. Fazemos aqui o alerta desses casos e o refor\u00e7o para que a popula\u00e7\u00e3o mantenha a caderneta de vacina atualizada\u201d, disse o secret\u00e1rio de Sa\u00fade, Beto Preto.<\/p>\n\n\n\n<p>A Doen\u00e7a Meningoc\u00f3cica (DM) \u00e9 causada pela bact\u00e9ria&nbsp;<em>Neisseria meningitidis<\/em>. \u00c9 aguda e pode provocar quadros graves como meningite. As meningites bacterianas s\u00e3o transmitidas pelas vias respirat\u00f3rias por got\u00edculas, elevando o potencial de transmiss\u00e3o da doen\u00e7a que pode causar letalidade e graves sequelas, em especial nas crian\u00e7as.<\/p>\n\n\n\n<p><strong>SINTOMAS&nbsp;<\/strong>\u2013 As manifesta\u00e7\u00f5es da doen\u00e7a s\u00e3o febre alta, dores de cabe\u00e7a, rigidez da nuca, n\u00e1useas e v\u00f4mitos, podendo apresentar manchas avermelhadas na pele. Esse \u00faltimo sintoma ocorre, em sua maioria, entre 3 a 4 dias ap\u00f3s o cont\u00e1gio, podendo se manifestar entre 2 a 10 dias do per\u00edodo de incuba\u00e7\u00e3o.<\/p>\n\n\n\n<p>Em caso de algum sintoma, a Secretaria de Sa\u00fade recomenda que uma unidade de sa\u00fade seja procurada imediatamente.<\/p>\n\n\n\n<p><strong>VACINA\u00c7\u00c3O&nbsp;<\/strong>\u2013 Crian\u00e7as menores de cinco anos est\u00e3o na faixa et\u00e1ria de maior risco de adoecimento para DM, em especial as com menos de um ano. O Sistema \u00danico de Sa\u00fade (SUS) oferece a vacina meningoc\u00f3cica C (conjugada) para crian\u00e7as a partir de 3 meses at\u00e9 4 anos, 11 meses e 29 dias de idade, sendo idealmente aplicada entre os tr\u00eas e cinco meses de vida.<\/p>\n\n\n\n<p>A partir de julho de 2025, o refor\u00e7o aplicado aos 12 meses de idade passou a ser feito com a vacina meningoc\u00f3cica ACWY, que amplia a prote\u00e7\u00e3o tamb\u00e9m contra os sorogrupos A, W e Y, recomendada tamb\u00e9m para os adolescentes. No SUS ela \u00e9 aplicada para a faixa et\u00e1ria de 11 a 14 anos, como estrat\u00e9gia para diminuir a circula\u00e7\u00e3o da doen\u00e7a, pois os adolescentes e adultos jovens s\u00e3o os principais portadores assintom\u00e1ticos.<\/p>\n\n\n\n<p>Em 2024, a cobertura vacinal no estado foi de 91,89% na primeira dose (menores de 1 ano). J\u00e1 em 2025, at\u00e9 o momento, a cobertura est\u00e1 em 83,15%.<\/p>\n\n\n\n<p><strong>CUIDADOS&nbsp;<\/strong>\u2013 Al\u00e9m da vacina\u00e7\u00e3o, a Secretaria orienta para que a popula\u00e7\u00e3o adote medidas de preven\u00e7\u00e3o, como manter ambientes bem ventilados, higienizar frequentemente as m\u00e3os, evitar aglomera\u00e7\u00f5es em locais fechados e n\u00e3o compartilhar objetos de uso pessoal e etiqueta respirat\u00f3ria.<\/p>\n\n\n\n<p>Para os profissionais da sa\u00fade, a recomenda\u00e7\u00e3o \u00e9 redobrar a aten\u00e7\u00e3o para o diagn\u00f3stico precoce e ado\u00e7\u00e3o imediata de medidas de isolamento e tratamento, al\u00e9m da notifica\u00e7\u00e3o obrigat\u00f3ria de casos suspeitos ou confirmados em at\u00e9 24 horas. A Sesa tamb\u00e9m refor\u00e7a a necessidade de coleta de amostras cl\u00ednicas adequadas e a avalia\u00e7\u00e3o de contatos com casos suspeitos para poss\u00edvel quimioprofilaxia, evitando assim o aumento de casos da doen\u00e7a.<\/p>\n\n\n\n<p>AEN\/PR<\/p>\n","protected":false},"excerpt":{"rendered":"<p>Nesta semana, a Secretaria de Estado da Sa\u00fade emitiu um alerta sobre os casos de doen\u00e7a meningoc\u00f3cica registrados pela 9\u00aa Regional de Sa\u00fade de Foz do Igua\u00e7u, que no m\u00eas de agosto teve sete casos confirmados da Doen\u00e7a Meningoc\u00f3cica (DM), sem registro de \u00f3bitos. Em 2025, a n\u00edvel estadual, foram registrados 47 casos de doen\u00e7a [&hellip;]<\/p>\n","protected":false},"author":2,"featured_media":72437,"comment_status":"open","ping_status":"open","sticky":false,"template":"","format":"standard","meta":{"advanced_seo_description":"","jetpack_seo_html_title":"","jetpack_seo_noindex":false,"_jetpack_memberships_contains_paid_content":false,"footnotes":""},"categories":[50],"tags":[],"class_list":{"0":"post-72434","1":"post","2":"type-post","3":"status-publish","4":"format-standard","5":"has-post-thumbnail","7":"category-saude"},"jetpack_featured_media_url":"https:\/\/www.paranapraia.com.br\/wp-content\/uploads\/2025\/09\/acwy.jpg","jetpack_sharing_enabled":true,"_links":{"self":[{"href":"https:\/\/www.paranapraia.com.br\/index.php\/wp-json\/wp\/v2\/posts\/72434"}],"collection":[{"href":"https:\/\/www.paranapraia.com.br\/index.php\/wp-json\/wp\/v2\/posts"}],"about":[{"href":"https:\/\/www.paranapraia.com.br\/index.php\/wp-json\/wp\/v2\/types\/post"}],"author":[{"embeddable":true,"href":"https:\/\/www.paranapraia.com.br\/index.php\/wp-json\/wp\/v2\/users\/2"}],"replies":[{"embeddable":true,"href":"https:\/\/www.paranapraia.com.br\/index.php\/wp-json\/wp\/v2\/comments?post=72434"}],"version-history":[{"count":1,"href":"https:\/\/www.paranapraia.com.br\/index.php\/wp-json\/wp\/v2\/posts\/72434\/revisions"}],"predecessor-version":[{"id":72438,"href":"https:\/\/www.paranapraia.com.br\/index.php\/wp-json\/wp\/v2\/posts\/72434\/revisions\/72438"}],"wp:featuredmedia":[{"embeddable":true,"href":"https:\/\/www.paranapraia.com.br\/index.php\/wp-json\/wp\/v2\/media\/72437"}],"wp:attachment":[{"href":"https:\/\/www.paranapraia.com.br\/index.php\/wp-json\/wp\/v2\/media?parent=72434"}],"wp:term":[{"taxonomy":"category","embeddable":true,"href":"https:\/\/www.paranapraia.com.br\/index.php\/wp-json\/wp\/v2\/categories?post=72434"},{"taxonomy":"post_tag","embeddable":true,"href":"https:\/\/www.paranapraia.com.br\/index.php\/wp-json\/wp\/v2\/tags?post=72434"}],"curies":[{"name":"wp","href":"https:\/\/api.w.org\/{rel}","templated":true}]}}